{"id":6982,"date":"2022-04-02T19:11:34","date_gmt":"2022-04-02T17:11:34","guid":{"rendered":"https:\/\/www.milosnicylasu.olsztyn.pl\/?p=6982"},"modified":"2022-04-02T19:19:36","modified_gmt":"2022-04-02T17:19:36","slug":"bobry","status":"publish","type":"post","link":"https:\/\/www.milosnicylasu.olsztyn.pl\/?p=6982","title":{"rendered":"Bobry"},"content":{"rendered":"<p><a href=\"https:\/\/www.milosnicylasu.olsztyn.pl\/wp-content\/uploads\/2022\/04\/P4280553-www.jpg\" data-rel=\"lightbox-image-0\" data-magnific_type=\"image\" data-rl_title=\"\" data-rl_caption=\"\" title=\"\"><img loading=\"lazy\" decoding=\"async\" class=\"size-medium wp-image-6983 alignright\" src=\"https:\/\/www.milosnicylasu.olsztyn.pl\/wp-content\/uploads\/2022\/04\/P4280553-www-300x169.jpg\" alt=\"\" width=\"300\" height=\"169\" srcset=\"https:\/\/www.milosnicylasu.olsztyn.pl\/wp-content\/uploads\/2022\/04\/P4280553-www-300x169.jpg 300w, https:\/\/www.milosnicylasu.olsztyn.pl\/wp-content\/uploads\/2022\/04\/P4280553-www-768x432.jpg 768w, https:\/\/www.milosnicylasu.olsztyn.pl\/wp-content\/uploads\/2022\/04\/P4280553-www-730x410.jpg 730w, https:\/\/www.milosnicylasu.olsztyn.pl\/wp-content\/uploads\/2022\/04\/P4280553-www.jpg 1024w\" sizes=\"auto, (max-width: 300px) 100vw, 300px\" \/><\/a><\/p>\n<p><a href=\"https:\/\/www.milosnicylasu.olsztyn.pl\/wp-content\/uploads\/2022\/04\/P4020006-www.jpg\" data-rel=\"lightbox-image-1\" data-magnific_type=\"image\" data-rl_title=\"\" data-rl_caption=\"\" title=\"\"><img loading=\"lazy\" decoding=\"async\" class=\"size-medium wp-image-6985 alignleft\" src=\"https:\/\/www.milosnicylasu.olsztyn.pl\/wp-content\/uploads\/2022\/04\/P4020006-www-300x225.jpg\" alt=\"\" width=\"300\" height=\"225\" srcset=\"https:\/\/www.milosnicylasu.olsztyn.pl\/wp-content\/uploads\/2022\/04\/P4020006-www-300x225.jpg 300w, https:\/\/www.milosnicylasu.olsztyn.pl\/wp-content\/uploads\/2022\/04\/P4020006-www-768x576.jpg 768w, https:\/\/www.milosnicylasu.olsztyn.pl\/wp-content\/uploads\/2022\/04\/P4020006-www.jpg 1024w\" sizes=\"auto, (max-width: 300px) 100vw, 300px\" \/><\/a><\/p>\n<p><strong>B\u00f3br europejski osi\u0105ga d\u0142ugo\u015b\u0107 cia\u0142a od 1,1 do 1,3 m , w tym ogon ok. 30 cm Masa cia\u0142a waha si\u0119 od 18 do nawet 40 kg . Prowadzi g\u0142\u00f3wnie nocny tryb \u017cycia, ale mo\u017cna go spotka\u0107 tak\u017ce w dzie\u0144.<\/strong><\/p>\n<p><strong>Mo\u017cna ale bardzo\u00a0 rzadko.\u00a0 W rzece Wad\u0105g\u00a0 widzieli\u015bmy go tylko raz.\u00a0 Oczywi\u015bcie widoczne s\u0105 ich wystaj\u0105ce nad rozlewiskiem \u017ceremie nazywane r\u00f3wnie\u017c gonami (do kt\u00f3rych wej\u015bcie znajduje si\u0119 pod wod\u0105), tj. domkach zbudowanych z ga\u0142\u0119zi ob\u0142o\u017conych mu\u0142em. Wysoko\u015b\u0107 domku mo\u017ce osi\u0105gn\u0105\u0107 3 m , a obw\u00f3d 20 m.<\/strong><\/p>\n<p><strong>W \u015brodowisku naturalnym b\u00f3br \u017cyje przeci\u0119tnie 10 \u2013 15 lat, natomiast w niewoli z powodzeniem do\u017cywa s\u0119dziwego wieku 50 lat. Zwierz\u0119ta te \u017cyj\u0105 w monogamii, tworz\u0105c sta\u0142e rodziny. Ruja trwa od stycznia do marca. W maju\/czerwcu samica rodzi od 2 do 4 m\u0142odych.<\/strong><\/p>\n<p><strong><a href=\"https:\/\/www.milosnicylasu.olsztyn.pl\/wp-content\/uploads\/2022\/04\/P4280530-www.jpg\" data-rel=\"lightbox-image-2\" data-magnific_type=\"image\" data-rl_title=\"\" data-rl_caption=\"\" title=\"\"><img loading=\"lazy\" decoding=\"async\" class=\"size-medium wp-image-6984 alignright\" src=\"https:\/\/www.milosnicylasu.olsztyn.pl\/wp-content\/uploads\/2022\/04\/P4280530-www-300x169.jpg\" alt=\"\" width=\"300\" height=\"169\" srcset=\"https:\/\/www.milosnicylasu.olsztyn.pl\/wp-content\/uploads\/2022\/04\/P4280530-www-300x169.jpg 300w, https:\/\/www.milosnicylasu.olsztyn.pl\/wp-content\/uploads\/2022\/04\/P4280530-www-768x432.jpg 768w, https:\/\/www.milosnicylasu.olsztyn.pl\/wp-content\/uploads\/2022\/04\/P4280530-www-730x410.jpg 730w, https:\/\/www.milosnicylasu.olsztyn.pl\/wp-content\/uploads\/2022\/04\/P4280530-www.jpg 1024w\" sizes=\"auto, (max-width: 300px) 100vw, 300px\" \/><\/a><\/strong><strong>\u00a0<\/strong><strong>B\u00f3br nale\u017cy do nielicznej grupy gatunk\u00f3w rodzimej fauny, kt\u00f3re doskonale poradzi\u0142y sobie z wszelkimi zmianami w \u015brodowisku przyrodniczym dokonywanymi przez cz\u0142owieka. Liczebno\u015b\u0107 bobra na naszych ziemiach wzrasta w ostatnich latach w imponuj\u0105cy spos\u00f3b, do tego stopnia, \u017ce w wielu regionach kraju powsta\u0142 problem szk\u00f3d wyrz\u0105dzanych przez te pracowite zwierz\u0119ta (zalewanie p\u00f3l uprawnych, przekopywanie wa\u0142\u00f3w przeciwpowodziowych, grobli, staw\u00f3w hodowlanych itp.).<\/strong><\/p>\n<p>&nbsp;<\/p>\n<p><strong>Najnowsze dane archeologiczne Europy odnosz\u0105ce si\u0119 do prastarej epoki kamiennej m\u00f3wi\u0105, \u017ce bobry stanowi\u0142y sta\u0142y sk\u0142adnik fauny ju\u017c w tamtym odleg\u0142ym okresie czasu na naszym kontynencie. Sytuacja ta zmieni\u0142a si\u0119 radykalnie dopiero w XIX wieku, kiedy zwierz\u0119ta te zosta\u0142y niemal doszcz\u0119tnie wyt\u0119pione w miejscach swojego pierwotnego wyst\u0119powania na ziemiach polskich. Jeszcze w pierwszej po\u0142owie XVIII wieku w Prusach Wschodnich nale\u017ca\u0142y do zwierzyny pospolitej. Podczas wizyty kr\u00f3la Stanis\u0142awa Leszczy\u0144skiego w 1734 roku w Kr\u00f3lewcu by\u0142y przedmiotem handlu. Polowania na bobry zosta\u0142y zliberalizowane w XIV wieku od momentu, kiedy nie by\u0142y ju\u017c potrzebne specjalne zezwolenia kr\u00f3lewskie przyzwalaj\u0105ce na ten proceder. G\u0142\u00f3wnym powodem polowa\u0144 na bobry by\u0142o nadzwyczaj cenne futro, kt\u00f3re zdobi\u0142o nie tylko arystokrat\u00f3w, ale r\u00f3wnie\u017c bogat\u0105 bur\u017cuazj\u0119 i kupc\u00f3w, g\u0142\u00f3wnie w postaci ko\u0142nierzy i czap, oraz z uwagi na mi\u0119so. Ponadto \u00f3wczesne prawo ko\u015bcielne zezwala\u0142o na spo\u017cywanie w okresie \u015bcis\u0142ego postu potraw przyrz\u0105dzanych z ogona bobra, poniewa\u017c ten by\u0142 pokryty \u0142usk\u0105 i dzi\u0119ki temu by\u0142 traktowany na r\u00f3wni z rybami. W p\u00f3\u017aniejszych latach do zag\u0142ady bobra przyczyni\u0142o si\u0119 tak\u017ce masowe osuszanie i zagospodarowywanie bagien i mokrade\u0142.<\/strong><\/p>\n","protected":false},"excerpt":{"rendered":"<p>B\u00f3br europejski osi\u0105ga d\u0142ugo\u015b\u0107 cia\u0142a od 1,1 do 1,3 m , w tym ogon ok. 30 cm Masa cia\u0142a waha si\u0119 od 18 do nawet 40 kg . Prowadzi g\u0142\u00f3wnie nocny tryb \u017cycia, ale mo\u017cna go spotka\u0107 tak\u017ce w dzie\u0144. Mo\u017cna ale bardzo\u00a0 rzadko.\u00a0 W rzece Wad\u0105g\u00a0 widzieli\u015bmy go tylko raz.\u00a0 Oczywi\u015bcie widoczne s\u0105 ich [&hellip;]<\/p>\n","protected":false},"author":2,"featured_media":0,"comment_status":"open","ping_status":"open","sticky":false,"template":"","format":"standard","meta":{"footnotes":""},"categories":[1],"tags":[],"class_list":["post-6982","post","type-post","status-publish","format-standard","hentry","category-bez-kategorii"],"_links":{"self":[{"href":"https:\/\/www.milosnicylasu.olsztyn.pl\/index.php?rest_route=\/wp\/v2\/posts\/6982","targetHints":{"allow":["GET"]}}],"collection":[{"href":"https:\/\/www.milosnicylasu.olsztyn.pl\/index.php?rest_route=\/wp\/v2\/posts"}],"about":[{"href":"https:\/\/www.milosnicylasu.olsztyn.pl\/index.php?rest_route=\/wp\/v2\/types\/post"}],"author":[{"embeddable":true,"href":"https:\/\/www.milosnicylasu.olsztyn.pl\/index.php?rest_route=\/wp\/v2\/users\/2"}],"replies":[{"embeddable":true,"href":"https:\/\/www.milosnicylasu.olsztyn.pl\/index.php?rest_route=%2Fwp%2Fv2%2Fcomments&post=6982"}],"version-history":[{"count":5,"href":"https:\/\/www.milosnicylasu.olsztyn.pl\/index.php?rest_route=\/wp\/v2\/posts\/6982\/revisions"}],"predecessor-version":[{"id":6990,"href":"https:\/\/www.milosnicylasu.olsztyn.pl\/index.php?rest_route=\/wp\/v2\/posts\/6982\/revisions\/6990"}],"wp:attachment":[{"href":"https:\/\/www.milosnicylasu.olsztyn.pl\/index.php?rest_route=%2Fwp%2Fv2%2Fmedia&parent=6982"}],"wp:term":[{"taxonomy":"category","embeddable":true,"href":"https:\/\/www.milosnicylasu.olsztyn.pl\/index.php?rest_route=%2Fwp%2Fv2%2Fcategories&post=6982"},{"taxonomy":"post_tag","embeddable":true,"href":"https:\/\/www.milosnicylasu.olsztyn.pl\/index.php?rest_route=%2Fwp%2Fv2%2Ftags&post=6982"}],"curies":[{"name":"wp","href":"https:\/\/api.w.org\/{rel}","templated":true}]}}