{"id":6993,"date":"2022-04-04T19:22:08","date_gmt":"2022-04-04T17:22:08","guid":{"rendered":"https:\/\/www.milosnicylasu.olsztyn.pl\/?p=6993"},"modified":"2022-04-04T19:22:08","modified_gmt":"2022-04-04T17:22:08","slug":"zyczenia-5","status":"publish","type":"post","link":"https:\/\/www.milosnicylasu.olsztyn.pl\/?p=6993","title":{"rendered":"\u017byczenia"},"content":{"rendered":"<p><strong><a href=\"https:\/\/www.milosnicylasu.olsztyn.pl\/wp-content\/uploads\/2022\/04\/20220402_185506-www.jpg\" data-rel=\"lightbox-image-0\" data-magnific_type=\"image\" data-rl_title=\"\" data-rl_caption=\"\" title=\"\"><img loading=\"lazy\" decoding=\"async\" class=\"size-medium wp-image-6995 alignleft\" src=\"https:\/\/www.milosnicylasu.olsztyn.pl\/wp-content\/uploads\/2022\/04\/20220402_185506-www-300x225.jpg\" alt=\"\" width=\"300\" height=\"225\" srcset=\"https:\/\/www.milosnicylasu.olsztyn.pl\/wp-content\/uploads\/2022\/04\/20220402_185506-www-300x225.jpg 300w, https:\/\/www.milosnicylasu.olsztyn.pl\/wp-content\/uploads\/2022\/04\/20220402_185506-www-768x576.jpg 768w, https:\/\/www.milosnicylasu.olsztyn.pl\/wp-content\/uploads\/2022\/04\/20220402_185506-www.jpg 1024w\" sizes=\"auto, (max-width: 300px) 100vw, 300px\" \/><\/a>Niech nadchodz\u0105ce \u015awi\u0119ta Wielkiej Nocy przynios\u0105 wszystkim same radosne i szcz\u0119\u015bliwe dni.<\/strong><\/p>\n<p><strong>Niech ten czas b\u0119dzie okresem spe\u0142nionych marze\u0144, wzajemnej \u017cyczliwo\u015bci, okazj\u0105 do sp\u0119dzenia wspania\u0142ych chwil\u00a0 w gronie najbli\u017cszych.<\/strong><\/p>\n<p><strong>Weso\u0142ych \u015awi\u0105t Wielkanocnych, pe\u0142nych nadziei i mi\u0142o\u015bci, Cz\u0142onkom i Sympatykom Ko\u0142a <\/strong><\/p>\n<p><strong>\u00a0w imieniu Zarz\u0105du Ko\u0142a Mi\u0142o\u015bnik\u00f3w Lasu i\u00a0 Militari\u00f3w LOK przy ATW w Olsztynie \u017cyczy prezes Ko\u0142a Anatol Leszczy\u0144ski<a href=\"https:\/\/www.milosnicylasu.olsztyn.pl\/wp-content\/uploads\/2022\/04\/20220402_164026-www.jpg\" data-rel=\"lightbox-image-1\" data-magnific_type=\"image\" data-rl_title=\"\" data-rl_caption=\"\" title=\"\"><img loading=\"lazy\" decoding=\"async\" class=\"size-medium wp-image-6996 alignright\" src=\"https:\/\/www.milosnicylasu.olsztyn.pl\/wp-content\/uploads\/2022\/04\/20220402_164026-www-300x225.jpg\" alt=\"\" width=\"300\" height=\"225\" srcset=\"https:\/\/www.milosnicylasu.olsztyn.pl\/wp-content\/uploads\/2022\/04\/20220402_164026-www-300x225.jpg 300w, https:\/\/www.milosnicylasu.olsztyn.pl\/wp-content\/uploads\/2022\/04\/20220402_164026-www-1024x768.jpg 1024w, https:\/\/www.milosnicylasu.olsztyn.pl\/wp-content\/uploads\/2022\/04\/20220402_164026-www-768x576.jpg 768w, https:\/\/www.milosnicylasu.olsztyn.pl\/wp-content\/uploads\/2022\/04\/20220402_164026-www-1536x1152.jpg 1536w, https:\/\/www.milosnicylasu.olsztyn.pl\/wp-content\/uploads\/2022\/04\/20220402_164026-www.jpg 1600w\" sizes=\"auto, (max-width: 300px) 100vw, 300px\" \/><\/a><\/strong><\/p>\n<p>&nbsp;<\/p>\n<p>&nbsp;<\/p>\n<p><strong>Ilustracj\u0105 do \u017cycze\u0144 s\u0105 zdj\u0119cia naszego kolegi, niestrudzonego w \u015bledzeniu wiosny Adam Siemakowicza<\/strong><\/p>\n","protected":false},"excerpt":{"rendered":"<p>Niech nadchodz\u0105ce \u015awi\u0119ta Wielkiej Nocy przynios\u0105 wszystkim same radosne i szcz\u0119\u015bliwe dni. Niech ten czas b\u0119dzie okresem spe\u0142nionych marze\u0144, wzajemnej \u017cyczliwo\u015bci, okazj\u0105 do sp\u0119dzenia wspania\u0142ych chwil\u00a0 w gronie najbli\u017cszych. Weso\u0142ych \u015awi\u0105t Wielkanocnych, pe\u0142nych nadziei i mi\u0142o\u015bci, Cz\u0142onkom i Sympatykom Ko\u0142a \u00a0w imieniu Zarz\u0105du Ko\u0142a Mi\u0142o\u015bnik\u00f3w Lasu i\u00a0 Militari\u00f3w LOK przy ATW w Olsztynie \u017cyczy prezes [&hellip;]<\/p>\n","protected":false},"author":2,"featured_media":0,"comment_status":"open","ping_status":"open","sticky":false,"template":"","format":"standard","meta":{"footnotes":""},"categories":[1,9,17],"tags":[],"class_list":["post-6993","post","type-post","status-publish","format-standard","hentry","category-bez-kategorii","category-ciekawostki","category-edukacja-w-terenie"],"_links":{"self":[{"href":"https:\/\/www.milosnicylasu.olsztyn.pl\/index.php?rest_route=\/wp\/v2\/posts\/6993","targetHints":{"allow":["GET"]}}],"collection":[{"href":"https:\/\/www.milosnicylasu.olsztyn.pl\/index.php?rest_route=\/wp\/v2\/posts"}],"about":[{"href":"https:\/\/www.milosnicylasu.olsztyn.pl\/index.php?rest_route=\/wp\/v2\/types\/post"}],"author":[{"embeddable":true,"href":"https:\/\/www.milosnicylasu.olsztyn.pl\/index.php?rest_route=\/wp\/v2\/users\/2"}],"replies":[{"embeddable":true,"href":"https:\/\/www.milosnicylasu.olsztyn.pl\/index.php?rest_route=%2Fwp%2Fv2%2Fcomments&post=6993"}],"version-history":[{"count":3,"href":"https:\/\/www.milosnicylasu.olsztyn.pl\/index.php?rest_route=\/wp\/v2\/posts\/6993\/revisions"}],"predecessor-version":[{"id":6998,"href":"https:\/\/www.milosnicylasu.olsztyn.pl\/index.php?rest_route=\/wp\/v2\/posts\/6993\/revisions\/6998"}],"wp:attachment":[{"href":"https:\/\/www.milosnicylasu.olsztyn.pl\/index.php?rest_route=%2Fwp%2Fv2%2Fmedia&parent=6993"}],"wp:term":[{"taxonomy":"category","embeddable":true,"href":"https:\/\/www.milosnicylasu.olsztyn.pl\/index.php?rest_route=%2Fwp%2Fv2%2Fcategories&post=6993"},{"taxonomy":"post_tag","embeddable":true,"href":"https:\/\/www.milosnicylasu.olsztyn.pl\/index.php?rest_route=%2Fwp%2Fv2%2Ftags&post=6993"}],"curies":[{"name":"wp","href":"https:\/\/api.w.org\/{rel}","templated":true}]}}