{"id":7002,"date":"2022-04-08T08:14:19","date_gmt":"2022-04-08T06:14:19","guid":{"rendered":"https:\/\/www.milosnicylasu.olsztyn.pl\/?p=7002"},"modified":"2022-04-08T08:17:20","modified_gmt":"2022-04-08T06:17:20","slug":"bajeczna-wystawa-w-rdlp-w-olsztynie","status":"publish","type":"post","link":"https:\/\/www.milosnicylasu.olsztyn.pl\/?p=7002","title":{"rendered":"Bajeczna wystawa w RDLP w Olsztynie"},"content":{"rendered":"<p><a href=\"https:\/\/www.milosnicylasu.olsztyn.pl\/wp-content\/uploads\/2022\/04\/DSCN8941-www.jpg\" data-rel=\"lightbox-image-0\" data-magnific_type=\"image\" data-rl_title=\"\" data-rl_caption=\"\" title=\"\"><img loading=\"lazy\" decoding=\"async\" class=\"size-medium wp-image-7003 alignleft\" src=\"https:\/\/www.milosnicylasu.olsztyn.pl\/wp-content\/uploads\/2022\/04\/DSCN8941-www-300x225.jpg\" alt=\"\" width=\"300\" height=\"225\" srcset=\"https:\/\/www.milosnicylasu.olsztyn.pl\/wp-content\/uploads\/2022\/04\/DSCN8941-www-300x225.jpg 300w, https:\/\/www.milosnicylasu.olsztyn.pl\/wp-content\/uploads\/2022\/04\/DSCN8941-www-768x576.jpg 768w, https:\/\/www.milosnicylasu.olsztyn.pl\/wp-content\/uploads\/2022\/04\/DSCN8941-www.jpg 1024w\" sizes=\"auto, (max-width: 300px) 100vw, 300px\" \/><\/a><strong>Obieca\u0142am, \u017ce b\u0119dzie kolorowo na wystawie przed\u015bwi\u0105tecznej 7 kwietnia 2022 roku w RDLP w Olsztynie i by\u0142o bardzo barwnie i bajkowo. <a href=\"https:\/\/www.milosnicylasu.olsztyn.pl\/wp-content\/uploads\/2022\/04\/DSCN8946-www.jpg\" data-rel=\"lightbox-image-1\" data-magnific_type=\"image\" data-rl_title=\"\" data-rl_caption=\"\" title=\"\"><img loading=\"lazy\" decoding=\"async\" class=\"size-medium wp-image-7004 alignright\" src=\"https:\/\/www.milosnicylasu.olsztyn.pl\/wp-content\/uploads\/2022\/04\/DSCN8946-www-300x225.jpg\" alt=\"\" width=\"300\" height=\"225\" srcset=\"https:\/\/www.milosnicylasu.olsztyn.pl\/wp-content\/uploads\/2022\/04\/DSCN8946-www-300x225.jpg 300w, https:\/\/www.milosnicylasu.olsztyn.pl\/wp-content\/uploads\/2022\/04\/DSCN8946-www-768x576.jpg 768w, https:\/\/www.milosnicylasu.olsztyn.pl\/wp-content\/uploads\/2022\/04\/DSCN8946-www.jpg 1024w\" sizes=\"auto, (max-width: 300px) 100vw, 300px\" \/><\/a><\/strong><\/p>\n<p>&nbsp;<\/p>\n<p>&nbsp;<\/p>\n<p><strong>Opr\u00f3cz\u00a0 tradycyjnie wielkanocnych jajek, by\u0142y zaj\u0105czki, baranki, kurczaczki i mn\u00f3stwo innych uroczych zwierz\u0105tek, kt\u00f3re przygotowa\u0142a Bo\u017cenka B\u0142aszczuk. Wiesia Filipek wystawi\u0142a pi\u0119kne sowy. Mo\u017cna te\u017c by\u0142o podziwia\u0107 bi\u017cuteri\u0119 wykonan\u0105 przez Bo\u017cenk\u0119, C\u00f3\u017c trudno wymieni\u0107 wszystkie okazy prezentowane na wystawie. Poogl\u0105dajcie zdj\u0119cia&#8230;&#8230; na prawd\u0119 wiele si\u0119 dzia\u0142o. Opr\u00f3cz Wiesi i Bo\u017cenki wystaw\u0119 zorganizowa\u0142y Jasia Kluczek i Krysia Leszczy\u0144ska. Dzi\u0119kujemy!<\/strong><\/p>\n<p><a href=\"https:\/\/www.milosnicylasu.olsztyn.pl\/wp-content\/uploads\/2022\/04\/DSCN8951-www.jpg\" data-rel=\"lightbox-image-2\" data-magnific_type=\"image\" data-rl_title=\"\" data-rl_caption=\"\" title=\"\"><img loading=\"lazy\" decoding=\"async\" class=\"size-medium wp-image-7005 aligncenter\" src=\"https:\/\/www.milosnicylasu.olsztyn.pl\/wp-content\/uploads\/2022\/04\/DSCN8951-www-300x225.jpg\" alt=\"\" width=\"300\" height=\"225\" srcset=\"https:\/\/www.milosnicylasu.olsztyn.pl\/wp-content\/uploads\/2022\/04\/DSCN8951-www-300x225.jpg 300w, https:\/\/www.milosnicylasu.olsztyn.pl\/wp-content\/uploads\/2022\/04\/DSCN8951-www-768x576.jpg 768w, https:\/\/www.milosnicylasu.olsztyn.pl\/wp-content\/uploads\/2022\/04\/DSCN8951-www.jpg 1024w\" sizes=\"auto, (max-width: 300px) 100vw, 300px\" \/><\/a><\/p>\n","protected":false},"excerpt":{"rendered":"<p>Obieca\u0142am, \u017ce b\u0119dzie kolorowo na wystawie przed\u015bwi\u0105tecznej 7 kwietnia 2022 roku w RDLP w Olsztynie i by\u0142o bardzo barwnie i bajkowo. &nbsp; &nbsp; Opr\u00f3cz\u00a0 tradycyjnie wielkanocnych jajek, by\u0142y zaj\u0105czki, baranki, kurczaczki i mn\u00f3stwo innych uroczych zwierz\u0105tek, kt\u00f3re przygotowa\u0142a Bo\u017cenka B\u0142aszczuk. Wiesia Filipek wystawi\u0142a pi\u0119kne sowy. Mo\u017cna te\u017c by\u0142o podziwia\u0107 bi\u017cuteri\u0119 wykonan\u0105 przez Bo\u017cenk\u0119, C\u00f3\u017c trudno [&hellip;]<\/p>\n","protected":false},"author":2,"featured_media":0,"comment_status":"open","ping_status":"open","sticky":false,"template":"","format":"standard","meta":{"footnotes":""},"categories":[1],"tags":[],"class_list":["post-7002","post","type-post","status-publish","format-standard","hentry","category-bez-kategorii"],"_links":{"self":[{"href":"https:\/\/www.milosnicylasu.olsztyn.pl\/index.php?rest_route=\/wp\/v2\/posts\/7002","targetHints":{"allow":["GET"]}}],"collection":[{"href":"https:\/\/www.milosnicylasu.olsztyn.pl\/index.php?rest_route=\/wp\/v2\/posts"}],"about":[{"href":"https:\/\/www.milosnicylasu.olsztyn.pl\/index.php?rest_route=\/wp\/v2\/types\/post"}],"author":[{"embeddable":true,"href":"https:\/\/www.milosnicylasu.olsztyn.pl\/index.php?rest_route=\/wp\/v2\/users\/2"}],"replies":[{"embeddable":true,"href":"https:\/\/www.milosnicylasu.olsztyn.pl\/index.php?rest_route=%2Fwp%2Fv2%2Fcomments&post=7002"}],"version-history":[{"count":3,"href":"https:\/\/www.milosnicylasu.olsztyn.pl\/index.php?rest_route=\/wp\/v2\/posts\/7002\/revisions"}],"predecessor-version":[{"id":7008,"href":"https:\/\/www.milosnicylasu.olsztyn.pl\/index.php?rest_route=\/wp\/v2\/posts\/7002\/revisions\/7008"}],"wp:attachment":[{"href":"https:\/\/www.milosnicylasu.olsztyn.pl\/index.php?rest_route=%2Fwp%2Fv2%2Fmedia&parent=7002"}],"wp:term":[{"taxonomy":"category","embeddable":true,"href":"https:\/\/www.milosnicylasu.olsztyn.pl\/index.php?rest_route=%2Fwp%2Fv2%2Fcategories&post=7002"},{"taxonomy":"post_tag","embeddable":true,"href":"https:\/\/www.milosnicylasu.olsztyn.pl\/index.php?rest_route=%2Fwp%2Fv2%2Ftags&post=7002"}],"curies":[{"name":"wp","href":"https:\/\/api.w.org\/{rel}","templated":true}]}}