{"id":7010,"date":"2022-04-11T06:04:31","date_gmt":"2022-04-11T04:04:31","guid":{"rendered":"https:\/\/www.milosnicylasu.olsztyn.pl\/?p=7010"},"modified":"2022-04-11T08:15:03","modified_gmt":"2022-04-11T06:15:03","slug":"i-zaczelo-sie","status":"publish","type":"post","link":"https:\/\/www.milosnicylasu.olsztyn.pl\/?p=7010","title":{"rendered":"I zacz\u0119\u0142o si\u0119&#8230;&#8230;.."},"content":{"rendered":"<p><a href=\"https:\/\/www.milosnicylasu.olsztyn.pl\/wp-content\/uploads\/2022\/04\/DSCN8961-www.jpg\" data-rel=\"lightbox-image-0\" data-magnific_type=\"image\" data-rl_title=\"\" data-rl_caption=\"\" title=\"\"><img loading=\"lazy\" decoding=\"async\" class=\"size-medium wp-image-7011 alignleft\" src=\"https:\/\/www.milosnicylasu.olsztyn.pl\/wp-content\/uploads\/2022\/04\/DSCN8961-www-300x225.jpg\" alt=\"\" width=\"300\" height=\"225\" srcset=\"https:\/\/www.milosnicylasu.olsztyn.pl\/wp-content\/uploads\/2022\/04\/DSCN8961-www-300x225.jpg 300w, https:\/\/www.milosnicylasu.olsztyn.pl\/wp-content\/uploads\/2022\/04\/DSCN8961-www-768x576.jpg 768w, https:\/\/www.milosnicylasu.olsztyn.pl\/wp-content\/uploads\/2022\/04\/DSCN8961-www.jpg 1024w\" sizes=\"auto, (max-width: 300px) 100vw, 300px\" \/><\/a>P<strong>isa\u0142am ju\u017c o \u015bwi\u0105tecznej wystawie, ale tego dnia tj. 7 kwietnia, po d\u0142ugiej przerwie zacz\u0119li\u015bmy si\u0119 uczy\u0107. Na pocz\u0105tek Adam Siemakowicz\u00a0 przypomnia\u0142 nam wa\u017cne zagadnienia z zakresu bezpiecze\u0144stwa przeciwpo\u017carowego. Om\u00f3wi\u0142 m.in. :<\/strong><\/p>\n<ol>\n<li><strong>Instrukcj\u0119 Bezpiecze\u0144stwa Po\u017carowego na przyk\u0142adzie Regionalnej Dyrekcji Las\u00f3w Pa\u0144stwowych w Olsztynie,<\/strong><\/li>\n<li><strong>Znaki ewakuacyjne i alarmowanie;<\/strong><\/li>\n<li><strong>Podstawowe urz\u0105dzenia przeciwpo\u017carowe i ich obs\u0142uga<\/strong><\/li>\n<li><strong>Tablice informacyjne BHP oraz sankcje prawne za ich nieprawid\u0142owe stosowanie, niszczenie.<a href=\"https:\/\/www.milosnicylasu.olsztyn.pl\/wp-content\/uploads\/2022\/04\/DSCN8964-www.jpg\" data-rel=\"lightbox-image-1\" data-magnific_type=\"image\" data-rl_title=\"\" data-rl_caption=\"\" title=\"\"><img loading=\"lazy\" decoding=\"async\" class=\"size-medium wp-image-7012 alignright\" src=\"https:\/\/www.milosnicylasu.olsztyn.pl\/wp-content\/uploads\/2022\/04\/DSCN8964-www-300x225.jpg\" alt=\"\" width=\"300\" height=\"225\" srcset=\"https:\/\/www.milosnicylasu.olsztyn.pl\/wp-content\/uploads\/2022\/04\/DSCN8964-www-300x225.jpg 300w, https:\/\/www.milosnicylasu.olsztyn.pl\/wp-content\/uploads\/2022\/04\/DSCN8964-www-768x576.jpg 768w, https:\/\/www.milosnicylasu.olsztyn.pl\/wp-content\/uploads\/2022\/04\/DSCN8964-www.jpg 1024w\" sizes=\"auto, (max-width: 300px) 100vw, 300px\" \/><\/a><\/strong><\/li>\n<\/ol>\n<p><strong>A w cz\u0119\u015bci organizacyjnej prezes Ko\u0142a Anatol Leszczy\u0144ski przedstawi\u0142 realizacj\u0119 zada\u0144 Ko\u0142a w okresie\u00a0 pandemii oraz zamierzenia w niedalekiej\u00a0 przysz\u0142o\u015bci. Zapraszamy na sobotnie spacery oraz na wycieczk\u0119, kt\u00f3ra odb\u0119dzie si\u0119 22 kwietnia 2022 roku. Pojedziemy poci\u0105giem do Pisza &#8211; miasta , w kt\u00f3rym jeszcze nie byli\u015bmy. A b\u0119dzie ciekawie ! Op\u0142ata 100,0 z\u0142, w tym przejazd PKP, op\u0142ata miejsc zwiedzanych, koszt przewodnik\u00f3w.<\/strong><\/p>\n<p><strong><a href=\"https:\/\/www.milosnicylasu.olsztyn.pl\/wp-content\/uploads\/2022\/04\/DSCN8966-www.jpg\" data-rel=\"lightbox-image-2\" data-magnific_type=\"image\" data-rl_title=\"\" data-rl_caption=\"\" title=\"\"><img loading=\"lazy\" decoding=\"async\" class=\"size-medium wp-image-7013 alignleft\" src=\"https:\/\/www.milosnicylasu.olsztyn.pl\/wp-content\/uploads\/2022\/04\/DSCN8966-www-300x225.jpg\" alt=\"\" width=\"300\" height=\"225\" srcset=\"https:\/\/www.milosnicylasu.olsztyn.pl\/wp-content\/uploads\/2022\/04\/DSCN8966-www-300x225.jpg 300w, https:\/\/www.milosnicylasu.olsztyn.pl\/wp-content\/uploads\/2022\/04\/DSCN8966-www-768x576.jpg 768w, https:\/\/www.milosnicylasu.olsztyn.pl\/wp-content\/uploads\/2022\/04\/DSCN8966-www.jpg 1024w\" sizes=\"auto, (max-width: 300px) 100vw, 300px\" \/><\/a>W czasie zebrania odby\u0142a si\u0119 te\u017c wa\u017cna uroczysto\u015b\u0107 wr\u0119czenia legitymacji cz\u0142onkowskiej nowej kole\u017cance Teresie Kosman, kt\u00f3ra od kilku miesi\u0119cy uczestniczy\u0142a w sobotnich rajdach razem z wnukiem Kub\u0105. Cieszymy si\u0119, \u017ce jest nas coraz wi\u0119cej, jeszcze kilka os\u00f3b z\u0142o\u017cy\u0142o deklaracje cz\u0142onkowskie. Mamy nadziej\u0119, \u017ce b\u0119d\u0105 dobrze czuli si\u0119 w naszym gronie. Witamy serdecznie!<\/strong><\/p>\n<p><strong>A w sobot\u0119 &#8211; 9 kwietnia przeszli\u015bmy do zaprzyja\u017anionej wiaty w Le\u015bnictwie Stary Dw\u00f3r, gdzie\u00a0 Anatol Leszczy\u0144ski sprawdzi\u0142 wiedz\u0119 uczestnik\u00f3w na temat \u015awi\u0119ta Wielkanocnego. Zwyci\u0119zcom gratulujemy wiedzy. Nagrody otrzymaj\u0105 na majowym zebraniu.<\/strong><\/p>\n","protected":false},"excerpt":{"rendered":"<p>Pisa\u0142am ju\u017c o \u015bwi\u0105tecznej wystawie, ale tego dnia tj. 7 kwietnia, po d\u0142ugiej przerwie zacz\u0119li\u015bmy si\u0119 uczy\u0107. Na pocz\u0105tek Adam Siemakowicz\u00a0 przypomnia\u0142 nam wa\u017cne zagadnienia z zakresu bezpiecze\u0144stwa przeciwpo\u017carowego. Om\u00f3wi\u0142 m.in. : Instrukcj\u0119 Bezpiecze\u0144stwa Po\u017carowego na przyk\u0142adzie Regionalnej Dyrekcji Las\u00f3w Pa\u0144stwowych w Olsztynie, Znaki ewakuacyjne i alarmowanie; Podstawowe urz\u0105dzenia przeciwpo\u017carowe i ich obs\u0142uga Tablice informacyjne [&hellip;]<\/p>\n","protected":false},"author":2,"featured_media":0,"comment_status":"open","ping_status":"open","sticky":false,"template":"","format":"standard","meta":{"footnotes":""},"categories":[1,9,17,2,5,3],"tags":[],"class_list":["post-7010","post","type-post","status-publish","format-standard","hentry","category-bez-kategorii","category-ciekawostki","category-edukacja-w-terenie","category-rajdy","category-wycieczki","category-zebrania"],"_links":{"self":[{"href":"https:\/\/www.milosnicylasu.olsztyn.pl\/index.php?rest_route=\/wp\/v2\/posts\/7010","targetHints":{"allow":["GET"]}}],"collection":[{"href":"https:\/\/www.milosnicylasu.olsztyn.pl\/index.php?rest_route=\/wp\/v2\/posts"}],"about":[{"href":"https:\/\/www.milosnicylasu.olsztyn.pl\/index.php?rest_route=\/wp\/v2\/types\/post"}],"author":[{"embeddable":true,"href":"https:\/\/www.milosnicylasu.olsztyn.pl\/index.php?rest_route=\/wp\/v2\/users\/2"}],"replies":[{"embeddable":true,"href":"https:\/\/www.milosnicylasu.olsztyn.pl\/index.php?rest_route=%2Fwp%2Fv2%2Fcomments&post=7010"}],"version-history":[{"count":4,"href":"https:\/\/www.milosnicylasu.olsztyn.pl\/index.php?rest_route=\/wp\/v2\/posts\/7010\/revisions"}],"predecessor-version":[{"id":7028,"href":"https:\/\/www.milosnicylasu.olsztyn.pl\/index.php?rest_route=\/wp\/v2\/posts\/7010\/revisions\/7028"}],"wp:attachment":[{"href":"https:\/\/www.milosnicylasu.olsztyn.pl\/index.php?rest_route=%2Fwp%2Fv2%2Fmedia&parent=7010"}],"wp:term":[{"taxonomy":"category","embeddable":true,"href":"https:\/\/www.milosnicylasu.olsztyn.pl\/index.php?rest_route=%2Fwp%2Fv2%2Fcategories&post=7010"},{"taxonomy":"post_tag","embeddable":true,"href":"https:\/\/www.milosnicylasu.olsztyn.pl\/index.php?rest_route=%2Fwp%2Fv2%2Ftags&post=7010"}],"curies":[{"name":"wp","href":"https:\/\/api.w.org\/{rel}","templated":true}]}}