{"id":702,"date":"2013-11-11T21:09:34","date_gmt":"2013-11-11T20:09:34","guid":{"rendered":"http:\/\/www.milosnicylasu.olsztyn.pl\/?p=702"},"modified":"2013-11-11T21:09:34","modified_gmt":"2013-11-11T20:09:34","slug":"spacer-9-listopada","status":"publish","type":"post","link":"https:\/\/www.milosnicylasu.olsztyn.pl\/?p=702","title":{"rendered":"Spacer 9 listopada"},"content":{"rendered":"<p>W czasie sobotniego spaceru 9 listopada odwiedzili\u015bmy gr\u00f3b naszej kole\u017canki Juty Godlewskiej. Zapalili\u015bmy znicze.\u00a0Czas szybko leci. Trudno uwierzy\u0107, \u017ce to ju\u017c trzy lata jak\u00a0jej\u00a0z nami nie ma<a href=\"http:\/\/www.milosnicylasu.olsztyn.pl\/wp-content\/uploads\/2013\/11\/PB090206-www.jpg\" data-rel=\"lightbox-image-0\" data-magnific_type=\"image\" data-rl_title=\"\" data-rl_caption=\"\" title=\"\"><img loading=\"lazy\" decoding=\"async\" class=\"alignleft size-medium wp-image-703\" alt=\"PB090206-www\" src=\"http:\/\/www.milosnicylasu.olsztyn.pl\/wp-content\/uploads\/2013\/11\/PB090206-www-300x225.jpg\" width=\"300\" height=\"225\" srcset=\"https:\/\/www.milosnicylasu.olsztyn.pl\/wp-content\/uploads\/2013\/11\/PB090206-www-300x225.jpg 300w, https:\/\/www.milosnicylasu.olsztyn.pl\/wp-content\/uploads\/2013\/11\/PB090206-www-400x300.jpg 400w, https:\/\/www.milosnicylasu.olsztyn.pl\/wp-content\/uploads\/2013\/11\/PB090206-www.jpg 1024w\" sizes=\"auto, (max-width: 300px) 100vw, 300px\" \/><\/a>.<\/p>\n<p>&nbsp;<\/p>\n<p>&nbsp;<\/p>\n<p>&nbsp;<\/p>\n<p>&nbsp;<\/p>\n<p>Zostawili\u015bmy \u015bwiate\u0142ka przy pomniku ofiar katastrofy smole\u0144skiej,\u00a0 jak r\u00f3wnie\u017c przy grobie ksi\u0119dza \u017bo\u0142nierkiewicza.<a href=\"http:\/\/www.milosnicylasu.olsztyn.pl\/wp-content\/uploads\/2013\/11\/PB090205-www.jpg\" data-rel=\"lightbox-image-1\" data-magnific_type=\"image\" data-rl_title=\"\" data-rl_caption=\"\" title=\"\"><img loading=\"lazy\" decoding=\"async\" class=\"size-medium wp-image-704 alignright\" alt=\"PB090205-www\" src=\"http:\/\/www.milosnicylasu.olsztyn.pl\/wp-content\/uploads\/2013\/11\/PB090205-www-300x225.jpg\" width=\"300\" height=\"225\" srcset=\"https:\/\/www.milosnicylasu.olsztyn.pl\/wp-content\/uploads\/2013\/11\/PB090205-www-300x225.jpg 300w, https:\/\/www.milosnicylasu.olsztyn.pl\/wp-content\/uploads\/2013\/11\/PB090205-www-400x300.jpg 400w, https:\/\/www.milosnicylasu.olsztyn.pl\/wp-content\/uploads\/2013\/11\/PB090205-www.jpg 1024w\" sizes=\"auto, (max-width: 300px) 100vw, 300px\" \/><\/a><\/p>\n","protected":false},"excerpt":{"rendered":"<p>W czasie sobotniego spaceru 9 listopada odwiedzili\u015bmy gr\u00f3b naszej kole\u017canki Juty Godlewskiej. Zapalili\u015bmy znicze.\u00a0Czas szybko leci. Trudno uwierzy\u0107, \u017ce to ju\u017c trzy lata jak\u00a0jej\u00a0z nami nie ma. &nbsp; &nbsp; &nbsp; &nbsp; Zostawili\u015bmy \u015bwiate\u0142ka przy pomniku ofiar katastrofy smole\u0144skiej,\u00a0 jak r\u00f3wnie\u017c przy grobie ksi\u0119dza \u017bo\u0142nierkiewicza.<\/p>\n","protected":false},"author":1,"featured_media":0,"comment_status":"open","ping_status":"open","sticky":false,"template":"","format":"standard","meta":{"footnotes":""},"categories":[1],"tags":[],"class_list":["post-702","post","type-post","status-publish","format-standard","hentry","category-bez-kategorii"],"_links":{"self":[{"href":"https:\/\/www.milosnicylasu.olsztyn.pl\/index.php?rest_route=\/wp\/v2\/posts\/702","targetHints":{"allow":["GET"]}}],"collection":[{"href":"https:\/\/www.milosnicylasu.olsztyn.pl\/index.php?rest_route=\/wp\/v2\/posts"}],"about":[{"href":"https:\/\/www.milosnicylasu.olsztyn.pl\/index.php?rest_route=\/wp\/v2\/types\/post"}],"author":[{"embeddable":true,"href":"https:\/\/www.milosnicylasu.olsztyn.pl\/index.php?rest_route=\/wp\/v2\/users\/1"}],"replies":[{"embeddable":true,"href":"https:\/\/www.milosnicylasu.olsztyn.pl\/index.php?rest_route=%2Fwp%2Fv2%2Fcomments&post=702"}],"version-history":[{"count":2,"href":"https:\/\/www.milosnicylasu.olsztyn.pl\/index.php?rest_route=\/wp\/v2\/posts\/702\/revisions"}],"predecessor-version":[{"id":758,"href":"https:\/\/www.milosnicylasu.olsztyn.pl\/index.php?rest_route=\/wp\/v2\/posts\/702\/revisions\/758"}],"wp:attachment":[{"href":"https:\/\/www.milosnicylasu.olsztyn.pl\/index.php?rest_route=%2Fwp%2Fv2%2Fmedia&parent=702"}],"wp:term":[{"taxonomy":"category","embeddable":true,"href":"https:\/\/www.milosnicylasu.olsztyn.pl\/index.php?rest_route=%2Fwp%2Fv2%2Fcategories&post=702"},{"taxonomy":"post_tag","embeddable":true,"href":"https:\/\/www.milosnicylasu.olsztyn.pl\/index.php?rest_route=%2Fwp%2Fv2%2Ftags&post=702"}],"curies":[{"name":"wp","href":"https:\/\/api.w.org\/{rel}","templated":true}]}}