{"id":7038,"date":"2022-04-24T20:05:07","date_gmt":"2022-04-24T18:05:07","guid":{"rendered":"https:\/\/www.milosnicylasu.olsztyn.pl\/?p=7038"},"modified":"2022-04-24T20:17:05","modified_gmt":"2022-04-24T18:17:05","slug":"jest-takie-miejsce-pisz","status":"publish","type":"post","link":"https:\/\/www.milosnicylasu.olsztyn.pl\/?p=7038","title":{"rendered":"Jest takie miejsce &#8211; Pisz"},"content":{"rendered":"<p><a href=\"https:\/\/www.milosnicylasu.olsztyn.pl\/wp-content\/uploads\/2022\/04\/DSCN9044-www-1.jpg\" data-rel=\"lightbox-image-0\" data-magnific_type=\"image\" data-rl_title=\"\" data-rl_caption=\"\" title=\"\"><img loading=\"lazy\" decoding=\"async\" class=\"size-medium wp-image-7051 alignleft\" src=\"https:\/\/www.milosnicylasu.olsztyn.pl\/wp-content\/uploads\/2022\/04\/DSCN9044-www-1-300x225.jpg\" alt=\"\" width=\"300\" height=\"225\" srcset=\"https:\/\/www.milosnicylasu.olsztyn.pl\/wp-content\/uploads\/2022\/04\/DSCN9044-www-1-300x225.jpg 300w, https:\/\/www.milosnicylasu.olsztyn.pl\/wp-content\/uploads\/2022\/04\/DSCN9044-www-1-768x576.jpg 768w, https:\/\/www.milosnicylasu.olsztyn.pl\/wp-content\/uploads\/2022\/04\/DSCN9044-www-1.jpg 1024w\" sizes=\"auto, (max-width: 300px) 100vw, 300px\" \/><\/a><strong>Cz\u0142onkowie Ko\u0142a Mi\u0142o\u015bnik\u00f3w Lasu i Militari\u00f3w LOK przy ATW w Olsztynie byli ju\u017c w wielu miastach na Warmii i Mazurach, w niekt\u00f3rych nawet\u00a0 wielokrotnie, ale w Piszu byli\u015bmy po raz pierwszy.<\/strong><\/p>\n<p><strong>22 kwietnia pojechali\u015bmy poci\u0105giem a wr\u00f3cili\u015bmy komunikacj\u0105 zast\u0119pcz\u0105 &#8211; autokarem, bo po po\u0142udniu kolejarze strajkowali. By\u0142 to jedyny przykry punk programu naszej wycieczki . Troch\u0119 p\u00f3\u017aniej ale cieplutkim autokarem dotarli\u015bmy szcz\u0119\u015bliwie do domu. Ciekawostk\u0105 jest, \u017ce po\u0142\u0105czenie kolejowe z Olsztynem i E\u0142kiem uruchomiono\u00a0 w 1885 roku &#8211; my\u015bl\u0119, \u017ce wtedy mo\u017cna by\u0142o bardziej liczy\u0107\u00a0 na koleg\u00f3w -kolejarzy.<\/strong><\/p>\n<p><strong>W czasie pobytu\u00a0 towarzyszy\u0142 nam pan S\u0142awek, kt\u00f3rego wiedz\u0105 byli\u015bmy zauroczeni. Oprowadza\u0142 po zabytkach, zapoznawa\u0142 nas z historia miasta.<a href=\"https:\/\/www.milosnicylasu.olsztyn.pl\/wp-content\/uploads\/2022\/04\/DSCN9088-www.jpg\" data-rel=\"lightbox-image-1\" data-magnific_type=\"image\" data-rl_title=\"\" data-rl_caption=\"\" title=\"\"><img loading=\"lazy\" decoding=\"async\" class=\"size-medium wp-image-7050 alignright\" src=\"https:\/\/www.milosnicylasu.olsztyn.pl\/wp-content\/uploads\/2022\/04\/DSCN9088-www-300x225.jpg\" alt=\"\" width=\"300\" height=\"225\" srcset=\"https:\/\/www.milosnicylasu.olsztyn.pl\/wp-content\/uploads\/2022\/04\/DSCN9088-www-300x225.jpg 300w, https:\/\/www.milosnicylasu.olsztyn.pl\/wp-content\/uploads\/2022\/04\/DSCN9088-www-768x576.jpg 768w, https:\/\/www.milosnicylasu.olsztyn.pl\/wp-content\/uploads\/2022\/04\/DSCN9088-www.jpg 1024w\" sizes=\"auto, (max-width: 300px) 100vw, 300px\" \/><\/a><\/strong><\/p>\n<p><strong>Miasto Pisz, miejscowo\u015b\u0107 o bogatej historii, ciekawych zabytkach. Znajduje si\u0119 nad jeziorem Ro\u015b, a przez Pisz przep\u0142ywa rzeka Pisa. Niedaleko za\u015b znajduje si\u0119 jezioro \u015aniardwy. Miejscowo\u015b\u0107 za\u015b otoczona jest urokliw\u0105 Puszcz\u0105 Pisk\u0105<\/strong><\/p>\n<p><strong>Pisz to przede wszystkim miasto wr\u0119cz ociekaj\u0105ce histori\u0105. Ju\u017c w 160 r. n.e. pojawi\u0142y si\u0119 pierwsze wzmianki o osadzie pruskiego plemienia Galind\u00f3w w tym miejscu. Co ciekawe ta informacja zosta\u0142a zamieszczona w pracy geografa z Aleksandrii Klaudiusza Ptolemeusza.<\/strong><\/p>\n<p><strong>W 1645 r. Pisz otrzyma\u0142 prawa miejskie nadane przez elektora Fryderyka Wilhelma I. Wi\u0119cej m.in. historycznych, przyrodniczych\u00a0 ciekawostek oferuje Muzeum Ziemi Piskiej, kt\u00f3re odwiedzili\u015bmy.<\/strong><\/p>\n<p><strong>Aktualnie w Piszu mieszka ok.20 tys. ludno\u015bci.<\/strong><\/p>\n<p><strong><a href=\"https:\/\/www.milosnicylasu.olsztyn.pl\/wp-content\/uploads\/2022\/04\/DSCN9026-www.jpg\" data-rel=\"lightbox-image-2\" data-magnific_type=\"image\" data-rl_title=\"\" data-rl_caption=\"\" title=\"\"><img loading=\"lazy\" decoding=\"async\" class=\"size-medium wp-image-7040 alignleft\" src=\"https:\/\/www.milosnicylasu.olsztyn.pl\/wp-content\/uploads\/2022\/04\/DSCN9026-www-300x225.jpg\" alt=\"\" width=\"300\" height=\"225\" srcset=\"https:\/\/www.milosnicylasu.olsztyn.pl\/wp-content\/uploads\/2022\/04\/DSCN9026-www-300x225.jpg 300w, https:\/\/www.milosnicylasu.olsztyn.pl\/wp-content\/uploads\/2022\/04\/DSCN9026-www-768x576.jpg 768w, https:\/\/www.milosnicylasu.olsztyn.pl\/wp-content\/uploads\/2022\/04\/DSCN9026-www.jpg 1024w\" sizes=\"auto, (max-width: 300px) 100vw, 300px\" \/><\/a>Nasz\u0105 w\u0119dr\u00f3wk\u0119 po Piszu rozpocz\u0119li\u015bmy od zwiedzenia obiekt\u00f3w militarnych &#8211; bunkr\u00f3w. W Piszu s\u0105 w zasadzie 2 bunkry &#8211; schron bierny nr 502 (kt\u00f3rym opiekuj\u0105 si\u0119 mi\u0142o\u015bnicy historii i w kt\u00f3rym jest ma\u0142e muzeum\u00a0 oraz drugi &#8211; nieu\u017cywany i stoj\u0105cy przy drodze za p\u0142otem &#8211; Regelbau 107a.<a href=\"https:\/\/www.milosnicylasu.olsztyn.pl\/wp-content\/uploads\/2022\/04\/DSCN9049-www.jpg\" data-rel=\"lightbox-image-3\" data-magnific_type=\"image\" data-rl_title=\"\" data-rl_caption=\"\" title=\"\"><img loading=\"lazy\" decoding=\"async\" class=\"size-medium wp-image-7043 alignright\" src=\"https:\/\/www.milosnicylasu.olsztyn.pl\/wp-content\/uploads\/2022\/04\/DSCN9049-www-300x225.jpg\" alt=\"\" width=\"300\" height=\"225\" srcset=\"https:\/\/www.milosnicylasu.olsztyn.pl\/wp-content\/uploads\/2022\/04\/DSCN9049-www-300x225.jpg 300w, https:\/\/www.milosnicylasu.olsztyn.pl\/wp-content\/uploads\/2022\/04\/DSCN9049-www-768x576.jpg 768w, https:\/\/www.milosnicylasu.olsztyn.pl\/wp-content\/uploads\/2022\/04\/DSCN9049-www.jpg 1024w\" sizes=\"auto, (max-width: 300px) 100vw, 300px\" \/><\/a><\/strong><\/p>\n<p>&nbsp;<\/p>\n<p><strong>S\u0105 przyk\u0142adem\u00a0 nowoczesnych fortyfikacji polowych wyst\u0119puj\u0105cych na terenie wojew\u00f3dztwa warmi\u0144sko &#8211; mazurskiego. Pochowane w lasach bunkry tworz\u0105 dawny punkt oporu wojsk niemieckich na wypadek ataku obcych armii. Po renowacji, wewn\u0105trz schron\u00f3w powsta\u0142a ekspozycja historyczno- militarna. <a href=\"https:\/\/www.milosnicylasu.olsztyn.pl\/wp-content\/uploads\/2022\/04\/DSCN9027-www.jpg\" data-rel=\"lightbox-image-4\" data-magnific_type=\"image\" data-rl_title=\"\" data-rl_caption=\"\" title=\"\"><img loading=\"lazy\" decoding=\"async\" class=\"size-medium wp-image-7041 alignright\" src=\"https:\/\/www.milosnicylasu.olsztyn.pl\/wp-content\/uploads\/2022\/04\/DSCN9027-www-300x225.jpg\" alt=\"\" width=\"300\" height=\"225\" srcset=\"https:\/\/www.milosnicylasu.olsztyn.pl\/wp-content\/uploads\/2022\/04\/DSCN9027-www-300x225.jpg 300w, https:\/\/www.milosnicylasu.olsztyn.pl\/wp-content\/uploads\/2022\/04\/DSCN9027-www-768x576.jpg 768w, https:\/\/www.milosnicylasu.olsztyn.pl\/wp-content\/uploads\/2022\/04\/DSCN9027-www.jpg 1024w\" sizes=\"auto, (max-width: 300px) 100vw, 300px\" \/><\/a><\/strong><\/p>\n<p><strong>Zobaczyli\u015bmy obiekty charakterystyczne dla okresu, w kt\u00f3rym powsta\u0142y (1939 -1944), ukazuj\u0105ce r\u00f3\u017cnorodno\u015b\u0107 stosowanych w\u00f3wczas rozwi\u0105za\u0144 fortyfikacyjnych. <a href=\"https:\/\/www.milosnicylasu.olsztyn.pl\/wp-content\/uploads\/2022\/04\/DSCN9033-www.jpg\" data-rel=\"lightbox-image-5\" data-magnific_type=\"image\" data-rl_title=\"\" data-rl_caption=\"\" title=\"\"><img loading=\"lazy\" decoding=\"async\" class=\"size-medium wp-image-7042 aligncenter\" src=\"https:\/\/www.milosnicylasu.olsztyn.pl\/wp-content\/uploads\/2022\/04\/DSCN9033-www-300x225.jpg\" alt=\"\" width=\"300\" height=\"225\" srcset=\"https:\/\/www.milosnicylasu.olsztyn.pl\/wp-content\/uploads\/2022\/04\/DSCN9033-www-300x225.jpg 300w, https:\/\/www.milosnicylasu.olsztyn.pl\/wp-content\/uploads\/2022\/04\/DSCN9033-www-768x576.jpg 768w, https:\/\/www.milosnicylasu.olsztyn.pl\/wp-content\/uploads\/2022\/04\/DSCN9033-www.jpg 1024w\" sizes=\"auto, (max-width: 300px) 100vw, 300px\" \/><\/a><\/strong><\/p>\n<p><strong>Schron bojowy wpisany do rejestru zabytk\u00f3w to jedyny tego typu obiekt w regionie z zachowanymi oryginalnymi, pancernymi elementami wyposa\u017cenia.<\/strong><\/p>\n<p><strong>Nast\u0119pnymi obiektami, kt\u00f3re zwiedzili\u015bmy\u00a0 by\u0142<\/strong><\/p>\n<ul>\n<li><strong><a href=\"https:\/\/www.milosnicylasu.olsztyn.pl\/wp-content\/uploads\/2022\/04\/DSCN9053-www.jpg\" data-rel=\"lightbox-image-6\" data-magnific_type=\"image\" data-rl_title=\"\" data-rl_caption=\"\" title=\"\"><img loading=\"lazy\" decoding=\"async\" class=\"size-medium wp-image-7047 alignleft\" src=\"https:\/\/www.milosnicylasu.olsztyn.pl\/wp-content\/uploads\/2022\/04\/DSCN9053-www-225x300.jpg\" alt=\"\" width=\"225\" height=\"300\" srcset=\"https:\/\/www.milosnicylasu.olsztyn.pl\/wp-content\/uploads\/2022\/04\/DSCN9053-www-225x300.jpg 225w, https:\/\/www.milosnicylasu.olsztyn.pl\/wp-content\/uploads\/2022\/04\/DSCN9053-www.jpg 768w\" sizes=\"auto, (max-width: 225px) 100vw, 225px\" \/><\/a>Ko\u015bci\u00f3\u0142 p.w. \u015bw. Jana Chrzciciela z 1843 roku, w \u015brodku znajduje si\u0119 pi\u0119kny o\u0142tarz z XVII w.<\/strong><\/li>\n<\/ul>\n<p>&nbsp;<\/p>\n<ul>\n<li><strong>Ratusz z 1900 roku, Muzeum Ziemi Piskiej. Podziwiali\u015bmy pi\u0119knie wyremontowane kamieniczki na star\u00f3wce.<a href=\"https:\/\/www.milosnicylasu.olsztyn.pl\/wp-content\/uploads\/2022\/04\/DSCN9092-www.jpg\" data-rel=\"lightbox-image-7\" data-magnific_type=\"image\" data-rl_title=\"\" data-rl_caption=\"\" title=\"\"><img loading=\"lazy\" decoding=\"async\" class=\"size-medium wp-image-7049 alignright\" src=\"https:\/\/www.milosnicylasu.olsztyn.pl\/wp-content\/uploads\/2022\/04\/DSCN9092-www-300x225.jpg\" alt=\"\" width=\"300\" height=\"225\" srcset=\"https:\/\/www.milosnicylasu.olsztyn.pl\/wp-content\/uploads\/2022\/04\/DSCN9092-www-300x225.jpg 300w, https:\/\/www.milosnicylasu.olsztyn.pl\/wp-content\/uploads\/2022\/04\/DSCN9092-www-768x576.jpg 768w, https:\/\/www.milosnicylasu.olsztyn.pl\/wp-content\/uploads\/2022\/04\/DSCN9092-www.jpg 1024w\" sizes=\"auto, (max-width: 300px) 100vw, 300px\" \/><\/a><a href=\"https:\/\/www.milosnicylasu.olsztyn.pl\/wp-content\/uploads\/2022\/04\/www.jpg\" data-rel=\"lightbox-image-8\" data-magnific_type=\"image\" data-rl_title=\"\" data-rl_caption=\"\" title=\"\"><img loading=\"lazy\" decoding=\"async\" class=\"size-medium wp-image-7048 alignleft\" src=\"https:\/\/www.milosnicylasu.olsztyn.pl\/wp-content\/uploads\/2022\/04\/www-300x225.jpg\" alt=\"\" width=\"300\" height=\"225\" srcset=\"https:\/\/www.milosnicylasu.olsztyn.pl\/wp-content\/uploads\/2022\/04\/www-300x225.jpg 300w, https:\/\/www.milosnicylasu.olsztyn.pl\/wp-content\/uploads\/2022\/04\/www-768x576.jpg 768w, https:\/\/www.milosnicylasu.olsztyn.pl\/wp-content\/uploads\/2022\/04\/www.jpg 1024w\" sizes=\"auto, (max-width: 300px) 100vw, 300px\" \/><\/a><\/strong><\/li>\n<\/ul>\n<p>&nbsp;<\/p>\n<p><strong>.<\/strong><\/p>\n<p><strong>\u00a0<\/strong><\/p>\n<p><strong>\u00a0<\/strong><\/p>\n<p>&nbsp;<\/p>\n<p><strong>Po pracowicie sp\u0119dzonym\u00a0 dniu, odpocz\u0119li\u015bmy w uroczym miejscu- piernikarni, pij\u0105c kaw\u0119, \u0142\u0105kow\u0105 herbat\u0119, pa\u0142aszuj\u0105c\u00a0 pyszne desery i kolorowe pierniczki. Mimo\u00a0 zapowiedzi, \u017ce b\u0119dzie pada\u0142o, pogoda by\u0142a wspania\u0142a. I na zako\u0144czenie jeszcze jedno zdj\u0119cie<a href=\"https:\/\/www.milosnicylasu.olsztyn.pl\/wp-content\/uploads\/2022\/04\/DSCN9042-www.jpg\" data-rel=\"lightbox-image-9\" data-magnific_type=\"image\" data-rl_title=\"\" data-rl_caption=\"\" title=\"\"><img loading=\"lazy\" decoding=\"async\" class=\"size-medium wp-image-7039 alignleft\" src=\"https:\/\/www.milosnicylasu.olsztyn.pl\/wp-content\/uploads\/2022\/04\/DSCN9042-www-300x225.jpg\" alt=\"\" width=\"300\" height=\"225\" srcset=\"https:\/\/www.milosnicylasu.olsztyn.pl\/wp-content\/uploads\/2022\/04\/DSCN9042-www-300x225.jpg 300w, https:\/\/www.milosnicylasu.olsztyn.pl\/wp-content\/uploads\/2022\/04\/DSCN9042-www-768x576.jpg 768w, https:\/\/www.milosnicylasu.olsztyn.pl\/wp-content\/uploads\/2022\/04\/DSCN9042-www.jpg 1024w\" sizes=\"auto, (max-width: 300px) 100vw, 300px\" \/><\/a>&#8230;&#8230;.By\u0142o ju\u017c podobne, ale tutaj bardziej wida\u0107 jakie panie maj\u0105 kolorowe kurteczki &#8211; ka\u017cda w innym kolorze.Czy to przypadek?<\/strong><\/p>\n<p>&nbsp;<\/p>\n","protected":false},"excerpt":{"rendered":"<p>Cz\u0142onkowie Ko\u0142a Mi\u0142o\u015bnik\u00f3w Lasu i Militari\u00f3w LOK przy ATW w Olsztynie byli ju\u017c w wielu miastach na Warmii i Mazurach, w niekt\u00f3rych nawet\u00a0 wielokrotnie, ale w Piszu byli\u015bmy po raz pierwszy. 22 kwietnia pojechali\u015bmy poci\u0105giem a wr\u00f3cili\u015bmy komunikacj\u0105 zast\u0119pcz\u0105 &#8211; autokarem, bo po po\u0142udniu kolejarze strajkowali. By\u0142 to jedyny przykry punk programu naszej wycieczki . [&hellip;]<\/p>\n","protected":false},"author":2,"featured_media":0,"comment_status":"open","ping_status":"open","sticky":false,"template":"","format":"standard","meta":{"footnotes":""},"categories":[1],"tags":[],"class_list":["post-7038","post","type-post","status-publish","format-standard","hentry","category-bez-kategorii"],"_links":{"self":[{"href":"https:\/\/www.milosnicylasu.olsztyn.pl\/index.php?rest_route=\/wp\/v2\/posts\/7038","targetHints":{"allow":["GET"]}}],"collection":[{"href":"https:\/\/www.milosnicylasu.olsztyn.pl\/index.php?rest_route=\/wp\/v2\/posts"}],"about":[{"href":"https:\/\/www.milosnicylasu.olsztyn.pl\/index.php?rest_route=\/wp\/v2\/types\/post"}],"author":[{"embeddable":true,"href":"https:\/\/www.milosnicylasu.olsztyn.pl\/index.php?rest_route=\/wp\/v2\/users\/2"}],"replies":[{"embeddable":true,"href":"https:\/\/www.milosnicylasu.olsztyn.pl\/index.php?rest_route=%2Fwp%2Fv2%2Fcomments&post=7038"}],"version-history":[{"count":5,"href":"https:\/\/www.milosnicylasu.olsztyn.pl\/index.php?rest_route=\/wp\/v2\/posts\/7038\/revisions"}],"predecessor-version":[{"id":7056,"href":"https:\/\/www.milosnicylasu.olsztyn.pl\/index.php?rest_route=\/wp\/v2\/posts\/7038\/revisions\/7056"}],"wp:attachment":[{"href":"https:\/\/www.milosnicylasu.olsztyn.pl\/index.php?rest_route=%2Fwp%2Fv2%2Fmedia&parent=7038"}],"wp:term":[{"taxonomy":"category","embeddable":true,"href":"https:\/\/www.milosnicylasu.olsztyn.pl\/index.php?rest_route=%2Fwp%2Fv2%2Fcategories&post=7038"},{"taxonomy":"post_tag","embeddable":true,"href":"https:\/\/www.milosnicylasu.olsztyn.pl\/index.php?rest_route=%2Fwp%2Fv2%2Ftags&post=7038"}],"curies":[{"name":"wp","href":"https:\/\/api.w.org\/{rel}","templated":true}]}}