{"id":7058,"date":"2022-05-05T09:26:48","date_gmt":"2022-05-05T07:26:48","guid":{"rendered":"https:\/\/www.milosnicylasu.olsztyn.pl\/?p=7058"},"modified":"2022-05-05T09:27:50","modified_gmt":"2022-05-05T07:27:50","slug":"pociag-ktory-nie-strajkuje","status":"publish","type":"post","link":"https:\/\/www.milosnicylasu.olsztyn.pl\/?p=7058","title":{"rendered":"Poci\u0105g, kt\u00f3ry nie strajkuje"},"content":{"rendered":"<p><strong>Pisa\u0142am ostatnio jak\u0105 mieli\u015bmy przykr\u0105 niespodziank\u0119 podczas wycieczki do Pisza. Pojechali\u015bmy tam rannym poci\u0105giem, ale powrotny zastrajkowa\u0142. Z op\u00f3\u017anieniem przyjechali\u015bmy komunikacj\u0105 zast\u0119pcz\u0105, czyli autokarem. Sko\u0144czy\u0142o si\u0119 szcz\u0119\u015bliwie. S\u0105 jednak poci\u0105gi na kt\u00f3re mo\u017cna liczy\u0107. Te je\u017cd\u017c\u0105 po Wad\u0105gu i przewo\u017c\u0105 kwiatki.<\/strong><a href=\"https:\/\/www.milosnicylasu.olsztyn.pl\/wp-content\/uploads\/2022\/05\/DSCN9132-www.jpg\" data-rel=\"lightbox-image-0\" data-magnific_type=\"image\" data-rl_title=\"\" data-rl_caption=\"\" title=\"\"><img loading=\"lazy\" decoding=\"async\" class=\"size-medium wp-image-7059 alignleft\" src=\"https:\/\/www.milosnicylasu.olsztyn.pl\/wp-content\/uploads\/2022\/05\/DSCN9132-www-300x225.jpg\" alt=\"\" width=\"300\" height=\"225\" srcset=\"https:\/\/www.milosnicylasu.olsztyn.pl\/wp-content\/uploads\/2022\/05\/DSCN9132-www-300x225.jpg 300w, https:\/\/www.milosnicylasu.olsztyn.pl\/wp-content\/uploads\/2022\/05\/DSCN9132-www-768x576.jpg 768w, https:\/\/www.milosnicylasu.olsztyn.pl\/wp-content\/uploads\/2022\/05\/DSCN9132-www.jpg 1024w\" sizes=\"auto, (max-width: 300px) 100vw, 300px\" \/><\/a><\/p>\n","protected":false},"excerpt":{"rendered":"<p>Pisa\u0142am ostatnio jak\u0105 mieli\u015bmy przykr\u0105 niespodziank\u0119 podczas wycieczki do Pisza. Pojechali\u015bmy tam rannym poci\u0105giem, ale powrotny zastrajkowa\u0142. Z op\u00f3\u017anieniem przyjechali\u015bmy komunikacj\u0105 zast\u0119pcz\u0105, czyli autokarem. Sko\u0144czy\u0142o si\u0119 szcz\u0119\u015bliwie. S\u0105 jednak poci\u0105gi na kt\u00f3re mo\u017cna liczy\u0107. Te je\u017cd\u017c\u0105 po Wad\u0105gu i przewo\u017c\u0105 kwiatki.<\/p>\n","protected":false},"author":2,"featured_media":0,"comment_status":"open","ping_status":"open","sticky":false,"template":"","format":"standard","meta":{"footnotes":""},"categories":[1],"tags":[],"class_list":["post-7058","post","type-post","status-publish","format-standard","hentry","category-bez-kategorii"],"_links":{"self":[{"href":"https:\/\/www.milosnicylasu.olsztyn.pl\/index.php?rest_route=\/wp\/v2\/posts\/7058","targetHints":{"allow":["GET"]}}],"collection":[{"href":"https:\/\/www.milosnicylasu.olsztyn.pl\/index.php?rest_route=\/wp\/v2\/posts"}],"about":[{"href":"https:\/\/www.milosnicylasu.olsztyn.pl\/index.php?rest_route=\/wp\/v2\/types\/post"}],"author":[{"embeddable":true,"href":"https:\/\/www.milosnicylasu.olsztyn.pl\/index.php?rest_route=\/wp\/v2\/users\/2"}],"replies":[{"embeddable":true,"href":"https:\/\/www.milosnicylasu.olsztyn.pl\/index.php?rest_route=%2Fwp%2Fv2%2Fcomments&post=7058"}],"version-history":[{"count":2,"href":"https:\/\/www.milosnicylasu.olsztyn.pl\/index.php?rest_route=\/wp\/v2\/posts\/7058\/revisions"}],"predecessor-version":[{"id":7061,"href":"https:\/\/www.milosnicylasu.olsztyn.pl\/index.php?rest_route=\/wp\/v2\/posts\/7058\/revisions\/7061"}],"wp:attachment":[{"href":"https:\/\/www.milosnicylasu.olsztyn.pl\/index.php?rest_route=%2Fwp%2Fv2%2Fmedia&parent=7058"}],"wp:term":[{"taxonomy":"category","embeddable":true,"href":"https:\/\/www.milosnicylasu.olsztyn.pl\/index.php?rest_route=%2Fwp%2Fv2%2Fcategories&post=7058"},{"taxonomy":"post_tag","embeddable":true,"href":"https:\/\/www.milosnicylasu.olsztyn.pl\/index.php?rest_route=%2Fwp%2Fv2%2Ftags&post=7058"}],"curies":[{"name":"wp","href":"https:\/\/api.w.org\/{rel}","templated":true}]}}