{"id":7065,"date":"2022-05-06T08:07:52","date_gmt":"2022-05-06T06:07:52","guid":{"rendered":"https:\/\/www.milosnicylasu.olsztyn.pl\/?p=7065"},"modified":"2022-05-06T08:07:52","modified_gmt":"2022-05-06T06:07:52","slug":"ostatnie-ognisko","status":"publish","type":"post","link":"https:\/\/www.milosnicylasu.olsztyn.pl\/?p=7065","title":{"rendered":"Ostatnie ognisko &#8230;&#8230;&#8230;&#8230;&#8230;&#8230;."},"content":{"rendered":"<p><a href=\"https:\/\/www.milosnicylasu.olsztyn.pl\/wp-content\/uploads\/2022\/05\/DSCN9141-www.jpg\" data-rel=\"lightbox-image-0\" data-magnific_type=\"image\" data-rl_title=\"\" data-rl_caption=\"\" title=\"\"><img loading=\"lazy\" decoding=\"async\" class=\"size-medium wp-image-7066 alignleft\" src=\"https:\/\/www.milosnicylasu.olsztyn.pl\/wp-content\/uploads\/2022\/05\/DSCN9141-www-300x225.jpg\" alt=\"\" width=\"300\" height=\"225\" srcset=\"https:\/\/www.milosnicylasu.olsztyn.pl\/wp-content\/uploads\/2022\/05\/DSCN9141-www-300x225.jpg 300w, https:\/\/www.milosnicylasu.olsztyn.pl\/wp-content\/uploads\/2022\/05\/DSCN9141-www-768x576.jpg 768w, https:\/\/www.milosnicylasu.olsztyn.pl\/wp-content\/uploads\/2022\/05\/DSCN9141-www.jpg 1024w\" sizes=\"auto, (max-width: 300px) 100vw, 300px\" \/><\/a><strong>30 kwietnia odby\u0142 si\u0119 le\u015bny rajd\u00a0 po le\u015bnictwie Stary Dw\u00f3r. W czasie rajdu panowie rozpalili\u00a0 ostatnie ognisko ko\u0144cz\u0105ce sezon wiosenny, od maja jest zakaz palenia ognisk.\u00a0 Pi\u0119kna pogoda sprawi\u0142a,\u017ce spacerowali\u015bmy d\u0142u\u017cej ni\u017c zwykle. Mogli\u015bmy sie te\u017c wykaza\u0107 wiedz\u0105 w przygotowanym przez prezesa Anatola Leszczy\u0144skiego konkursie na temat: Patron 2022 &#8222;Ignacy \u0141ukasiewicz&#8221; A najwi\u0119ksza wiedz\u0105 z tego zakresu wykazali si\u0119 Basia Janowska, Rysiu Chudziakiewicz i Teresa Kosman. Gratulujemy !<\/strong><a href=\"https:\/\/www.milosnicylasu.olsztyn.pl\/wp-content\/uploads\/2022\/05\/DSCN9146-www.jpg\" data-rel=\"lightbox-image-1\" data-magnific_type=\"image\" data-rl_title=\"\" data-rl_caption=\"\" title=\"\"><img loading=\"lazy\" decoding=\"async\" class=\"size-medium wp-image-7067 alignright\" src=\"https:\/\/www.milosnicylasu.olsztyn.pl\/wp-content\/uploads\/2022\/05\/DSCN9146-www-300x225.jpg\" alt=\"\" width=\"300\" height=\"225\" srcset=\"https:\/\/www.milosnicylasu.olsztyn.pl\/wp-content\/uploads\/2022\/05\/DSCN9146-www-300x225.jpg 300w, https:\/\/www.milosnicylasu.olsztyn.pl\/wp-content\/uploads\/2022\/05\/DSCN9146-www-768x576.jpg 768w, https:\/\/www.milosnicylasu.olsztyn.pl\/wp-content\/uploads\/2022\/05\/DSCN9146-www.jpg 1024w\" sizes=\"auto, (max-width: 300px) 100vw, 300px\" \/><\/a><\/p>\n","protected":false},"excerpt":{"rendered":"<p>30 kwietnia odby\u0142 si\u0119 le\u015bny rajd\u00a0 po le\u015bnictwie Stary Dw\u00f3r. W czasie rajdu panowie rozpalili\u00a0 ostatnie ognisko ko\u0144cz\u0105ce sezon wiosenny, od maja jest zakaz palenia ognisk.\u00a0 Pi\u0119kna pogoda sprawi\u0142a,\u017ce spacerowali\u015bmy d\u0142u\u017cej ni\u017c zwykle. Mogli\u015bmy sie te\u017c wykaza\u0107 wiedz\u0105 w przygotowanym przez prezesa Anatola Leszczy\u0144skiego konkursie na temat: Patron 2022 &#8222;Ignacy \u0141ukasiewicz&#8221; A najwi\u0119ksza wiedz\u0105 z [&hellip;]<\/p>\n","protected":false},"author":2,"featured_media":0,"comment_status":"open","ping_status":"open","sticky":false,"template":"","format":"standard","meta":{"footnotes":""},"categories":[1],"tags":[],"class_list":["post-7065","post","type-post","status-publish","format-standard","hentry","category-bez-kategorii"],"_links":{"self":[{"href":"https:\/\/www.milosnicylasu.olsztyn.pl\/index.php?rest_route=\/wp\/v2\/posts\/7065","targetHints":{"allow":["GET"]}}],"collection":[{"href":"https:\/\/www.milosnicylasu.olsztyn.pl\/index.php?rest_route=\/wp\/v2\/posts"}],"about":[{"href":"https:\/\/www.milosnicylasu.olsztyn.pl\/index.php?rest_route=\/wp\/v2\/types\/post"}],"author":[{"embeddable":true,"href":"https:\/\/www.milosnicylasu.olsztyn.pl\/index.php?rest_route=\/wp\/v2\/users\/2"}],"replies":[{"embeddable":true,"href":"https:\/\/www.milosnicylasu.olsztyn.pl\/index.php?rest_route=%2Fwp%2Fv2%2Fcomments&post=7065"}],"version-history":[{"count":1,"href":"https:\/\/www.milosnicylasu.olsztyn.pl\/index.php?rest_route=\/wp\/v2\/posts\/7065\/revisions"}],"predecessor-version":[{"id":7068,"href":"https:\/\/www.milosnicylasu.olsztyn.pl\/index.php?rest_route=\/wp\/v2\/posts\/7065\/revisions\/7068"}],"wp:attachment":[{"href":"https:\/\/www.milosnicylasu.olsztyn.pl\/index.php?rest_route=%2Fwp%2Fv2%2Fmedia&parent=7065"}],"wp:term":[{"taxonomy":"category","embeddable":true,"href":"https:\/\/www.milosnicylasu.olsztyn.pl\/index.php?rest_route=%2Fwp%2Fv2%2Fcategories&post=7065"},{"taxonomy":"post_tag","embeddable":true,"href":"https:\/\/www.milosnicylasu.olsztyn.pl\/index.php?rest_route=%2Fwp%2Fv2%2Ftags&post=7065"}],"curies":[{"name":"wp","href":"https:\/\/api.w.org\/{rel}","templated":true}]}}