{"id":7070,"date":"2022-05-06T08:56:13","date_gmt":"2022-05-06T06:56:13","guid":{"rendered":"https:\/\/www.milosnicylasu.olsztyn.pl\/?p=7070"},"modified":"2022-05-06T14:19:32","modified_gmt":"2022-05-06T12:19:32","slug":"czwartek-ekologiczny-w-rdlp-w-olsztynie","status":"publish","type":"post","link":"https:\/\/www.milosnicylasu.olsztyn.pl\/?p=7070","title":{"rendered":"Czwartek ekologiczny w RDLP w Olsztynie"},"content":{"rendered":"<p><a href=\"https:\/\/www.milosnicylasu.olsztyn.pl\/wp-content\/uploads\/2022\/05\/DSCN9152-www.jpg\" data-rel=\"lightbox-image-0\" data-magnific_type=\"image\" data-rl_title=\"\" data-rl_caption=\"\" title=\"\"><img loading=\"lazy\" decoding=\"async\" class=\"size-medium wp-image-7072 alignleft\" src=\"https:\/\/www.milosnicylasu.olsztyn.pl\/wp-content\/uploads\/2022\/05\/DSCN9152-www-300x225.jpg\" alt=\"\" width=\"300\" height=\"225\" srcset=\"https:\/\/www.milosnicylasu.olsztyn.pl\/wp-content\/uploads\/2022\/05\/DSCN9152-www-300x225.jpg 300w, https:\/\/www.milosnicylasu.olsztyn.pl\/wp-content\/uploads\/2022\/05\/DSCN9152-www-768x576.jpg 768w, https:\/\/www.milosnicylasu.olsztyn.pl\/wp-content\/uploads\/2022\/05\/DSCN9152-www.jpg 1024w\" sizes=\"auto, (max-width: 300px) 100vw, 300px\" \/><\/a><strong>5 maja 2022 roku spotkali\u015bmy si\u0119 w Regionalnej Dyrekcji Las\u00f3w Pa\u0144stwowych aby poszerzy\u0107 swoj\u0105 le\u015bn\u0105 wiedz\u0119. Tym razem naszym wyk\u0142adowc\u0105 by\u0142 Pan Patryk Kaczy\u0144ski pracownik RDLP w Olsztynie. Temat by\u0142 bardzo ciekawy i na czasie : &#8222;Wykorzystywanie drona w \u0142owiectwie, w lasach obecnie i w przysz\u0142o\u015bci&#8221;.<\/strong><\/p>\n<p><strong><a href=\"https:\/\/www.milosnicylasu.olsztyn.pl\/wp-content\/uploads\/2022\/05\/DSCN9158-www.jpg\" data-rel=\"lightbox-image-1\" data-magnific_type=\"image\" data-rl_title=\"\" data-rl_caption=\"\" title=\"\">Dowiedzieli\u015bmy si\u0119 m.in\u00a0 \u017ce bezza\u0142ogowe statki powietrzne maj\u0105 bardzo szerokie zastosowanie w le\u015bnictwie i innych dziedzinach nauki z nim zwi\u0105zanych. Informacje pozyskane za pomoc\u0105 bezza\u0142ogowych statk\u00f3w powietrznych po przetworzeniu mog\u0105 by\u0107 cennym \u017ar\u00f3d\u0142em informacji o stanie zdrowotnym lasu, uszkodzeniach drzewostanu, naruszeniach stanu posiadania, liczebno\u015bci zwierzyny itp. <img loading=\"lazy\" decoding=\"async\" class=\"size-medium wp-image-7078 alignright\" src=\"https:\/\/www.milosnicylasu.olsztyn.pl\/wp-content\/uploads\/2022\/05\/DSCN9158-www-300x225.jpg\" alt=\"\" width=\"300\" height=\"225\" srcset=\"https:\/\/www.milosnicylasu.olsztyn.pl\/wp-content\/uploads\/2022\/05\/DSCN9158-www-300x225.jpg 300w, https:\/\/www.milosnicylasu.olsztyn.pl\/wp-content\/uploads\/2022\/05\/DSCN9158-www-768x576.jpg 768w, https:\/\/www.milosnicylasu.olsztyn.pl\/wp-content\/uploads\/2022\/05\/DSCN9158-www.jpg 1024w\" sizes=\"auto, (max-width: 300px) 100vw, 300px\" \/><\/a><\/strong><\/p>\n<p><strong><a href=\"https:\/\/www.milosnicylasu.olsztyn.pl\/wp-content\/uploads\/2022\/05\/DSCN9154-www.jpg\" data-rel=\"lightbox-image-2\" data-magnific_type=\"image\" data-rl_title=\"\" data-rl_caption=\"\" title=\"\"><img loading=\"lazy\" decoding=\"async\" class=\"size-medium wp-image-7071 alignright\" src=\"https:\/\/www.milosnicylasu.olsztyn.pl\/wp-content\/uploads\/2022\/05\/DSCN9154-www-300x225.jpg\" alt=\"\" width=\"300\" height=\"225\" srcset=\"https:\/\/www.milosnicylasu.olsztyn.pl\/wp-content\/uploads\/2022\/05\/DSCN9154-www-300x225.jpg 300w, https:\/\/www.milosnicylasu.olsztyn.pl\/wp-content\/uploads\/2022\/05\/DSCN9154-www-768x576.jpg 768w, https:\/\/www.milosnicylasu.olsztyn.pl\/wp-content\/uploads\/2022\/05\/DSCN9154-www.jpg 1024w\" sizes=\"auto, (max-width: 300px) 100vw, 300px\" \/><\/a>Dzi\u0119kujemy za podzielenie si\u0119 z nami\u00a0 swoj\u0105 wiedz\u0105. Liczymy na nast\u0119pne wyk\u0142ady!<\/strong><\/p>\n<p><strong>Mi\u0142ym akcentem zebrania by\u0142o wr\u0119czenie nagr\u00f3d laureatom konkursu z symboliki \u015awi\u0105t Wielkanocnych. Najlepsz\u0105 wiedza z tego zakresu wykazali si\u0119 Daniela Tyl, Teresa Kosman i jej wnuczek Kuba, Renata Janicka.<\/strong><\/p>\n<p><strong>W tym te\u017c dniu Kuba <\/strong><strong>otrzyma\u0142 legitymacj\u0119 cz\u0142onkowsk\u0105. Gratulujemy!<\/strong><a href=\"https:\/\/www.milosnicylasu.olsztyn.pl\/wp-content\/uploads\/2022\/05\/www.jpg\" data-rel=\"lightbox-image-3\" data-magnific_type=\"image\" data-rl_title=\"\" data-rl_caption=\"\" title=\"\"><img loading=\"lazy\" decoding=\"async\" class=\"size-medium wp-image-7073 aligncenter\" src=\"https:\/\/www.milosnicylasu.olsztyn.pl\/wp-content\/uploads\/2022\/05\/www-300x225.jpg\" alt=\"\" width=\"300\" height=\"225\" srcset=\"https:\/\/www.milosnicylasu.olsztyn.pl\/wp-content\/uploads\/2022\/05\/www-300x225.jpg 300w, https:\/\/www.milosnicylasu.olsztyn.pl\/wp-content\/uploads\/2022\/05\/www-768x576.jpg 768w, https:\/\/www.milosnicylasu.olsztyn.pl\/wp-content\/uploads\/2022\/05\/www.jpg 1024w\" sizes=\"auto, (max-width: 300px) 100vw, 300px\" \/><\/a>.<\/p>\n","protected":false},"excerpt":{"rendered":"<p>5 maja 2022 roku spotkali\u015bmy si\u0119 w Regionalnej Dyrekcji Las\u00f3w Pa\u0144stwowych aby poszerzy\u0107 swoj\u0105 le\u015bn\u0105 wiedz\u0119. Tym razem naszym wyk\u0142adowc\u0105 by\u0142 Pan Patryk Kaczy\u0144ski pracownik RDLP w Olsztynie. Temat by\u0142 bardzo ciekawy i na czasie : &#8222;Wykorzystywanie drona w \u0142owiectwie, w lasach obecnie i w przysz\u0142o\u015bci&#8221;. Dowiedzieli\u015bmy si\u0119 m.in\u00a0 \u017ce bezza\u0142ogowe statki powietrzne maj\u0105 bardzo [&hellip;]<\/p>\n","protected":false},"author":2,"featured_media":0,"comment_status":"open","ping_status":"open","sticky":false,"template":"","format":"standard","meta":{"footnotes":""},"categories":[1],"tags":[],"class_list":["post-7070","post","type-post","status-publish","format-standard","hentry","category-bez-kategorii"],"_links":{"self":[{"href":"https:\/\/www.milosnicylasu.olsztyn.pl\/index.php?rest_route=\/wp\/v2\/posts\/7070","targetHints":{"allow":["GET"]}}],"collection":[{"href":"https:\/\/www.milosnicylasu.olsztyn.pl\/index.php?rest_route=\/wp\/v2\/posts"}],"about":[{"href":"https:\/\/www.milosnicylasu.olsztyn.pl\/index.php?rest_route=\/wp\/v2\/types\/post"}],"author":[{"embeddable":true,"href":"https:\/\/www.milosnicylasu.olsztyn.pl\/index.php?rest_route=\/wp\/v2\/users\/2"}],"replies":[{"embeddable":true,"href":"https:\/\/www.milosnicylasu.olsztyn.pl\/index.php?rest_route=%2Fwp%2Fv2%2Fcomments&post=7070"}],"version-history":[{"count":7,"href":"https:\/\/www.milosnicylasu.olsztyn.pl\/index.php?rest_route=\/wp\/v2\/posts\/7070\/revisions"}],"predecessor-version":[{"id":7084,"href":"https:\/\/www.milosnicylasu.olsztyn.pl\/index.php?rest_route=\/wp\/v2\/posts\/7070\/revisions\/7084"}],"wp:attachment":[{"href":"https:\/\/www.milosnicylasu.olsztyn.pl\/index.php?rest_route=%2Fwp%2Fv2%2Fmedia&parent=7070"}],"wp:term":[{"taxonomy":"category","embeddable":true,"href":"https:\/\/www.milosnicylasu.olsztyn.pl\/index.php?rest_route=%2Fwp%2Fv2%2Fcategories&post=7070"},{"taxonomy":"post_tag","embeddable":true,"href":"https:\/\/www.milosnicylasu.olsztyn.pl\/index.php?rest_route=%2Fwp%2Fv2%2Ftags&post=7070"}],"curies":[{"name":"wp","href":"https:\/\/api.w.org\/{rel}","templated":true}]}}