{"id":7075,"date":"2022-05-06T09:17:24","date_gmt":"2022-05-06T07:17:24","guid":{"rendered":"https:\/\/www.milosnicylasu.olsztyn.pl\/?p=7075"},"modified":"2022-05-06T09:17:24","modified_gmt":"2022-05-06T07:17:24","slug":"program-dzialalnosci-kola-na-maj-2022","status":"publish","type":"post","link":"https:\/\/www.milosnicylasu.olsztyn.pl\/?p=7075","title":{"rendered":"Program dzia\u0142alno\u015bci Ko\u0142a na maj 2022"},"content":{"rendered":"<p><strong><a href=\"https:\/\/www.milosnicylasu.olsztyn.pl\/wp-content\/uploads\/2022\/05\/DSCN9147-www.jpg\" data-rel=\"lightbox-image-0\" data-magnific_type=\"image\" data-rl_title=\"\" data-rl_caption=\"\" title=\"\"><img loading=\"lazy\" decoding=\"async\" class=\"size-medium wp-image-7076 alignleft\" src=\"https:\/\/www.milosnicylasu.olsztyn.pl\/wp-content\/uploads\/2022\/05\/DSCN9147-www-300x225.jpg\" alt=\"\" width=\"300\" height=\"225\" srcset=\"https:\/\/www.milosnicylasu.olsztyn.pl\/wp-content\/uploads\/2022\/05\/DSCN9147-www-300x225.jpg 300w, https:\/\/www.milosnicylasu.olsztyn.pl\/wp-content\/uploads\/2022\/05\/DSCN9147-www-768x576.jpg 768w, https:\/\/www.milosnicylasu.olsztyn.pl\/wp-content\/uploads\/2022\/05\/DSCN9147-www.jpg 1024w\" sizes=\"auto, (max-width: 300px) 100vw, 300px\" \/><\/a>5 maj 2022 -spotkanie w RDLP w Olsztynie<\/strong><\/p>\n<p><strong>7 maj 2022 &#8211; Marsz na azymut z okazji 77 rocznicy Zwyci\u0119stwa<\/strong><\/p>\n<p><strong>\u00a0\u00a0\u00a0\u00a0\u00a0\u00a0\u00a0\u00a0\u00a0\u00a0\u00a0\u00a0\u00a0\u00a0\u00a0\u00a0\u00a0\u00a0\u00a0\u00a0\u00a0\u00a0\u00a0 Spotykamy si\u0119 na przystanku MPK godzina 10.00 &#8211; ulica Warszawska- Tuwima, prosimy o bia\u0142o-czerwone elementy przy bluzie. do przej\u015bcia 5- 5,8 km<\/strong><\/p>\n<p><strong>14 maja 2022- \u015awi\u0119to Niezapominajki g.10.00 &#8211; przystanek MPK Tuwima blisko Pozort &#8211; zwiedzenie parku Pozorty, spacer \u0141ynostrad\u0105<\/strong><\/p>\n<p><strong>21 maja 2022 &#8211; maj\u00f3wka &#8211; 13 rocznica Ko\u0142a &#8211; przystanek MPK Stary Dw\u00f3r Kortowo &#8211; pieczenie kie\u0142basek , poszukiwanie skarb\u00f3w &#8211; wp\u0142ata 10,o z\u0142. Mo\u017cna jeszcze dop\u0142aci\u0107 podczas rajd\u00f3w.<\/strong><\/p>\n<p><strong>28 maja 2022 &#8211; spotkanie przy Wysokiej Bramie &#8211; spacer wzd\u0142u\u017c \u0141yny do WDK<\/strong><\/p>\n<p><strong>Uwaga: zaj\u0119cia strzeleckie w maju odwo\u0142ane<\/strong><\/p>\n","protected":false},"excerpt":{"rendered":"<p>5 maj 2022 -spotkanie w RDLP w Olsztynie 7 maj 2022 &#8211; Marsz na azymut z okazji 77 rocznicy Zwyci\u0119stwa \u00a0\u00a0\u00a0\u00a0\u00a0\u00a0\u00a0\u00a0\u00a0\u00a0\u00a0\u00a0\u00a0\u00a0\u00a0\u00a0\u00a0\u00a0\u00a0\u00a0\u00a0\u00a0\u00a0 Spotykamy si\u0119 na przystanku MPK godzina 10.00 &#8211; ulica Warszawska- Tuwima, prosimy o bia\u0142o-czerwone elementy przy bluzie. do przej\u015bcia 5- 5,8 km 14 maja 2022- \u015awi\u0119to Niezapominajki g.10.00 &#8211; przystanek MPK Tuwima blisko Pozort [&hellip;]<\/p>\n","protected":false},"author":2,"featured_media":0,"comment_status":"open","ping_status":"open","sticky":false,"template":"","format":"standard","meta":{"footnotes":""},"categories":[1],"tags":[],"class_list":["post-7075","post","type-post","status-publish","format-standard","hentry","category-bez-kategorii"],"_links":{"self":[{"href":"https:\/\/www.milosnicylasu.olsztyn.pl\/index.php?rest_route=\/wp\/v2\/posts\/7075","targetHints":{"allow":["GET"]}}],"collection":[{"href":"https:\/\/www.milosnicylasu.olsztyn.pl\/index.php?rest_route=\/wp\/v2\/posts"}],"about":[{"href":"https:\/\/www.milosnicylasu.olsztyn.pl\/index.php?rest_route=\/wp\/v2\/types\/post"}],"author":[{"embeddable":true,"href":"https:\/\/www.milosnicylasu.olsztyn.pl\/index.php?rest_route=\/wp\/v2\/users\/2"}],"replies":[{"embeddable":true,"href":"https:\/\/www.milosnicylasu.olsztyn.pl\/index.php?rest_route=%2Fwp%2Fv2%2Fcomments&post=7075"}],"version-history":[{"count":1,"href":"https:\/\/www.milosnicylasu.olsztyn.pl\/index.php?rest_route=\/wp\/v2\/posts\/7075\/revisions"}],"predecessor-version":[{"id":7077,"href":"https:\/\/www.milosnicylasu.olsztyn.pl\/index.php?rest_route=\/wp\/v2\/posts\/7075\/revisions\/7077"}],"wp:attachment":[{"href":"https:\/\/www.milosnicylasu.olsztyn.pl\/index.php?rest_route=%2Fwp%2Fv2%2Fmedia&parent=7075"}],"wp:term":[{"taxonomy":"category","embeddable":true,"href":"https:\/\/www.milosnicylasu.olsztyn.pl\/index.php?rest_route=%2Fwp%2Fv2%2Fcategories&post=7075"},{"taxonomy":"post_tag","embeddable":true,"href":"https:\/\/www.milosnicylasu.olsztyn.pl\/index.php?rest_route=%2Fwp%2Fv2%2Ftags&post=7075"}],"curies":[{"name":"wp","href":"https:\/\/api.w.org\/{rel}","templated":true}]}}