{"id":7085,"date":"2022-05-09T19:03:01","date_gmt":"2022-05-09T17:03:01","guid":{"rendered":"https:\/\/www.milosnicylasu.olsztyn.pl\/?p=7085"},"modified":"2022-05-09T19:06:23","modified_gmt":"2022-05-09T17:06:23","slug":"77-rocznica-zakonczenia-ii-wojny-swiatowej","status":"publish","type":"post","link":"https:\/\/www.milosnicylasu.olsztyn.pl\/?p=7085","title":{"rendered":"77 rocznica zako\u0144czenia II wojny \u015bwiatowej"},"content":{"rendered":"<p><strong>Dzie\u0144 Zwyci\u0119stwa obchodzony jest jako \u015bwi\u0119to zwyci\u0119stwa nad III\u00a0Rzesz\u0105 Niemieck\u0105 w\u00a0czasie II\u00a0wojny \u015bwiatowej.<\/strong><\/p>\n<p><strong>Dlaczego Zach\u00f3d za\u00a0Dzie\u0144 Zwyci\u0119stwa uznaje 8 maja, a\u00a0Rosja 9 maja? Wszystko zwi\u0105zane jest z\u00a0dat\u0105 ostatecznej kapitulacji Niemiec podczas II\u00a0wojny \u015bwiatowej.<\/strong><\/p>\n<p><strong>8 maja czy\u00a09 maja? <\/strong><\/p>\n<p><strong>Na pocz\u0105tku maja 1945 roku, po\u00a0niemal sze\u015bciu latach wojny, Niemcy zostali ostatecznie pokonani. Podpisanie aktu bezwarunkowej kapitulacji Niemiec nast\u0105pi\u0142o 8 maja 1945 roku o\u00a0godzinie 22:43 czasu \u015brodkowoeuropejskiego. W\u00a0tym momencie w\u00a0Moskwie by\u0142 ju\u017c 9 maja, godzina 00:43.<\/strong><\/p>\n<p><strong>Akt kapitulacji wszed\u0142 w\u00a0\u017cycie 8 maja o\u00a0godzinie 23:01 czasu \u015brodkowoeuropejskiego. W\u00a0Moskwie by\u0142 9 maja, godzina 1:01.<\/strong><\/p>\n<p><strong><a href=\"https:\/\/www.milosnicylasu.olsztyn.pl\/wp-content\/uploads\/2022\/05\/www-1.jpg\" data-rel=\"lightbox-image-0\" data-magnific_type=\"image\" data-rl_title=\"\" data-rl_caption=\"\" title=\"\"><img loading=\"lazy\" decoding=\"async\" class=\"size-medium wp-image-7087 alignleft\" src=\"https:\/\/www.milosnicylasu.olsztyn.pl\/wp-content\/uploads\/2022\/05\/www-1-300x225.jpg\" alt=\"\" width=\"300\" height=\"225\" srcset=\"https:\/\/www.milosnicylasu.olsztyn.pl\/wp-content\/uploads\/2022\/05\/www-1-300x225.jpg 300w, https:\/\/www.milosnicylasu.olsztyn.pl\/wp-content\/uploads\/2022\/05\/www-1-768x576.jpg 768w, https:\/\/www.milosnicylasu.olsztyn.pl\/wp-content\/uploads\/2022\/05\/www-1.jpg 1024w\" sizes=\"auto, (max-width: 300px) 100vw, 300px\" \/><\/a>Cz\u0142onkowie Ko\u0142a Mi\u0142o\u015bnik\u00f3w Lasu i Militari\u00f3w LOK w Olsztynie uczcili 77 rocznic\u0119 zako\u0144czenia II wojny \u015bwiatowej uczcili rajdem na azymut 7 maja 2022 roku. <a href=\"https:\/\/www.milosnicylasu.olsztyn.pl\/wp-content\/uploads\/2022\/05\/DSCN9176-www.jpg\" data-rel=\"lightbox-image-1\" data-magnific_type=\"image\" data-rl_title=\"\" data-rl_caption=\"\" title=\"\"><img loading=\"lazy\" decoding=\"async\" class=\"size-medium wp-image-7089 aligncenter\" src=\"https:\/\/www.milosnicylasu.olsztyn.pl\/wp-content\/uploads\/2022\/05\/DSCN9176-www-300x225.jpg\" alt=\"\" width=\"300\" height=\"225\" srcset=\"https:\/\/www.milosnicylasu.olsztyn.pl\/wp-content\/uploads\/2022\/05\/DSCN9176-www-300x225.jpg 300w, https:\/\/www.milosnicylasu.olsztyn.pl\/wp-content\/uploads\/2022\/05\/DSCN9176-www-768x576.jpg 768w, https:\/\/www.milosnicylasu.olsztyn.pl\/wp-content\/uploads\/2022\/05\/DSCN9176-www.jpg 1024w\" sizes=\"auto, (max-width: 300px) 100vw, 300px\" \/><\/a><a href=\"https:\/\/www.milosnicylasu.olsztyn.pl\/wp-content\/uploads\/2022\/05\/DSCN9173.jpg\" data-rel=\"lightbox-image-2\" data-magnific_type=\"image\" data-rl_title=\"\" data-rl_caption=\"\" title=\"\"><img loading=\"lazy\" decoding=\"async\" class=\"size-medium wp-image-7086 alignright\" src=\"https:\/\/www.milosnicylasu.olsztyn.pl\/wp-content\/uploads\/2022\/05\/DSCN9173-300x225.jpg\" alt=\"\" width=\"300\" height=\"225\" srcset=\"https:\/\/www.milosnicylasu.olsztyn.pl\/wp-content\/uploads\/2022\/05\/DSCN9173-300x225.jpg 300w, https:\/\/www.milosnicylasu.olsztyn.pl\/wp-content\/uploads\/2022\/05\/DSCN9173-1024x768.jpg 1024w, https:\/\/www.milosnicylasu.olsztyn.pl\/wp-content\/uploads\/2022\/05\/DSCN9173-768x576.jpg 768w, https:\/\/www.milosnicylasu.olsztyn.pl\/wp-content\/uploads\/2022\/05\/DSCN9173-1536x1152.jpg 1536w, https:\/\/www.milosnicylasu.olsztyn.pl\/wp-content\/uploads\/2022\/05\/DSCN9173.jpg 1600w\" sizes=\"auto, (max-width: 300px) 100vw, 300px\" \/><\/a><\/strong><\/p>\n<p>&nbsp;<\/p>\n<p>&nbsp;<\/p>\n<p><strong>Trasa rajdu przebiega\u0142a zgodnie z przygotowan\u0105 przez Tolka Leszczy\u0144skiego map\u0105 &#8211; przez akademickie miasteczko kortowskie, wzd\u0142u\u017c Jeziora Kortowskiego a\u017c do ulicy Armii Krajowej.<\/strong><\/p>\n<p><strong>Nie zawsze by\u0142o \u0142atwo&#8230;&#8230;&#8230;&#8230;&#8230;<a href=\"https:\/\/www.milosnicylasu.olsztyn.pl\/wp-content\/uploads\/2022\/05\/DSCN9171-www.jpg\" data-rel=\"lightbox-image-3\" data-magnific_type=\"image\" data-rl_title=\"\" data-rl_caption=\"\" title=\"\"><img loading=\"lazy\" decoding=\"async\" class=\"size-medium wp-image-7088 aligncenter\" src=\"https:\/\/www.milosnicylasu.olsztyn.pl\/wp-content\/uploads\/2022\/05\/DSCN9171-www-300x225.jpg\" alt=\"\" width=\"300\" height=\"225\" srcset=\"https:\/\/www.milosnicylasu.olsztyn.pl\/wp-content\/uploads\/2022\/05\/DSCN9171-www-300x225.jpg 300w, https:\/\/www.milosnicylasu.olsztyn.pl\/wp-content\/uploads\/2022\/05\/DSCN9171-www-768x576.jpg 768w, https:\/\/www.milosnicylasu.olsztyn.pl\/wp-content\/uploads\/2022\/05\/DSCN9171-www.jpg 1024w\" sizes=\"auto, (max-width: 300px) 100vw, 300px\" \/><\/a><\/strong><\/p>\n","protected":false},"excerpt":{"rendered":"<p>Dzie\u0144 Zwyci\u0119stwa obchodzony jest jako \u015bwi\u0119to zwyci\u0119stwa nad III\u00a0Rzesz\u0105 Niemieck\u0105 w\u00a0czasie II\u00a0wojny \u015bwiatowej. Dlaczego Zach\u00f3d za\u00a0Dzie\u0144 Zwyci\u0119stwa uznaje 8 maja, a\u00a0Rosja 9 maja? Wszystko zwi\u0105zane jest z\u00a0dat\u0105 ostatecznej kapitulacji Niemiec podczas II\u00a0wojny \u015bwiatowej. 8 maja czy\u00a09 maja? Na pocz\u0105tku maja 1945 roku, po\u00a0niemal sze\u015bciu latach wojny, Niemcy zostali ostatecznie pokonani. Podpisanie aktu bezwarunkowej kapitulacji Niemiec [&hellip;]<\/p>\n","protected":false},"author":2,"featured_media":0,"comment_status":"open","ping_status":"open","sticky":false,"template":"","format":"standard","meta":{"footnotes":""},"categories":[1,9,17,2],"tags":[],"class_list":["post-7085","post","type-post","status-publish","format-standard","hentry","category-bez-kategorii","category-ciekawostki","category-edukacja-w-terenie","category-rajdy"],"_links":{"self":[{"href":"https:\/\/www.milosnicylasu.olsztyn.pl\/index.php?rest_route=\/wp\/v2\/posts\/7085","targetHints":{"allow":["GET"]}}],"collection":[{"href":"https:\/\/www.milosnicylasu.olsztyn.pl\/index.php?rest_route=\/wp\/v2\/posts"}],"about":[{"href":"https:\/\/www.milosnicylasu.olsztyn.pl\/index.php?rest_route=\/wp\/v2\/types\/post"}],"author":[{"embeddable":true,"href":"https:\/\/www.milosnicylasu.olsztyn.pl\/index.php?rest_route=\/wp\/v2\/users\/2"}],"replies":[{"embeddable":true,"href":"https:\/\/www.milosnicylasu.olsztyn.pl\/index.php?rest_route=%2Fwp%2Fv2%2Fcomments&post=7085"}],"version-history":[{"count":5,"href":"https:\/\/www.milosnicylasu.olsztyn.pl\/index.php?rest_route=\/wp\/v2\/posts\/7085\/revisions"}],"predecessor-version":[{"id":7094,"href":"https:\/\/www.milosnicylasu.olsztyn.pl\/index.php?rest_route=\/wp\/v2\/posts\/7085\/revisions\/7094"}],"wp:attachment":[{"href":"https:\/\/www.milosnicylasu.olsztyn.pl\/index.php?rest_route=%2Fwp%2Fv2%2Fmedia&parent=7085"}],"wp:term":[{"taxonomy":"category","embeddable":true,"href":"https:\/\/www.milosnicylasu.olsztyn.pl\/index.php?rest_route=%2Fwp%2Fv2%2Fcategories&post=7085"},{"taxonomy":"post_tag","embeddable":true,"href":"https:\/\/www.milosnicylasu.olsztyn.pl\/index.php?rest_route=%2Fwp%2Fv2%2Ftags&post=7085"}],"curies":[{"name":"wp","href":"https:\/\/api.w.org\/{rel}","templated":true}]}}