{"id":7099,"date":"2022-05-09T20:20:50","date_gmt":"2022-05-09T18:20:50","guid":{"rendered":"https:\/\/www.milosnicylasu.olsztyn.pl\/?p=7099"},"modified":"2022-05-10T17:51:10","modified_gmt":"2022-05-10T15:51:10","slug":"brzozowa-milosc","status":"publish","type":"post","link":"https:\/\/www.milosnicylasu.olsztyn.pl\/?p=7099","title":{"rendered":"Brzozowa Mi\u0142o\u015b\u0107 ?"},"content":{"rendered":"<p><a href=\"https:\/\/www.milosnicylasu.olsztyn.pl\/wp-content\/uploads\/2022\/05\/P5080002-www.jpg\" data-rel=\"lightbox-image-0\" data-magnific_type=\"image\" data-rl_title=\"\" data-rl_caption=\"\" title=\"\"><img loading=\"lazy\" decoding=\"async\" class=\"size-medium wp-image-7096 alignleft\" src=\"https:\/\/www.milosnicylasu.olsztyn.pl\/wp-content\/uploads\/2022\/05\/P5080002-www-225x300.jpg\" alt=\"\" width=\"225\" height=\"300\" srcset=\"https:\/\/www.milosnicylasu.olsztyn.pl\/wp-content\/uploads\/2022\/05\/P5080002-www-225x300.jpg 225w, https:\/\/www.milosnicylasu.olsztyn.pl\/wp-content\/uploads\/2022\/05\/P5080002-www.jpg 768w\" sizes=\"auto, (max-width: 225px) 100vw, 225px\" \/><\/a><\/p>\n<p><strong>Takie dwie przytulone brzozy rosn\u0105 w Orzechowie blisko\u00a0 ko\u015bcio\u0142a, kt\u00f3ry zosta\u0142 zbudowany e 1910 roku, z inicjatywy ks. Proboszcza Kierszpowskiego. Ko\u015bci\u00f3\u0142 uwa\u017cany jest za jeden z najpi\u0119kniejszych na terenie gminy Olsztynek. Przy drodze do Plusek czynny jest jeszcze cmentarz katolicki, za\u0142o\u017cony na pocz\u0105tku XX w.<\/strong><\/p>\n<p><strong>Orzechowo wyludni\u0142o si\u0119 niemal kompletnie wskutek aktywnej dzia\u0142alno\u015bci pobliskiego o\u015brodka rz\u0105dowego w \u0141a\u0144sku. Taka by\u0142a wtedy polityka: wioski w okolicach o\u015brodka wyludni\u0107 i przy\u0142\u0105czy\u0107 do &#8222;\u0142a\u0144skiego imperium&#8221; jak nazywano ten o\u015brodek. Mieszka\u0144com proponowano inne miejsca, a niekt\u00f3rych kuszono mo\u017cliwo\u015bci\u0105 wyjazdu na sta\u0142e do Niemiec. Wielu skorzysta\u0142o, m.in. z Plusk, Rybak\u00f3w, Kurek, a tak\u017ce nieco dalej po\u0142o\u017conej Starej Kaletki.<\/strong><\/p>\n<p><a href=\"https:\/\/www.milosnicylasu.olsztyn.pl\/wp-content\/uploads\/2022\/05\/www-2.jpg\" data-rel=\"lightbox-image-1\" data-magnific_type=\"image\" data-rl_title=\"\" data-rl_caption=\"\" title=\"\"><img loading=\"lazy\" decoding=\"async\" class=\"size-medium wp-image-7109 alignright\" src=\"https:\/\/www.milosnicylasu.olsztyn.pl\/wp-content\/uploads\/2022\/05\/www-2-225x300.jpg\" alt=\"\" width=\"225\" height=\"300\" srcset=\"https:\/\/www.milosnicylasu.olsztyn.pl\/wp-content\/uploads\/2022\/05\/www-2-225x300.jpg 225w, https:\/\/www.milosnicylasu.olsztyn.pl\/wp-content\/uploads\/2022\/05\/www-2.jpg 768w\" sizes=\"auto, (max-width: 225px) 100vw, 225px\" \/><\/a><\/p>\n<p><a href=\"https:\/\/www.milosnicylasu.olsztyn.pl\/wp-content\/uploads\/2022\/05\/P5080012-www.jpg\" data-rel=\"lightbox-image-2\" data-magnific_type=\"image\" data-rl_title=\"\" data-rl_caption=\"\" title=\"\"><img loading=\"lazy\" decoding=\"async\" class=\"size-medium wp-image-7100\" src=\"https:\/\/www.milosnicylasu.olsztyn.pl\/wp-content\/uploads\/2022\/05\/P5080012-www-300x225.jpg\" alt=\"\" width=\"300\" height=\"225\" srcset=\"https:\/\/www.milosnicylasu.olsztyn.pl\/wp-content\/uploads\/2022\/05\/P5080012-www-300x225.jpg 300w, https:\/\/www.milosnicylasu.olsztyn.pl\/wp-content\/uploads\/2022\/05\/P5080012-www-768x576.jpg 768w, https:\/\/www.milosnicylasu.olsztyn.pl\/wp-content\/uploads\/2022\/05\/P5080012-www.jpg 1024w\" sizes=\"auto, (max-width: 300px) 100vw, 300px\" \/><\/a><\/p>\n<p><strong>Jednak Orzechowo, dzi\u015b kompletnie wyludnione, ma wcale d\u0142ug\u0105 i bogat\u0105 histori\u0119. Powsta\u0142o prawdopodobnie jako osada m\u0142y\u0144ska w roku 1575 w dobrach kapitu\u0142y warmi\u0144skiej. By\u0142 tam ko\u015bci\u00f3\u0142, sk\u0105d corocznie wyrusza\u0142a pielgrzymka do G\u0142otowa. Na prze\u0142omie XVIII i XIX wieku Orzechowo okre\u015blano jako \u201ekr\u00f3lewsk\u0105\u00a0 wie\u015b ch\u0142opsk\u0105\u201d, mia\u0142o w\u00f3wczas 85 mieszka\u0144c\u00f3w. Tu\u017c przed II wojn\u0105 \u015bwiatow\u0105 w 1939 r. mieszka\u0142o tu 14 rodzin, by\u0142a szko\u0142a, dom parafialny dla starszych ludzi, ku\u017ania. Co dziwne &#8211; wie\u015b jest wyludniona, ale byli\u015bmy tam w niedziel\u0119, 8 maja i ko\u015bci\u00f3\u0142 podczas mszy o godzinie 11.0 &#8211; by\u0142 pe\u0142en ludzi.<br \/>\n<\/strong><\/p>\n<p><strong>Wewn\u0105trz ko\u015bcio\u0142a znajduje si\u0119 wiele rzeczy wykonanych przy wykorzystaniu rog\u00f3w.<\/strong><\/p>\n<p><a href=\"https:\/\/www.milosnicylasu.olsztyn.pl\/wp-content\/uploads\/2022\/05\/P5080027-www.jpg\" data-rel=\"lightbox-image-3\" data-magnific_type=\"image\" data-rl_title=\"\" data-rl_caption=\"\" title=\"\"><img loading=\"lazy\" decoding=\"async\" class=\"size-medium wp-image-7108\" src=\"https:\/\/www.milosnicylasu.olsztyn.pl\/wp-content\/uploads\/2022\/05\/P5080027-www-300x225.jpg\" alt=\"\" width=\"300\" height=\"225\" srcset=\"https:\/\/www.milosnicylasu.olsztyn.pl\/wp-content\/uploads\/2022\/05\/P5080027-www-300x225.jpg 300w, https:\/\/www.milosnicylasu.olsztyn.pl\/wp-content\/uploads\/2022\/05\/P5080027-www-768x576.jpg 768w, https:\/\/www.milosnicylasu.olsztyn.pl\/wp-content\/uploads\/2022\/05\/P5080027-www.jpg 1024w\" sizes=\"auto, (max-width: 300px) 100vw, 300px\" \/><\/a><\/p>\n<p><a href=\"https:\/\/www.milosnicylasu.olsztyn.pl\/wp-content\/uploads\/2022\/05\/P5080020-www.jpg\" data-rel=\"lightbox-image-4\" data-magnific_type=\"image\" data-rl_title=\"\" data-rl_caption=\"\" title=\"\"><img loading=\"lazy\" decoding=\"async\" class=\"size-medium wp-image-7106 alignright\" src=\"https:\/\/www.milosnicylasu.olsztyn.pl\/wp-content\/uploads\/2022\/05\/P5080020-www-300x225.jpg\" alt=\"\" width=\"300\" height=\"225\" srcset=\"https:\/\/www.milosnicylasu.olsztyn.pl\/wp-content\/uploads\/2022\/05\/P5080020-www-300x225.jpg 300w, https:\/\/www.milosnicylasu.olsztyn.pl\/wp-content\/uploads\/2022\/05\/P5080020-www-768x576.jpg 768w, https:\/\/www.milosnicylasu.olsztyn.pl\/wp-content\/uploads\/2022\/05\/P5080020-www.jpg 1024w\" sizes=\"auto, (max-width: 300px) 100vw, 300px\" \/><\/a><\/p>\n<p>&nbsp;<\/p>\n<p>&nbsp;<\/p>\n<p>&nbsp;<\/p>\n","protected":false},"excerpt":{"rendered":"<p>Takie dwie przytulone brzozy rosn\u0105 w Orzechowie blisko\u00a0 ko\u015bcio\u0142a, kt\u00f3ry zosta\u0142 zbudowany e 1910 roku, z inicjatywy ks. Proboszcza Kierszpowskiego. Ko\u015bci\u00f3\u0142 uwa\u017cany jest za jeden z najpi\u0119kniejszych na terenie gminy Olsztynek. Przy drodze do Plusek czynny jest jeszcze cmentarz katolicki, za\u0142o\u017cony na pocz\u0105tku XX w. Orzechowo wyludni\u0142o si\u0119 niemal kompletnie wskutek aktywnej dzia\u0142alno\u015bci pobliskiego o\u015brodka [&hellip;]<\/p>\n","protected":false},"author":2,"featured_media":0,"comment_status":"open","ping_status":"open","sticky":false,"template":"","format":"standard","meta":{"footnotes":""},"categories":[1],"tags":[],"class_list":["post-7099","post","type-post","status-publish","format-standard","hentry","category-bez-kategorii"],"_links":{"self":[{"href":"https:\/\/www.milosnicylasu.olsztyn.pl\/index.php?rest_route=\/wp\/v2\/posts\/7099","targetHints":{"allow":["GET"]}}],"collection":[{"href":"https:\/\/www.milosnicylasu.olsztyn.pl\/index.php?rest_route=\/wp\/v2\/posts"}],"about":[{"href":"https:\/\/www.milosnicylasu.olsztyn.pl\/index.php?rest_route=\/wp\/v2\/types\/post"}],"author":[{"embeddable":true,"href":"https:\/\/www.milosnicylasu.olsztyn.pl\/index.php?rest_route=\/wp\/v2\/users\/2"}],"replies":[{"embeddable":true,"href":"https:\/\/www.milosnicylasu.olsztyn.pl\/index.php?rest_route=%2Fwp%2Fv2%2Fcomments&post=7099"}],"version-history":[{"count":7,"href":"https:\/\/www.milosnicylasu.olsztyn.pl\/index.php?rest_route=\/wp\/v2\/posts\/7099\/revisions"}],"predecessor-version":[{"id":7111,"href":"https:\/\/www.milosnicylasu.olsztyn.pl\/index.php?rest_route=\/wp\/v2\/posts\/7099\/revisions\/7111"}],"wp:attachment":[{"href":"https:\/\/www.milosnicylasu.olsztyn.pl\/index.php?rest_route=%2Fwp%2Fv2%2Fmedia&parent=7099"}],"wp:term":[{"taxonomy":"category","embeddable":true,"href":"https:\/\/www.milosnicylasu.olsztyn.pl\/index.php?rest_route=%2Fwp%2Fv2%2Fcategories&post=7099"},{"taxonomy":"post_tag","embeddable":true,"href":"https:\/\/www.milosnicylasu.olsztyn.pl\/index.php?rest_route=%2Fwp%2Fv2%2Ftags&post=7099"}],"curies":[{"name":"wp","href":"https:\/\/api.w.org\/{rel}","templated":true}]}}