{"id":7116,"date":"2022-05-14T22:36:30","date_gmt":"2022-05-14T20:36:30","guid":{"rendered":"https:\/\/www.milosnicylasu.olsztyn.pl\/?p=7116"},"modified":"2022-05-14T22:54:29","modified_gmt":"2022-05-14T20:54:29","slug":"swieto-polskiej-niezapominajki-2","status":"publish","type":"post","link":"https:\/\/www.milosnicylasu.olsztyn.pl\/?p=7116","title":{"rendered":"\u015awi\u0119to Polskiej Niezapominajki"},"content":{"rendered":"<p><strong>Wa\u017cne przyrodnicze \u015bwi\u0119to obchodzili\u015bmy dzie\u0144 wcze\u015bniej &#8211; 14 maja 2022 roku, w Parku Pozorty i na \u0141ynostradzie. A tak dla przypomnienia :<\/strong><\/p>\n<p><strong><span class=\"ILfuVd\"><span class=\"hgKElc\"><a href=\"https:\/\/www.milosnicylasu.olsztyn.pl\/wp-content\/uploads\/2020\/05\/DSCN5370-www.jpg\" data-rel=\"lightbox-image-0\" data-magnific_type=\"image\" data-rl_title=\"\" data-rl_caption=\"\" title=\"\"><img loading=\"lazy\" decoding=\"async\" class=\"size-medium wp-image-5502 alignleft\" src=\"https:\/\/www.milosnicylasu.olsztyn.pl\/wp-content\/uploads\/2020\/05\/DSCN5370-www-300x169.jpg\" alt=\"\" width=\"300\" height=\"169\" srcset=\"https:\/\/www.milosnicylasu.olsztyn.pl\/wp-content\/uploads\/2020\/05\/DSCN5370-www-300x169.jpg 300w, https:\/\/www.milosnicylasu.olsztyn.pl\/wp-content\/uploads\/2020\/05\/DSCN5370-www-768x432.jpg 768w, https:\/\/www.milosnicylasu.olsztyn.pl\/wp-content\/uploads\/2020\/05\/DSCN5370-www-730x410.jpg 730w, https:\/\/www.milosnicylasu.olsztyn.pl\/wp-content\/uploads\/2020\/05\/DSCN5370-www.jpg 1024w\" sizes=\"auto, (max-width: 300px) 100vw, 300px\" \/><\/a>Dzie\u0144 Polskiej Niezapominajki \u2013 \u015bwi\u0119to przyrody obchodzone corocznie 15 maja, maj\u0105ce na celu promowanie jej walor\u00f3w, sta\u0142e przypominanie o ochronie \u015brodowiska i zachowaniu r\u00f3\u017cnorodno\u015bci biologicznej Polski. \u015awi\u0119to ma r\u00f3wnie\u017c na celu zachowanie od zapomnienia wa\u017cnych chwil w \u017cyciu, os\u00f3b, miejsc i sytuacji. <\/span><\/span>M\u0105dre \u015awi\u0119to&#8230;&#8230;&#8230;&#8230;.<a href=\"https:\/\/www.milosnicylasu.olsztyn.pl\/wp-content\/uploads\/2022\/05\/DSCN9206-www.jpg\" data-rel=\"lightbox-image-1\" data-magnific_type=\"image\" data-rl_title=\"\" data-rl_caption=\"\" title=\"\"><img loading=\"lazy\" decoding=\"async\" class=\"size-medium wp-image-7121 alignright\" src=\"https:\/\/www.milosnicylasu.olsztyn.pl\/wp-content\/uploads\/2022\/05\/DSCN9206-www-300x225.jpg\" alt=\"\" width=\"300\" height=\"225\" srcset=\"https:\/\/www.milosnicylasu.olsztyn.pl\/wp-content\/uploads\/2022\/05\/DSCN9206-www-300x225.jpg 300w, https:\/\/www.milosnicylasu.olsztyn.pl\/wp-content\/uploads\/2022\/05\/DSCN9206-www-768x576.jpg 768w, https:\/\/www.milosnicylasu.olsztyn.pl\/wp-content\/uploads\/2022\/05\/DSCN9206-www.jpg 1024w\" sizes=\"auto, (max-width: 300px) 100vw, 300px\" \/><\/a><\/strong><\/p>\n<p><strong>W czasie sobotniego rajdu przekonali\u015bmy si\u0119, \u017ce Park w Pozortach to miejsce bardzo urokliwe, chocia\u017c troch\u0119 zapomniane. Le\u017cy nieopodal \u0141yny, w okolicy okre\u015blanej jako zielona oaza Olsztyna. Niegdy\u015b Pozorty by\u0142y samodzieln\u0105 jednostk\u0105 administracyjn\u0105, p\u00f3\u017aniej po\u0142\u0105czono je z Brzezinami.<a href=\"https:\/\/www.milosnicylasu.olsztyn.pl\/wp-content\/uploads\/2022\/05\/DSCN9184-www.jpg\" data-rel=\"lightbox-image-2\" data-magnific_type=\"image\" data-rl_title=\"\" data-rl_caption=\"\" title=\"\"><img loading=\"lazy\" decoding=\"async\" class=\"size-medium wp-image-7122 aligncenter\" src=\"https:\/\/www.milosnicylasu.olsztyn.pl\/wp-content\/uploads\/2022\/05\/DSCN9184-www-300x225.jpg\" alt=\"\" width=\"300\" height=\"225\" srcset=\"https:\/\/www.milosnicylasu.olsztyn.pl\/wp-content\/uploads\/2022\/05\/DSCN9184-www-300x225.jpg 300w, https:\/\/www.milosnicylasu.olsztyn.pl\/wp-content\/uploads\/2022\/05\/DSCN9184-www-768x576.jpg 768w, https:\/\/www.milosnicylasu.olsztyn.pl\/wp-content\/uploads\/2022\/05\/DSCN9184-www.jpg 1024w\" sizes=\"auto, (max-width: 300px) 100vw, 300px\" \/><\/a><\/strong><\/p>\n<p><strong>Od XIV w. istnia\u0142 tutaj dw\u00f3r Kapitu\u0142y Warmi\u0144skiej, kt\u00f3ry w 1772 r. zosta\u0142 przej\u0119ty przez pruski skarb pa\u0144stwa.<\/strong><\/p>\n<p><strong>Od 1882r. dzier\u017cawc\u0105 Starego Dworu i Pozort by\u0142 radca kr\u00f3lewski Karl Petzig, kt\u00f3ry rezydowa\u0142 we dworze w Pozortach wraz ze swoj\u0105 ma\u0142\u017conk\u0105 Auguste zd. Oppermann Patzig spoczywaj\u0105 na przy maj\u0105tkowym cmentarzu.<a href=\"https:\/\/www.milosnicylasu.olsztyn.pl\/wp-content\/uploads\/2022\/05\/DSCN9185-www.jpg\" data-rel=\"lightbox-image-3\" data-magnific_type=\"image\" data-rl_title=\"\" data-rl_caption=\"\" title=\"\"><img loading=\"lazy\" decoding=\"async\" class=\"size-medium wp-image-7128 alignright\" src=\"https:\/\/www.milosnicylasu.olsztyn.pl\/wp-content\/uploads\/2022\/05\/DSCN9185-www-300x225.jpg\" alt=\"\" width=\"300\" height=\"225\" srcset=\"https:\/\/www.milosnicylasu.olsztyn.pl\/wp-content\/uploads\/2022\/05\/DSCN9185-www-300x225.jpg 300w, https:\/\/www.milosnicylasu.olsztyn.pl\/wp-content\/uploads\/2022\/05\/DSCN9185-www-768x576.jpg 768w, https:\/\/www.milosnicylasu.olsztyn.pl\/wp-content\/uploads\/2022\/05\/DSCN9185-www.jpg 1024w\" sizes=\"auto, (max-width: 300px) 100vw, 300px\" \/><\/a><a href=\"https:\/\/www.milosnicylasu.olsztyn.pl\/wp-content\/uploads\/2022\/05\/DSCN9181-www.jpg\" data-rel=\"lightbox-image-4\" data-magnific_type=\"image\" data-rl_title=\"\" data-rl_caption=\"\" title=\"\"><img loading=\"lazy\" decoding=\"async\" class=\"size-medium wp-image-7118 alignleft\" src=\"https:\/\/www.milosnicylasu.olsztyn.pl\/wp-content\/uploads\/2022\/05\/DSCN9181-www-225x300.jpg\" alt=\"\" width=\"225\" height=\"300\" srcset=\"https:\/\/www.milosnicylasu.olsztyn.pl\/wp-content\/uploads\/2022\/05\/DSCN9181-www-225x300.jpg 225w, https:\/\/www.milosnicylasu.olsztyn.pl\/wp-content\/uploads\/2022\/05\/DSCN9181-www.jpg 768w\" sizes=\"auto, (max-width: 225px) 100vw, 225px\" \/><\/a><\/strong><\/p>\n<p>&nbsp;<\/p>\n<p><strong>W latach 1904-1921 dzier\u017cawc\u0105 maj\u0105tku sta\u0142 si\u0119 Ludwig Gregor Herman Jacobi genera\u0142 major pruski wojskowy, jego ma\u0142\u017conk\u0105 by\u0142a c\u00f3rka poprzednich dzier\u017cawc\u00f3w Maria\u00a0 zd.Patzig, spoczywaj\u0105 obok na tym samym cmentarzu.<a href=\"https:\/\/www.milosnicylasu.olsztyn.pl\/wp-content\/uploads\/2022\/05\/DSCN9182-www.jpg\" data-rel=\"lightbox-image-5\" data-magnific_type=\"image\" data-rl_title=\"\" data-rl_caption=\"\" title=\"\"><img loading=\"lazy\" decoding=\"async\" class=\"size-medium wp-image-7119 alignright\" src=\"https:\/\/www.milosnicylasu.olsztyn.pl\/wp-content\/uploads\/2022\/05\/DSCN9182-www-300x225.jpg\" alt=\"\" width=\"300\" height=\"225\" srcset=\"https:\/\/www.milosnicylasu.olsztyn.pl\/wp-content\/uploads\/2022\/05\/DSCN9182-www-300x225.jpg 300w, https:\/\/www.milosnicylasu.olsztyn.pl\/wp-content\/uploads\/2022\/05\/DSCN9182-www-768x576.jpg 768w, https:\/\/www.milosnicylasu.olsztyn.pl\/wp-content\/uploads\/2022\/05\/DSCN9182-www.jpg 1024w\" sizes=\"auto, (max-width: 300px) 100vw, 300px\" \/><\/a><\/strong><\/p>\n<p><strong>Dw\u00f3r w 1945r. zosta\u0142 spalony.<\/strong><\/p>\n<p><strong>Po II wojnie \u015bwiatowej tereny maj\u0105tku dworskiego\u00a0 o powierzchni 756 ha przypad\u0142y Wy\u017cszej Szkole Rolniczej (obecnie Uniwersytet Warmi\u0144sko-Mazurski).<a href=\"https:\/\/www.milosnicylasu.olsztyn.pl\/wp-content\/uploads\/2022\/05\/DSCN9208-www.jpg\" data-rel=\"lightbox-image-6\" data-magnific_type=\"image\" data-rl_title=\"\" data-rl_caption=\"\" title=\"\"><img loading=\"lazy\" decoding=\"async\" class=\"size-medium wp-image-7120 aligncenter\" src=\"https:\/\/www.milosnicylasu.olsztyn.pl\/wp-content\/uploads\/2022\/05\/DSCN9208-www-300x225.jpg\" alt=\"\" width=\"300\" height=\"225\" srcset=\"https:\/\/www.milosnicylasu.olsztyn.pl\/wp-content\/uploads\/2022\/05\/DSCN9208-www-300x225.jpg 300w, https:\/\/www.milosnicylasu.olsztyn.pl\/wp-content\/uploads\/2022\/05\/DSCN9208-www-768x576.jpg 768w, https:\/\/www.milosnicylasu.olsztyn.pl\/wp-content\/uploads\/2022\/05\/DSCN9208-www.jpg 1024w\" sizes=\"auto, (max-width: 300px) 100vw, 300px\" \/><\/a><\/strong><\/p>\n<p><strong><a href=\"https:\/\/www.milosnicylasu.olsztyn.pl\/wp-content\/uploads\/2022\/05\/DSCN9195-www.jpg\" data-rel=\"lightbox-image-7\" data-magnific_type=\"image\" data-rl_title=\"\" data-rl_caption=\"\" title=\"\"><img loading=\"lazy\" decoding=\"async\" class=\"size-medium wp-image-7123 alignleft\" src=\"https:\/\/www.milosnicylasu.olsztyn.pl\/wp-content\/uploads\/2022\/05\/DSCN9195-www-300x225.jpg\" alt=\"\" width=\"300\" height=\"225\" srcset=\"https:\/\/www.milosnicylasu.olsztyn.pl\/wp-content\/uploads\/2022\/05\/DSCN9195-www-300x225.jpg 300w, https:\/\/www.milosnicylasu.olsztyn.pl\/wp-content\/uploads\/2022\/05\/DSCN9195-www-768x576.jpg 768w, https:\/\/www.milosnicylasu.olsztyn.pl\/wp-content\/uploads\/2022\/05\/DSCN9195-www.jpg 1024w\" sizes=\"auto, (max-width: 300px) 100vw, 300px\" \/><\/a>W XVIII w. w pobli\u017cu dworu za\u0142o\u017cono zachowany w du\u017cej cz\u0119\u015bci do dzi\u015b park, kt\u00f3ry rozwijano tak\u017ce w kolejnym stuleciu. Posadzono tu wiele rzadkich w naszych stronach gatunk\u00f3w drzew, takich jak zwisaj\u0105ca odmiana buku zwyczajnego, \u015bwierk niebieski, \u015bwierk kanadyjski, choina kanadyjska, d\u0105b czerwony czy d\u0105b szypu\u0142kowy. <a href=\"https:\/\/www.milosnicylasu.olsztyn.pl\/wp-content\/uploads\/2022\/05\/DSCN9211-www.jpg\" data-rel=\"lightbox-image-8\" data-magnific_type=\"image\" data-rl_title=\"\" data-rl_caption=\"\" title=\"\"><img loading=\"lazy\" decoding=\"async\" class=\"size-medium wp-image-7117 alignright\" src=\"https:\/\/www.milosnicylasu.olsztyn.pl\/wp-content\/uploads\/2022\/05\/DSCN9211-www-300x225.jpg\" alt=\"\" width=\"300\" height=\"225\" srcset=\"https:\/\/www.milosnicylasu.olsztyn.pl\/wp-content\/uploads\/2022\/05\/DSCN9211-www-300x225.jpg 300w, https:\/\/www.milosnicylasu.olsztyn.pl\/wp-content\/uploads\/2022\/05\/DSCN9211-www-768x576.jpg 768w, https:\/\/www.milosnicylasu.olsztyn.pl\/wp-content\/uploads\/2022\/05\/DSCN9211-www.jpg 1024w\" sizes=\"auto, (max-width: 300px) 100vw, 300px\" \/><\/a>Obecnie znaczna cz\u0119\u015b\u0107 z tych okaz\u00f3w to pomniki przyrody. <\/strong><\/p>\n<p>&nbsp;<\/p>\n<p><strong><a href=\"https:\/\/www.milosnicylasu.olsztyn.pl\/wp-content\/uploads\/2022\/05\/DSCN9202-www.jpg\" data-rel=\"lightbox-image-9\" data-magnific_type=\"image\" data-rl_title=\"\" data-rl_caption=\"\" title=\"\"><img loading=\"lazy\" decoding=\"async\" class=\"size-medium wp-image-7124 aligncenter\" src=\"https:\/\/www.milosnicylasu.olsztyn.pl\/wp-content\/uploads\/2022\/05\/DSCN9202-www-300x225.jpg\" alt=\"\" width=\"300\" height=\"225\" srcset=\"https:\/\/www.milosnicylasu.olsztyn.pl\/wp-content\/uploads\/2022\/05\/DSCN9202-www-300x225.jpg 300w, https:\/\/www.milosnicylasu.olsztyn.pl\/wp-content\/uploads\/2022\/05\/DSCN9202-www-768x576.jpg 768w, https:\/\/www.milosnicylasu.olsztyn.pl\/wp-content\/uploads\/2022\/05\/DSCN9202-www.jpg 1024w\" sizes=\"auto, (max-width: 300px) 100vw, 300px\" \/><\/a>W zespole dworsko-parkowym zachowa\u0142y si\u0119 tak\u017ce zabudowania przedwojennego folwarku, a nieopodal \u2013 cmentarz rodowy. Szkoda, \u017ce jest tak zaniedbany. Dzi\u0119kujemy Stefanii i Antoniemu\u00a0 Jarczykom, kt\u00f3rzy przygotowali materia\u0142 na dzisiejszy rajd, opowiedzieli i oprowadzili po parku w Pozortach i po \u0141ynostradzie.<\/strong><\/p>\n<p>&nbsp;<\/p>\n","protected":false},"excerpt":{"rendered":"<p>Wa\u017cne przyrodnicze \u015bwi\u0119to obchodzili\u015bmy dzie\u0144 wcze\u015bniej &#8211; 14 maja 2022 roku, w Parku Pozorty i na \u0141ynostradzie. A tak dla przypomnienia : Dzie\u0144 Polskiej Niezapominajki \u2013 \u015bwi\u0119to przyrody obchodzone corocznie 15 maja, maj\u0105ce na celu promowanie jej walor\u00f3w, sta\u0142e przypominanie o ochronie \u015brodowiska i zachowaniu r\u00f3\u017cnorodno\u015bci biologicznej Polski. \u015awi\u0119to ma r\u00f3wnie\u017c na celu zachowanie od [&hellip;]<\/p>\n","protected":false},"author":2,"featured_media":0,"comment_status":"open","ping_status":"open","sticky":false,"template":"","format":"standard","meta":{"footnotes":""},"categories":[1],"tags":[],"class_list":["post-7116","post","type-post","status-publish","format-standard","hentry","category-bez-kategorii"],"_links":{"self":[{"href":"https:\/\/www.milosnicylasu.olsztyn.pl\/index.php?rest_route=\/wp\/v2\/posts\/7116","targetHints":{"allow":["GET"]}}],"collection":[{"href":"https:\/\/www.milosnicylasu.olsztyn.pl\/index.php?rest_route=\/wp\/v2\/posts"}],"about":[{"href":"https:\/\/www.milosnicylasu.olsztyn.pl\/index.php?rest_route=\/wp\/v2\/types\/post"}],"author":[{"embeddable":true,"href":"https:\/\/www.milosnicylasu.olsztyn.pl\/index.php?rest_route=\/wp\/v2\/users\/2"}],"replies":[{"embeddable":true,"href":"https:\/\/www.milosnicylasu.olsztyn.pl\/index.php?rest_route=%2Fwp%2Fv2%2Fcomments&post=7116"}],"version-history":[{"count":4,"href":"https:\/\/www.milosnicylasu.olsztyn.pl\/index.php?rest_route=\/wp\/v2\/posts\/7116\/revisions"}],"predecessor-version":[{"id":7129,"href":"https:\/\/www.milosnicylasu.olsztyn.pl\/index.php?rest_route=\/wp\/v2\/posts\/7116\/revisions\/7129"}],"wp:attachment":[{"href":"https:\/\/www.milosnicylasu.olsztyn.pl\/index.php?rest_route=%2Fwp%2Fv2%2Fmedia&parent=7116"}],"wp:term":[{"taxonomy":"category","embeddable":true,"href":"https:\/\/www.milosnicylasu.olsztyn.pl\/index.php?rest_route=%2Fwp%2Fv2%2Fcategories&post=7116"},{"taxonomy":"post_tag","embeddable":true,"href":"https:\/\/www.milosnicylasu.olsztyn.pl\/index.php?rest_route=%2Fwp%2Fv2%2Ftags&post=7116"}],"curies":[{"name":"wp","href":"https:\/\/api.w.org\/{rel}","templated":true}]}}