{"id":7131,"date":"2022-05-15T20:04:05","date_gmt":"2022-05-15T18:04:05","guid":{"rendered":"https:\/\/www.milosnicylasu.olsztyn.pl\/?p=7131"},"modified":"2022-05-15T20:15:32","modified_gmt":"2022-05-15T18:15:32","slug":"w-maju-jak-w-raju","status":"publish","type":"post","link":"https:\/\/www.milosnicylasu.olsztyn.pl\/?p=7131","title":{"rendered":"W maju jak w raju"},"content":{"rendered":"<p><a href=\"https:\/\/www.milosnicylasu.olsztyn.pl\/wp-content\/uploads\/2022\/05\/DSCN9216-www.jpg\" data-rel=\"lightbox-image-0\" data-magnific_type=\"image\" data-rl_title=\"\" data-rl_caption=\"\" title=\"\"><img loading=\"lazy\" decoding=\"async\" class=\"size-medium wp-image-7133 alignleft\" src=\"https:\/\/www.milosnicylasu.olsztyn.pl\/wp-content\/uploads\/2022\/05\/DSCN9216-www-300x225.jpg\" alt=\"\" width=\"300\" height=\"225\" srcset=\"https:\/\/www.milosnicylasu.olsztyn.pl\/wp-content\/uploads\/2022\/05\/DSCN9216-www-300x225.jpg 300w, https:\/\/www.milosnicylasu.olsztyn.pl\/wp-content\/uploads\/2022\/05\/DSCN9216-www-768x576.jpg 768w, https:\/\/www.milosnicylasu.olsztyn.pl\/wp-content\/uploads\/2022\/05\/DSCN9216-www.jpg 1024w\" sizes=\"auto, (max-width: 300px) 100vw, 300px\" \/><\/a><strong>Trwaj\u0105cy miesi\u0105c maj to wyj\u0105tkowy miesi\u0105c. Kojarzy si\u0119 z soczyst\u0105 zieleni\u0105, b\u0142\u0119kitnym niebem, zapachem kwiat\u00f3w i \u015bwiergotem ptak\u00f3w. W tym miesi\u0105cu przyroda sprawia, \u017ce \u015bwiat robi si\u0119 pi\u0119kniejszy, bardziej bajkowy oraz kolorowy.\u00a0 <a href=\"https:\/\/www.milosnicylasu.olsztyn.pl\/wp-content\/uploads\/2022\/05\/DSCN9221-www.jpg\" data-rel=\"lightbox-image-1\" data-magnific_type=\"image\" data-rl_title=\"\" data-rl_caption=\"\" title=\"\"><img loading=\"lazy\" decoding=\"async\" class=\"size-medium wp-image-7134 alignright\" src=\"https:\/\/www.milosnicylasu.olsztyn.pl\/wp-content\/uploads\/2022\/05\/DSCN9221-www-300x225.jpg\" alt=\"\" width=\"300\" height=\"225\" srcset=\"https:\/\/www.milosnicylasu.olsztyn.pl\/wp-content\/uploads\/2022\/05\/DSCN9221-www-300x225.jpg 300w, https:\/\/www.milosnicylasu.olsztyn.pl\/wp-content\/uploads\/2022\/05\/DSCN9221-www-768x576.jpg 768w, https:\/\/www.milosnicylasu.olsztyn.pl\/wp-content\/uploads\/2022\/05\/DSCN9221-www.jpg 1024w\" sizes=\"auto, (max-width: 300px) 100vw, 300px\" \/><\/a><\/strong><\/p>\n<p><strong>Wed\u0142ug starej legendy to\u00a0w\u0142a\u015bnie w\u00a0maju zosta\u0142 stworzony \u015bwiat. Zreszt\u0105 ten miesi\u0105c swoj\u0105 nazw\u0119 zawdzi\u0119cza bogini przyrody, urodzaju i\u00a0p\u0142odno\u015bci \u2013 Mai. W\u00a0tym czasie kwitnie mn\u00f3stwo ro\u015blin. Las zachwyca r\u00f3\u017cnorodno\u015bci\u0105. Zakwitaj\u0105 \u0142\u0105ki i\u00a0pola. Na\u00a0\u015bwiat przychodzi wiele zwierz\u0105t. Rozwija si\u0119 zielone \u017cycie. Maj to\u00a0jeden z\u00a0najpi\u0119kniejszych miesi\u0119cy w\u00a0roku.<\/strong><\/p>\n<p>&nbsp;<\/p>\n<p><strong><a href=\"https:\/\/www.milosnicylasu.olsztyn.pl\/wp-content\/uploads\/2022\/05\/P5130028-www.jpg\" data-rel=\"lightbox-image-2\" data-magnific_type=\"image\" data-rl_title=\"\" data-rl_caption=\"\" title=\"\"><img loading=\"lazy\" decoding=\"async\" class=\"size-medium wp-image-7135 aligncenter\" src=\"https:\/\/www.milosnicylasu.olsztyn.pl\/wp-content\/uploads\/2022\/05\/P5130028-www-300x225.jpg\" alt=\"\" width=\"300\" height=\"225\" srcset=\"https:\/\/www.milosnicylasu.olsztyn.pl\/wp-content\/uploads\/2022\/05\/P5130028-www-300x225.jpg 300w, https:\/\/www.milosnicylasu.olsztyn.pl\/wp-content\/uploads\/2022\/05\/P5130028-www-768x576.jpg 768w, https:\/\/www.milosnicylasu.olsztyn.pl\/wp-content\/uploads\/2022\/05\/P5130028-www.jpg 1024w\" sizes=\"auto, (max-width: 300px) 100vw, 300px\" \/><\/a><\/strong><\/p>\n<p><strong>Nazwa \u201ctulipan\u201d pochodzi od\u00a0perskiego s\u0142owa \u201cturban\u201d. W\u00a0XIII w. te kwiaty by\u0142y jednym z\u00a0popularniejszych temat\u00f3w wierszy perskich poet\u00f3w. Na\u00a0pocz\u0105tku XVII wieku Holandi\u0119 ogarn\u0119\u0142o szale\u0144stwo zwane \u201ctulipomani\u0105\u201d. Cebulka kwiatu kosztowa\u0142a tyle, co dom! Znaczenie tulipan\u00f3w jest zale\u017cne od\u00a0barwy ich p\u0142atk\u00f3w. Przyk\u0142adowo, wed\u0142ug mowy kwiat\u00f3w, \u017c\u00f3\u0142te oznaczaj\u0105 rado\u015b\u0107, pogod\u0119 my\u015bli i\u00a0u\u015bmiech.<\/strong><\/p>\n<div id=\"attachment_7136\" style=\"width: 310px\" class=\"wp-caption alignleft\"><a href=\"https:\/\/www.milosnicylasu.olsztyn.pl\/wp-content\/uploads\/2022\/05\/P5130029-www.jpg\" data-rel=\"lightbox-image-3\" data-magnific_type=\"image\" data-rl_title=\"\" data-rl_caption=\"\" title=\"\"><img loading=\"lazy\" decoding=\"async\" aria-describedby=\"caption-attachment-7136\" class=\"size-medium wp-image-7136\" src=\"https:\/\/www.milosnicylasu.olsztyn.pl\/wp-content\/uploads\/2022\/05\/P5130029-www-300x225.jpg\" alt=\"\" width=\"300\" height=\"225\" srcset=\"https:\/\/www.milosnicylasu.olsztyn.pl\/wp-content\/uploads\/2022\/05\/P5130029-www-300x225.jpg 300w, https:\/\/www.milosnicylasu.olsztyn.pl\/wp-content\/uploads\/2022\/05\/P5130029-www-768x576.jpg 768w, https:\/\/www.milosnicylasu.olsztyn.pl\/wp-content\/uploads\/2022\/05\/P5130029-www.jpg 1024w\" sizes=\"auto, (max-width: 300px) 100vw, 300px\" \/><\/a><p id=\"caption-attachment-7136\" class=\"wp-caption-text\"><strong>Dla zdrowia fizycznego i psychicznego ka\u017cdy z nas jak najcz\u0119\u015bciej powinien sp\u0119dza\u0107 czas na \u015bwie\u017cym powietrzu. Ju\u017c samo patrzenie si\u0119 na zielony kolor wp\u0142ywa koj\u0105co na ludzk\u0105 psychik\u0119. \u017bycie w zgodzie z natur\u0105 to r\u00f3wnie\u017c kontemplacja jej pi\u0119kna &#8211; a wi\u0119c w trosce o nasze zdrowie zapraszamy do sobotnich spotka\u0144.<\/strong><\/p><\/div>\n<p><strong>Zdj\u0119cia przedstawiaj\u0105\u00a0 wiosenne cude\u0144ka w ogrodzie Stefanii i Antoniego Jarczyk\u00f3w\u00a0 oraz na dzia\u0142ce Krystyny i Tolka Leszczy\u0144skich.<\/strong><\/p>\n<p><strong><a href=\"https:\/\/www.milosnicylasu.olsztyn.pl\/wp-content\/uploads\/2022\/05\/DSCN9214-www.jpg\" data-rel=\"lightbox-image-4\" data-magnific_type=\"image\" data-rl_title=\"\" data-rl_caption=\"\" title=\"\"><img loading=\"lazy\" decoding=\"async\" class=\"size-medium wp-image-7132 alignright\" src=\"https:\/\/www.milosnicylasu.olsztyn.pl\/wp-content\/uploads\/2022\/05\/DSCN9214-www-300x225.jpg\" alt=\"\" width=\"300\" height=\"225\" srcset=\"https:\/\/www.milosnicylasu.olsztyn.pl\/wp-content\/uploads\/2022\/05\/DSCN9214-www-300x225.jpg 300w, https:\/\/www.milosnicylasu.olsztyn.pl\/wp-content\/uploads\/2022\/05\/DSCN9214-www-768x576.jpg 768w, https:\/\/www.milosnicylasu.olsztyn.pl\/wp-content\/uploads\/2022\/05\/DSCN9214-www.jpg 1024w\" sizes=\"auto, (max-width: 300px) 100vw, 300px\" \/><\/a><\/strong><\/p>\n","protected":false},"excerpt":{"rendered":"<p>Trwaj\u0105cy miesi\u0105c maj to wyj\u0105tkowy miesi\u0105c. Kojarzy si\u0119 z soczyst\u0105 zieleni\u0105, b\u0142\u0119kitnym niebem, zapachem kwiat\u00f3w i \u015bwiergotem ptak\u00f3w. W tym miesi\u0105cu przyroda sprawia, \u017ce \u015bwiat robi si\u0119 pi\u0119kniejszy, bardziej bajkowy oraz kolorowy.\u00a0 Wed\u0142ug starej legendy to\u00a0w\u0142a\u015bnie w\u00a0maju zosta\u0142 stworzony \u015bwiat. Zreszt\u0105 ten miesi\u0105c swoj\u0105 nazw\u0119 zawdzi\u0119cza bogini przyrody, urodzaju i\u00a0p\u0142odno\u015bci \u2013 Mai. W\u00a0tym czasie kwitnie [&hellip;]<\/p>\n","protected":false},"author":2,"featured_media":0,"comment_status":"open","ping_status":"open","sticky":false,"template":"","format":"standard","meta":{"footnotes":""},"categories":[1],"tags":[],"class_list":["post-7131","post","type-post","status-publish","format-standard","hentry","category-bez-kategorii"],"_links":{"self":[{"href":"https:\/\/www.milosnicylasu.olsztyn.pl\/index.php?rest_route=\/wp\/v2\/posts\/7131","targetHints":{"allow":["GET"]}}],"collection":[{"href":"https:\/\/www.milosnicylasu.olsztyn.pl\/index.php?rest_route=\/wp\/v2\/posts"}],"about":[{"href":"https:\/\/www.milosnicylasu.olsztyn.pl\/index.php?rest_route=\/wp\/v2\/types\/post"}],"author":[{"embeddable":true,"href":"https:\/\/www.milosnicylasu.olsztyn.pl\/index.php?rest_route=\/wp\/v2\/users\/2"}],"replies":[{"embeddable":true,"href":"https:\/\/www.milosnicylasu.olsztyn.pl\/index.php?rest_route=%2Fwp%2Fv2%2Fcomments&post=7131"}],"version-history":[{"count":5,"href":"https:\/\/www.milosnicylasu.olsztyn.pl\/index.php?rest_route=\/wp\/v2\/posts\/7131\/revisions"}],"predecessor-version":[{"id":7141,"href":"https:\/\/www.milosnicylasu.olsztyn.pl\/index.php?rest_route=\/wp\/v2\/posts\/7131\/revisions\/7141"}],"wp:attachment":[{"href":"https:\/\/www.milosnicylasu.olsztyn.pl\/index.php?rest_route=%2Fwp%2Fv2%2Fmedia&parent=7131"}],"wp:term":[{"taxonomy":"category","embeddable":true,"href":"https:\/\/www.milosnicylasu.olsztyn.pl\/index.php?rest_route=%2Fwp%2Fv2%2Fcategories&post=7131"},{"taxonomy":"post_tag","embeddable":true,"href":"https:\/\/www.milosnicylasu.olsztyn.pl\/index.php?rest_route=%2Fwp%2Fv2%2Ftags&post=7131"}],"curies":[{"name":"wp","href":"https:\/\/api.w.org\/{rel}","templated":true}]}}