{"id":7142,"date":"2022-05-21T09:33:13","date_gmt":"2022-05-21T07:33:13","guid":{"rendered":"https:\/\/www.milosnicylasu.olsztyn.pl\/?p=7142"},"modified":"2022-05-21T09:33:13","modified_gmt":"2022-05-21T07:33:13","slug":"zaproszenie-do-muzeum-przyrody-4","status":"publish","type":"post","link":"https:\/\/www.milosnicylasu.olsztyn.pl\/?p=7142","title":{"rendered":"Zaproszenie do Muzeum Przyrody"},"content":{"rendered":"<p><strong>Otrzymali\u015bmy zaproszenie na ciekawe wydarzenie do Muzeum Przyrody w Olsztynie. <\/strong><\/p>\n<p><em><strong>Dzie\u0144 dobry<\/strong><\/em><\/p>\n<p><em><strong>Zapraszamy na wernisa\u017c wystawy &#8222;W stron\u0119 Natury&#8221; prof.\u00a0 Piotra Obarka.<\/strong><\/em><\/p>\n<p><em><strong>Na wystawie zostanie zaprezentowanych ok. 50 prac przedstawiaj\u0105cych wizerunki ptak\u00f3w (rysunek i akwarela).<\/strong><\/em><\/p>\n<p><em><strong>\u015aroda, 25.05.2022, godz. 17.30, Muzeum Przyrody w Olsztynie.<\/strong><\/em><\/p>\n<p><em><strong>Wst\u0119p wolny.<\/strong><\/em><\/p>\n<p><em><strong>Z powa\u017caniem<\/strong><\/em><\/p>\n<p><em><strong>Beata Bonis\u0142awska<\/strong><\/em><\/p>\n","protected":false},"excerpt":{"rendered":"<p>Otrzymali\u015bmy zaproszenie na ciekawe wydarzenie do Muzeum Przyrody w Olsztynie. Dzie\u0144 dobry Zapraszamy na wernisa\u017c wystawy &#8222;W stron\u0119 Natury&#8221; prof.\u00a0 Piotra Obarka. Na wystawie zostanie zaprezentowanych ok. 50 prac przedstawiaj\u0105cych wizerunki ptak\u00f3w (rysunek i akwarela). \u015aroda, 25.05.2022, godz. 17.30, Muzeum Przyrody w Olsztynie. Wst\u0119p wolny. Z powa\u017caniem Beata Bonis\u0142awska<\/p>\n","protected":false},"author":2,"featured_media":0,"comment_status":"open","ping_status":"open","sticky":false,"template":"","format":"standard","meta":{"footnotes":""},"categories":[9,17,11,4],"tags":[],"class_list":["post-7142","post","type-post","status-publish","format-standard","hentry","category-ciekawostki","category-edukacja-w-terenie","category-spotkania-artystyczne","category-wystawy"],"_links":{"self":[{"href":"https:\/\/www.milosnicylasu.olsztyn.pl\/index.php?rest_route=\/wp\/v2\/posts\/7142","targetHints":{"allow":["GET"]}}],"collection":[{"href":"https:\/\/www.milosnicylasu.olsztyn.pl\/index.php?rest_route=\/wp\/v2\/posts"}],"about":[{"href":"https:\/\/www.milosnicylasu.olsztyn.pl\/index.php?rest_route=\/wp\/v2\/types\/post"}],"author":[{"embeddable":true,"href":"https:\/\/www.milosnicylasu.olsztyn.pl\/index.php?rest_route=\/wp\/v2\/users\/2"}],"replies":[{"embeddable":true,"href":"https:\/\/www.milosnicylasu.olsztyn.pl\/index.php?rest_route=%2Fwp%2Fv2%2Fcomments&post=7142"}],"version-history":[{"count":1,"href":"https:\/\/www.milosnicylasu.olsztyn.pl\/index.php?rest_route=\/wp\/v2\/posts\/7142\/revisions"}],"predecessor-version":[{"id":7143,"href":"https:\/\/www.milosnicylasu.olsztyn.pl\/index.php?rest_route=\/wp\/v2\/posts\/7142\/revisions\/7143"}],"wp:attachment":[{"href":"https:\/\/www.milosnicylasu.olsztyn.pl\/index.php?rest_route=%2Fwp%2Fv2%2Fmedia&parent=7142"}],"wp:term":[{"taxonomy":"category","embeddable":true,"href":"https:\/\/www.milosnicylasu.olsztyn.pl\/index.php?rest_route=%2Fwp%2Fv2%2Fcategories&post=7142"},{"taxonomy":"post_tag","embeddable":true,"href":"https:\/\/www.milosnicylasu.olsztyn.pl\/index.php?rest_route=%2Fwp%2Fv2%2Ftags&post=7142"}],"curies":[{"name":"wp","href":"https:\/\/api.w.org\/{rel}","templated":true}]}}