{"id":7145,"date":"2022-05-25T06:41:12","date_gmt":"2022-05-25T04:41:12","guid":{"rendered":"https:\/\/www.milosnicylasu.olsztyn.pl\/?p=7145"},"modified":"2022-05-25T06:50:30","modified_gmt":"2022-05-25T04:50:30","slug":"sobotnia-majowka","status":"publish","type":"post","link":"https:\/\/www.milosnicylasu.olsztyn.pl\/?p=7145","title":{"rendered":"Sobotnia maj\u00f3wka"},"content":{"rendered":"<p><strong>Ze wzgl\u0119du na prognozowane opady deszczu 28 maja 2022r.,\u00a0 planowan\u0105 &#8222;Maj\u00f3wk\u0119&#8221; zawieszamy do czasu ustabilizowania pogody. <\/strong><\/p>\n<p><strong>Bli\u017csze szczeg\u00f3\u0142y ustalimy\u00a0 podczas zebrania 2 czerwca 2022r.<\/strong><\/p>\n<p><strong>Sobotnie spotkanie 28 maja br. &#8211; Wysoka Brama na Star\u00f3wce, godzina 10.00<\/strong><\/p>\n","protected":false},"excerpt":{"rendered":"<p>Ze wzgl\u0119du na prognozowane opady deszczu 28 maja 2022r.,\u00a0 planowan\u0105 &#8222;Maj\u00f3wk\u0119&#8221; zawieszamy do czasu ustabilizowania pogody. Bli\u017csze szczeg\u00f3\u0142y ustalimy\u00a0 podczas zebrania 2 czerwca 2022r. Sobotnie spotkanie 28 maja br. &#8211; Wysoka Brama na Star\u00f3wce, godzina 10.00<\/p>\n","protected":false},"author":2,"featured_media":0,"comment_status":"open","ping_status":"open","sticky":false,"template":"","format":"standard","meta":{"footnotes":""},"categories":[1,17,2],"tags":[],"class_list":["post-7145","post","type-post","status-publish","format-standard","hentry","category-bez-kategorii","category-edukacja-w-terenie","category-rajdy"],"_links":{"self":[{"href":"https:\/\/www.milosnicylasu.olsztyn.pl\/index.php?rest_route=\/wp\/v2\/posts\/7145","targetHints":{"allow":["GET"]}}],"collection":[{"href":"https:\/\/www.milosnicylasu.olsztyn.pl\/index.php?rest_route=\/wp\/v2\/posts"}],"about":[{"href":"https:\/\/www.milosnicylasu.olsztyn.pl\/index.php?rest_route=\/wp\/v2\/types\/post"}],"author":[{"embeddable":true,"href":"https:\/\/www.milosnicylasu.olsztyn.pl\/index.php?rest_route=\/wp\/v2\/users\/2"}],"replies":[{"embeddable":true,"href":"https:\/\/www.milosnicylasu.olsztyn.pl\/index.php?rest_route=%2Fwp%2Fv2%2Fcomments&post=7145"}],"version-history":[{"count":2,"href":"https:\/\/www.milosnicylasu.olsztyn.pl\/index.php?rest_route=\/wp\/v2\/posts\/7145\/revisions"}],"predecessor-version":[{"id":7147,"href":"https:\/\/www.milosnicylasu.olsztyn.pl\/index.php?rest_route=\/wp\/v2\/posts\/7145\/revisions\/7147"}],"wp:attachment":[{"href":"https:\/\/www.milosnicylasu.olsztyn.pl\/index.php?rest_route=%2Fwp%2Fv2%2Fmedia&parent=7145"}],"wp:term":[{"taxonomy":"category","embeddable":true,"href":"https:\/\/www.milosnicylasu.olsztyn.pl\/index.php?rest_route=%2Fwp%2Fv2%2Fcategories&post=7145"},{"taxonomy":"post_tag","embeddable":true,"href":"https:\/\/www.milosnicylasu.olsztyn.pl\/index.php?rest_route=%2Fwp%2Fv2%2Ftags&post=7145"}],"curies":[{"name":"wp","href":"https:\/\/api.w.org\/{rel}","templated":true}]}}