{"id":7148,"date":"2022-05-29T11:30:34","date_gmt":"2022-05-29T09:30:34","guid":{"rendered":"https:\/\/www.milosnicylasu.olsztyn.pl\/?p=7148"},"modified":"2022-06-07T07:09:05","modified_gmt":"2022-06-07T05:09:05","slug":"piotr-obarek-zodnie-z-natura","status":"publish","type":"post","link":"https:\/\/www.milosnicylasu.olsztyn.pl\/?p=7148","title":{"rendered":"Piotr Obarek -&#8222;Zgodnie z natur\u0105&#8221;"},"content":{"rendered":"<p><strong>W\u00a0 Muzeum Przyrody w Olsztynie, Metalowa 8b, do 28.08.2022 roku, od wtorku do niedzieli, mo\u017cna ogl\u0105da\u0107 wystaw\u0119 akwareli i rysunku Piotra Obarka.\u00a0 Artysta zajmuje si\u0119 plakatem, grafik\u0105 u\u017cytkow\u0105, aran\u017cacj\u0105 wn\u0119trz i wystaw, malarstwem i rysunkiem. Ma tytu\u0142 profesora nadzwyczajnego. Jest pracownikiem Warmi\u0144sko-Mazurskiego Uniwersytetu w Olsztynie.<\/strong><\/p>\n<p><a href=\"https:\/\/www.milosnicylasu.olsztyn.pl\/wp-content\/uploads\/2022\/05\/P5250045-www.jpg\" data-rel=\"lightbox-image-0\" data-magnific_type=\"image\" data-rl_title=\"\" data-rl_caption=\"\" title=\"\"><img loading=\"lazy\" decoding=\"async\" class=\"size-medium wp-image-7151 alignleft\" src=\"https:\/\/www.milosnicylasu.olsztyn.pl\/wp-content\/uploads\/2022\/05\/P5250045-www-300x225.jpg\" alt=\"\" width=\"300\" height=\"225\" srcset=\"https:\/\/www.milosnicylasu.olsztyn.pl\/wp-content\/uploads\/2022\/05\/P5250045-www-300x225.jpg 300w, https:\/\/www.milosnicylasu.olsztyn.pl\/wp-content\/uploads\/2022\/05\/P5250045-www-768x576.jpg 768w, https:\/\/www.milosnicylasu.olsztyn.pl\/wp-content\/uploads\/2022\/05\/P5250045-www.jpg 1024w\" sizes=\"auto, (max-width: 300px) 100vw, 300px\" \/><\/a><\/p>\n<p><a href=\"https:\/\/www.milosnicylasu.olsztyn.pl\/wp-content\/uploads\/2022\/05\/P5250018-www.jpg\" data-rel=\"lightbox-image-1\" data-magnific_type=\"image\" data-rl_title=\"\" data-rl_caption=\"\" title=\"\"><img loading=\"lazy\" decoding=\"async\" class=\"size-medium wp-image-7150 alignright\" src=\"https:\/\/www.milosnicylasu.olsztyn.pl\/wp-content\/uploads\/2022\/05\/P5250018-www-300x225.jpg\" alt=\"\" width=\"300\" height=\"225\" srcset=\"https:\/\/www.milosnicylasu.olsztyn.pl\/wp-content\/uploads\/2022\/05\/P5250018-www-300x225.jpg 300w, https:\/\/www.milosnicylasu.olsztyn.pl\/wp-content\/uploads\/2022\/05\/P5250018-www-768x576.jpg 768w, https:\/\/www.milosnicylasu.olsztyn.pl\/wp-content\/uploads\/2022\/05\/P5250018-www.jpg 1024w\" sizes=\"auto, (max-width: 300px) 100vw, 300px\" \/><\/a><\/p>\n<p><strong>W przedmowie do wystawy napisa\u0142 :<\/strong><\/p>\n<p><em><strong>&#8222;Ostatnie moje zainteresowania koncentruj\u0105 si\u0119 na rysunku pi\u00f3rkiem. Warsztat z pozoru skromny, ale ca\u0142a powaga przekazu zawarta jest w linii, kresce, w jej sile, wyciszeniu, brutalno\u015bci, zawi\u0142o\u015bci, finezji, emocjach, ale i sprawno\u015bci manualnej. To przekaz intelektualny my\u015bli, spostrze\u017ce\u0144, reakcji na otaczaj\u0105c\u0105 nas rzeczywisto\u015b\u0107 Linia, kt\u00f3ra si\u0119 pojawia na bieli papieru, jest wieloelementowa, a przez to pe\u0142na tre\u015bci i skojarze\u0144, buduj\u0105ca now\u0105 przestrze\u0144 i g\u0142\u0119bi\u0119.&#8221;<\/strong><\/em><\/p>\n<p><strong>Zach\u0119camy do zobaczenia niesamowitych prac Pana Profesora. Prace s\u0105 fantastyczne, a temat bardzo bliski mi\u0142o\u015bnikom lasu<\/strong><\/p>\n<p><a href=\"https:\/\/www.milosnicylasu.olsztyn.pl\/wp-content\/uploads\/2022\/05\/P5250008-www.jpg\" data-rel=\"lightbox-image-2\" data-magnific_type=\"image\" data-rl_title=\"\" data-rl_caption=\"\" title=\"\"><img loading=\"lazy\" decoding=\"async\" class=\"size-medium wp-image-7152 aligncenter\" src=\"https:\/\/www.milosnicylasu.olsztyn.pl\/wp-content\/uploads\/2022\/05\/P5250008-www-300x225.jpg\" alt=\"\" width=\"300\" height=\"225\" srcset=\"https:\/\/www.milosnicylasu.olsztyn.pl\/wp-content\/uploads\/2022\/05\/P5250008-www-300x225.jpg 300w, https:\/\/www.milosnicylasu.olsztyn.pl\/wp-content\/uploads\/2022\/05\/P5250008-www-768x576.jpg 768w, https:\/\/www.milosnicylasu.olsztyn.pl\/wp-content\/uploads\/2022\/05\/P5250008-www.jpg 1024w\" sizes=\"auto, (max-width: 300px) 100vw, 300px\" \/><\/a><\/p>\n","protected":false},"excerpt":{"rendered":"<p>W\u00a0 Muzeum Przyrody w Olsztynie, Metalowa 8b, do 28.08.2022 roku, od wtorku do niedzieli, mo\u017cna ogl\u0105da\u0107 wystaw\u0119 akwareli i rysunku Piotra Obarka.\u00a0 Artysta zajmuje si\u0119 plakatem, grafik\u0105 u\u017cytkow\u0105, aran\u017cacj\u0105 wn\u0119trz i wystaw, malarstwem i rysunkiem. Ma tytu\u0142 profesora nadzwyczajnego. Jest pracownikiem Warmi\u0144sko-Mazurskiego Uniwersytetu w Olsztynie. W przedmowie do wystawy napisa\u0142 : &#8222;Ostatnie moje zainteresowania koncentruj\u0105 [&hellip;]<\/p>\n","protected":false},"author":2,"featured_media":0,"comment_status":"open","ping_status":"open","sticky":false,"template":"","format":"standard","meta":{"footnotes":""},"categories":[9,17,4],"tags":[],"class_list":["post-7148","post","type-post","status-publish","format-standard","hentry","category-ciekawostki","category-edukacja-w-terenie","category-wystawy"],"_links":{"self":[{"href":"https:\/\/www.milosnicylasu.olsztyn.pl\/index.php?rest_route=\/wp\/v2\/posts\/7148","targetHints":{"allow":["GET"]}}],"collection":[{"href":"https:\/\/www.milosnicylasu.olsztyn.pl\/index.php?rest_route=\/wp\/v2\/posts"}],"about":[{"href":"https:\/\/www.milosnicylasu.olsztyn.pl\/index.php?rest_route=\/wp\/v2\/types\/post"}],"author":[{"embeddable":true,"href":"https:\/\/www.milosnicylasu.olsztyn.pl\/index.php?rest_route=\/wp\/v2\/users\/2"}],"replies":[{"embeddable":true,"href":"https:\/\/www.milosnicylasu.olsztyn.pl\/index.php?rest_route=%2Fwp%2Fv2%2Fcomments&post=7148"}],"version-history":[{"count":6,"href":"https:\/\/www.milosnicylasu.olsztyn.pl\/index.php?rest_route=\/wp\/v2\/posts\/7148\/revisions"}],"predecessor-version":[{"id":7181,"href":"https:\/\/www.milosnicylasu.olsztyn.pl\/index.php?rest_route=\/wp\/v2\/posts\/7148\/revisions\/7181"}],"wp:attachment":[{"href":"https:\/\/www.milosnicylasu.olsztyn.pl\/index.php?rest_route=%2Fwp%2Fv2%2Fmedia&parent=7148"}],"wp:term":[{"taxonomy":"category","embeddable":true,"href":"https:\/\/www.milosnicylasu.olsztyn.pl\/index.php?rest_route=%2Fwp%2Fv2%2Fcategories&post=7148"},{"taxonomy":"post_tag","embeddable":true,"href":"https:\/\/www.milosnicylasu.olsztyn.pl\/index.php?rest_route=%2Fwp%2Fv2%2Ftags&post=7148"}],"curies":[{"name":"wp","href":"https:\/\/api.w.org\/{rel}","templated":true}]}}