{"id":7159,"date":"2022-05-29T12:07:20","date_gmt":"2022-05-29T10:07:20","guid":{"rendered":"https:\/\/www.milosnicylasu.olsztyn.pl\/?p=7159"},"modified":"2022-05-29T12:07:20","modified_gmt":"2022-05-29T10:07:20","slug":"wzdluz-jeziora-dlugiego-i-przez-las-miejski","status":"publish","type":"post","link":"https:\/\/www.milosnicylasu.olsztyn.pl\/?p=7159","title":{"rendered":"Wzd\u0142u\u017c jeziora D\u0142ugiego i przez Las Miejski"},"content":{"rendered":"<p><strong><a href=\"https:\/\/www.milosnicylasu.olsztyn.pl\/wp-content\/uploads\/2022\/05\/DSCN9244-www.jpg\" data-rel=\"lightbox-image-0\" data-magnific_type=\"image\" data-rl_title=\"\" data-rl_caption=\"\" title=\"\"><img loading=\"lazy\" decoding=\"async\" class=\"size-medium wp-image-7160 alignleft\" src=\"https:\/\/www.milosnicylasu.olsztyn.pl\/wp-content\/uploads\/2022\/05\/DSCN9244-www-300x225.jpg\" alt=\"\" width=\"300\" height=\"225\" srcset=\"https:\/\/www.milosnicylasu.olsztyn.pl\/wp-content\/uploads\/2022\/05\/DSCN9244-www-300x225.jpg 300w, https:\/\/www.milosnicylasu.olsztyn.pl\/wp-content\/uploads\/2022\/05\/DSCN9244-www-768x576.jpg 768w, https:\/\/www.milosnicylasu.olsztyn.pl\/wp-content\/uploads\/2022\/05\/DSCN9244-www.jpg 1024w\" sizes=\"auto, (max-width: 300px) 100vw, 300px\" \/><\/a>Jezioro D\u0142ugie znajduje si\u0119 na\u00a0granicy \u015bcis\u0142ego centrum Olsztyna .Nazwa tego akwenu wzi\u0119\u0142a si\u0119 od\u00a0jego kszta\u0142tu. Zbiornik jeziora d\u0142ugiego rozci\u0105ga si\u0119 na\u00a0ponad 1,5\u00a0km, a\u00a0w\u00a0najg\u0142\u0119bszym miejscu liczy sobie 17\u00a0m. Niew\u0105tpliwie du\u017cym atutem tego miejsca jest fakt, i\u017c\u00a0p\u0142ynnie przechodzi w\u00a0Las Miejski, kt\u00f3ry\u00a0jest najwi\u0119kszym lasem w\u00a0granicach miasta w\u00a0Europie. Dzi\u015b nale\u017cy do ulubionych miejsc aktywnego wypoczynku mieszka\u0144c\u00f3w Olsztyna oraz daje schronienie licznym gatunkom ro\u015blin i zwierz\u0105t. . Jego obszar liczy \u0142\u0105cznie ponad 1400 ha, z czego g\u0142\u00f3wny kompleks \u2013 oko\u0142o 1100 ha. Poka\u017ane rozmiary oraz zr\u00f3\u017cnicowanie terenu pod wzgl\u0119dem przyrodniczym i krajobrazowym stanowi\u0105 ogromny potencja\u0142 turystyczno-rekreacyjny.<\/strong><\/p>\n<p><strong><a href=\"https:\/\/www.milosnicylasu.olsztyn.pl\/wp-content\/uploads\/2022\/05\/DSCN9246-www.jpg\" data-rel=\"lightbox-image-1\" data-magnific_type=\"image\" data-rl_title=\"\" data-rl_caption=\"\" title=\"\"><img loading=\"lazy\" decoding=\"async\" class=\"size-medium wp-image-7161 alignright\" src=\"https:\/\/www.milosnicylasu.olsztyn.pl\/wp-content\/uploads\/2022\/05\/DSCN9246-www-300x225.jpg\" alt=\"\" width=\"300\" height=\"225\" srcset=\"https:\/\/www.milosnicylasu.olsztyn.pl\/wp-content\/uploads\/2022\/05\/DSCN9246-www-300x225.jpg 300w, https:\/\/www.milosnicylasu.olsztyn.pl\/wp-content\/uploads\/2022\/05\/DSCN9246-www-768x576.jpg 768w, https:\/\/www.milosnicylasu.olsztyn.pl\/wp-content\/uploads\/2022\/05\/DSCN9246-www.jpg 1024w\" sizes=\"auto, (max-width: 300px) 100vw, 300px\" \/><\/a><\/strong><\/p>\n<p>&nbsp;<\/p>\n<p>&nbsp;<\/p>\n<p><strong>\u00a0I w\u0142a\u015bnie w sobot\u0119 , 28 maja 2022 roku, najwytrawniejsi piechurzy \u2013 cz\u0142onkowie Ko\u0142a Mi\u0142o\u015bnik\u00f3w Lasu i Militari\u00f3w LOK w Olsztynie, wybrali tak\u0105 tras\u0119 na sobotni rajd. Pogoda tym razem by\u0142a delikatnie m\u00f3wi\u0105c\u00a0 zr\u00f3\u017cnicowana, ciekawa?&#8230;&#8230;&#8230;..\u00a0 deszcz, s\u0142o\u0144ce, wiatr&#8230;&#8230; Dali\u015bmy rad\u0119, rajd zako\u0144czyli\u015bmy przy CEiK-u , tak jak planowali\u015bmy. Gratulujemy wytrwa\u0142ym !<a href=\"https:\/\/www.milosnicylasu.olsztyn.pl\/wp-content\/uploads\/2022\/05\/DSCN9249-www.jpg\" data-rel=\"lightbox-image-2\" data-magnific_type=\"image\" data-rl_title=\"\" data-rl_caption=\"\" title=\"\"><img loading=\"lazy\" decoding=\"async\" class=\"size-medium wp-image-7162 alignleft\" src=\"https:\/\/www.milosnicylasu.olsztyn.pl\/wp-content\/uploads\/2022\/05\/DSCN9249-www-300x225.jpg\" alt=\"\" width=\"300\" height=\"225\" srcset=\"https:\/\/www.milosnicylasu.olsztyn.pl\/wp-content\/uploads\/2022\/05\/DSCN9249-www-300x225.jpg 300w, https:\/\/www.milosnicylasu.olsztyn.pl\/wp-content\/uploads\/2022\/05\/DSCN9249-www-768x576.jpg 768w, https:\/\/www.milosnicylasu.olsztyn.pl\/wp-content\/uploads\/2022\/05\/DSCN9249-www.jpg 1024w\" sizes=\"auto, (max-width: 300px) 100vw, 300px\" \/><\/a><a href=\"https:\/\/www.milosnicylasu.olsztyn.pl\/wp-content\/uploads\/2022\/05\/DSCN9251-www.jpg\" data-rel=\"lightbox-image-3\" data-magnific_type=\"image\" data-rl_title=\"\" data-rl_caption=\"\" title=\"\"><img loading=\"lazy\" decoding=\"async\" class=\"alignnone size-medium wp-image-7164\" src=\"https:\/\/www.milosnicylasu.olsztyn.pl\/wp-content\/uploads\/2022\/05\/DSCN9251-www-225x300.jpg\" alt=\"\" width=\"225\" height=\"300\" srcset=\"https:\/\/www.milosnicylasu.olsztyn.pl\/wp-content\/uploads\/2022\/05\/DSCN9251-www-225x300.jpg 225w, https:\/\/www.milosnicylasu.olsztyn.pl\/wp-content\/uploads\/2022\/05\/DSCN9251-www.jpg 768w\" sizes=\"auto, (max-width: 225px) 100vw, 225px\" \/><\/a><a href=\"https:\/\/www.milosnicylasu.olsztyn.pl\/wp-content\/uploads\/2022\/05\/DSCN9250-www.jpg\" data-rel=\"lightbox-image-4\" data-magnific_type=\"image\" data-rl_title=\"\" data-rl_caption=\"\" title=\"\"><img loading=\"lazy\" decoding=\"async\" class=\"size-medium wp-image-7163 aligncenter\" src=\"https:\/\/www.milosnicylasu.olsztyn.pl\/wp-content\/uploads\/2022\/05\/DSCN9250-www-225x300.jpg\" alt=\"\" width=\"225\" height=\"300\" srcset=\"https:\/\/www.milosnicylasu.olsztyn.pl\/wp-content\/uploads\/2022\/05\/DSCN9250-www-225x300.jpg 225w, https:\/\/www.milosnicylasu.olsztyn.pl\/wp-content\/uploads\/2022\/05\/DSCN9250-www-768x1024.jpg 768w, https:\/\/www.milosnicylasu.olsztyn.pl\/wp-content\/uploads\/2022\/05\/DSCN9250-www.jpg 951w\" sizes=\"auto, (max-width: 225px) 100vw, 225px\" \/><\/a><br \/>\n<\/strong><\/p>\n<p><strong>\u00a0<\/strong><\/p>\n","protected":false},"excerpt":{"rendered":"<p>Jezioro D\u0142ugie znajduje si\u0119 na\u00a0granicy \u015bcis\u0142ego centrum Olsztyna .Nazwa tego akwenu wzi\u0119\u0142a si\u0119 od\u00a0jego kszta\u0142tu. Zbiornik jeziora d\u0142ugiego rozci\u0105ga si\u0119 na\u00a0ponad 1,5\u00a0km, a\u00a0w\u00a0najg\u0142\u0119bszym miejscu liczy sobie 17\u00a0m. Niew\u0105tpliwie du\u017cym atutem tego miejsca jest fakt, i\u017c\u00a0p\u0142ynnie przechodzi w\u00a0Las Miejski, kt\u00f3ry\u00a0jest najwi\u0119kszym lasem w\u00a0granicach miasta w\u00a0Europie. Dzi\u015b nale\u017cy do ulubionych miejsc aktywnego wypoczynku mieszka\u0144c\u00f3w Olsztyna oraz daje [&hellip;]<\/p>\n","protected":false},"author":2,"featured_media":0,"comment_status":"open","ping_status":"open","sticky":false,"template":"","format":"standard","meta":{"footnotes":""},"categories":[17,2],"tags":[],"class_list":["post-7159","post","type-post","status-publish","format-standard","hentry","category-edukacja-w-terenie","category-rajdy"],"_links":{"self":[{"href":"https:\/\/www.milosnicylasu.olsztyn.pl\/index.php?rest_route=\/wp\/v2\/posts\/7159","targetHints":{"allow":["GET"]}}],"collection":[{"href":"https:\/\/www.milosnicylasu.olsztyn.pl\/index.php?rest_route=\/wp\/v2\/posts"}],"about":[{"href":"https:\/\/www.milosnicylasu.olsztyn.pl\/index.php?rest_route=\/wp\/v2\/types\/post"}],"author":[{"embeddable":true,"href":"https:\/\/www.milosnicylasu.olsztyn.pl\/index.php?rest_route=\/wp\/v2\/users\/2"}],"replies":[{"embeddable":true,"href":"https:\/\/www.milosnicylasu.olsztyn.pl\/index.php?rest_route=%2Fwp%2Fv2%2Fcomments&post=7159"}],"version-history":[{"count":1,"href":"https:\/\/www.milosnicylasu.olsztyn.pl\/index.php?rest_route=\/wp\/v2\/posts\/7159\/revisions"}],"predecessor-version":[{"id":7165,"href":"https:\/\/www.milosnicylasu.olsztyn.pl\/index.php?rest_route=\/wp\/v2\/posts\/7159\/revisions\/7165"}],"wp:attachment":[{"href":"https:\/\/www.milosnicylasu.olsztyn.pl\/index.php?rest_route=%2Fwp%2Fv2%2Fmedia&parent=7159"}],"wp:term":[{"taxonomy":"category","embeddable":true,"href":"https:\/\/www.milosnicylasu.olsztyn.pl\/index.php?rest_route=%2Fwp%2Fv2%2Fcategories&post=7159"},{"taxonomy":"post_tag","embeddable":true,"href":"https:\/\/www.milosnicylasu.olsztyn.pl\/index.php?rest_route=%2Fwp%2Fv2%2Ftags&post=7159"}],"curies":[{"name":"wp","href":"https:\/\/api.w.org\/{rel}","templated":true}]}}