{"id":716,"date":"2013-11-26T07:08:33","date_gmt":"2013-11-26T06:08:33","guid":{"rendered":"http:\/\/www.milosnicylasu.olsztyn.pl\/?p=716"},"modified":"2013-11-26T07:29:05","modified_gmt":"2013-11-26T06:29:05","slug":"listopadowe-zawody-strzeleckie","status":"publish","type":"post","link":"https:\/\/www.milosnicylasu.olsztyn.pl\/?p=716","title":{"rendered":"Listopadowe zawody strzeleckie"},"content":{"rendered":"<p><b>\u00a0<a href=\"http:\/\/www.milosnicylasu.olsztyn.pl\/wp-content\/uploads\/2013\/11\/PB250212-www.jpg\" data-rel=\"lightbox-image-0\" data-magnific_type=\"image\" data-rl_title=\"\" data-rl_caption=\"\" title=\"\"><img loading=\"lazy\" decoding=\"async\" class=\"alignleft size-medium wp-image-723\" alt=\"PB250212-www\" src=\"http:\/\/www.milosnicylasu.olsztyn.pl\/wp-content\/uploads\/2013\/11\/PB250212-www-300x225.jpg\" width=\"300\" height=\"225\" srcset=\"https:\/\/www.milosnicylasu.olsztyn.pl\/wp-content\/uploads\/2013\/11\/PB250212-www-300x225.jpg 300w, https:\/\/www.milosnicylasu.olsztyn.pl\/wp-content\/uploads\/2013\/11\/PB250212-www-400x300.jpg 400w, https:\/\/www.milosnicylasu.olsztyn.pl\/wp-content\/uploads\/2013\/11\/PB250212-www.jpg 1024w\" sizes=\"auto, (max-width: 300px) 100vw, 300px\" \/><\/a><\/b><\/p>\n<p><a href=\"http:\/\/www.milosnicylasu.olsztyn.pl\/wp-content\/uploads\/2013\/11\/PB250217-www.jpg\" data-rel=\"lightbox-image-1\" data-magnific_type=\"image\" data-rl_title=\"\" data-rl_caption=\"\" title=\"\"><img loading=\"lazy\" decoding=\"async\" class=\"size-medium wp-image-722 alignright\" alt=\"PB250217-www\" src=\"http:\/\/www.milosnicylasu.olsztyn.pl\/wp-content\/uploads\/2013\/11\/PB250217-www-300x225.jpg\" width=\"300\" height=\"225\" srcset=\"https:\/\/www.milosnicylasu.olsztyn.pl\/wp-content\/uploads\/2013\/11\/PB250217-www-300x225.jpg 300w, https:\/\/www.milosnicylasu.olsztyn.pl\/wp-content\/uploads\/2013\/11\/PB250217-www-400x300.jpg 400w, https:\/\/www.milosnicylasu.olsztyn.pl\/wp-content\/uploads\/2013\/11\/PB250217-www.jpg 1024w\" sizes=\"auto, (max-width: 300px) 100vw, 300px\" \/><\/a><\/p>\n<p>25 listopada 2013r odby\u0142y si\u0119 \u201eListopadowe zawody strzeleckie\u201d o puchar prezesa Ko\u0142a dla najlepszego strzelca, kt\u00f3rym okaza\u0142 si\u0119 nowy cz\u0142onek Ko\u0142a , kolega Ryszard Chudziakiewicz.<\/p>\n<p>Konkurencja by\u0142a ostra, o czym \u015bwiadczy niewielka r\u00f3\u017cnica zdobytych punkt\u00f3w przez zawodnik\u00f3w.<\/p>\n<p><b>Klasyfikacja zawodnik\u00f3w:<\/b><\/p>\n<p>I miejsce\u00a0\u00a0\u00a0\u00a0\u00a0 &#8211; Ryszard Chudziakiewicz\u00a0\u00a0\u00a0\u00a0\u00a0\u00a0\u00a0\u00a0\u00a0\u00a0\u00a0\u00a0\u00a0\u00a0\u00a0\u00a0\u00a0\u00a0\u00a0\u00a0\u00a0 90 pkt<\/p>\n<p>II miejsce\u00a0\u00a0\u00a0\u00a0 &#8211; Anatol Leszczy\u0144ski\u00a0\u00a0\u00a0\u00a0\u00a0\u00a0\u00a0\u00a0\u00a0\u00a0\u00a0\u00a0\u00a0\u00a0\u00a0\u00a0\u00a0\u00a0\u00a0\u00a0\u00a0\u00a0\u00a0\u00a0\u00a0\u00a0\u00a0\u00a0 87 pkt<\/p>\n<p>III miejsce\u00a0\u00a0\u00a0 &#8211; W\u0142odzimierz Siemianowski\u00a0\u00a0\u00a0\u00a0\u00a0\u00a0\u00a0\u00a0\u00a0\u00a0\u00a0\u00a0\u00a0\u00a0\u00a0\u00a0\u00a0\u00a0\u00a0\u00a0\u00a0 84 pkt<\/p>\n<p>III miejsce\u00a0\u00a0\u00a0 &#8211; Pawe\u0142 Tabor\u00a0\u00a0\u00a0\u00a0\u00a0\u00a0\u00a0\u00a0\u00a0\u00a0\u00a0\u00a0\u00a0\u00a0\u00a0\u00a0\u00a0\u00a0\u00a0\u00a0\u00a0\u00a0\u00a0\u00a0\u00a0\u00a0\u00a0\u00a0\u00a0\u00a0\u00a0\u00a0\u00a0\u00a0\u00a0\u00a0\u00a0\u00a0\u00a084 pkt<\/p>\n<p>IV miejsce\u00a0\u00a0\u00a0 &#8211; Waldemar Chrzanowski\u00a0\u00a0\u00a0\u00a0\u00a0\u00a0\u00a0\u00a0\u00a0\u00a0\u00a0\u00a0\u00a0\u00a0\u00a0\u00a0\u00a0\u00a0\u00a0\u00a0\u00a083 pkt<\/p>\n<p>V miejsce\u00a0\u00a0\u00a0\u00a0 &#8211; Helena Fiedoruk\u00a0\u00a0\u00a0\u00a0\u00a0\u00a0\u00a0\u00a0\u00a0\u00a0\u00a0\u00a0\u00a0\u00a0\u00a0\u00a0\u00a0\u00a0\u00a0\u00a0\u00a0\u00a0\u00a0\u00a0\u00a0\u00a0\u00a0\u00a0\u00a0\u00a0\u00a0\u00a0\u00a081 pkt<\/p>\n<p>VI miejsce\u00a0\u00a0\u00a0 &#8211; Anna Kukli\u0144ska\u00a0\u00a0\u00a0\u00a0\u00a0\u00a0\u00a0\u00a0\u00a0\u00a0\u00a0\u00a0\u00a0\u00a0\u00a0\u00a0\u00a0\u00a0\u00a0\u00a0\u00a0\u00a0\u00a0\u00a0\u00a0\u00a0\u00a0\u00a0\u00a0\u00a0\u00a0\u00a0\u00a0\u00a0\u00a080 pkt<\/p>\n<p>VII miejsce\u00a0\u00a0 &#8211; Zofia Siemianowska\u00a0\u00a0\u00a0\u00a0\u00a0\u00a0\u00a0\u00a0\u00a0\u00a0\u00a0\u00a0\u00a0\u00a0\u00a0\u00a0\u00a0\u00a0\u00a0\u00a0\u00a0\u00a0\u00a0\u00a0\u00a0\u00a0\u00a0\u00a070 pkt<\/p>\n<p>VIII miejsce\u00a0 &#8211; Wac\u0142aw Fiedoruk\u00a0\u00a0\u00a0\u00a0\u00a0\u00a0\u00a0\u00a0\u00a0\u00a0\u00a0\u00a0\u00a0\u00a0\u00a0\u00a0\u00a0\u00a0\u00a0\u00a0\u00a0\u00a0\u00a0\u00a0\u00a0\u00a0\u00a0\u00a0\u00a0\u00a0\u00a0\u00a0\u00a067 pkt<\/p>\n<p>Wszystkim gratulujemy, a puchar zwyci\u0119scy &#8211; Ryszardowi Chudziakiewiczowi zostanie wr\u0119czony 5 grudnia, podczas zebrania Ko\u0142a, w Regionalnej Dyrekcji Las\u00f3w Pa\u0144stwowych w Olsztynie.<\/p>\n<p>Zawody by\u0142y prowadzone by\u0142y przez\u00a0 s\u0119dziego strzelectwa sportowego kol. Grzegorza Kluczka, a sekretarzem zawod\u00f3w by\u0142a Zofia Siemianowska.<\/p>\n<p>Wszystkich zainteresowanych zach\u0119camy do trening\u00f3w strzeleckich, kt\u00f3re podobnie jak zawody odbywaj\u0105 si\u0119 w go\u015bcinnej strzelnicy LOK, przy ulicy Westerplatte 1a.<\/p>\n","protected":false},"excerpt":{"rendered":"<p>\u00a0 25 listopada 2013r odby\u0142y si\u0119 \u201eListopadowe zawody strzeleckie\u201d o puchar prezesa Ko\u0142a dla najlepszego strzelca, kt\u00f3rym okaza\u0142 si\u0119 nowy cz\u0142onek Ko\u0142a , kolega Ryszard Chudziakiewicz. Konkurencja by\u0142a ostra, o czym \u015bwiadczy niewielka r\u00f3\u017cnica zdobytych punkt\u00f3w przez zawodnik\u00f3w. Klasyfikacja zawodnik\u00f3w: I miejsce\u00a0\u00a0\u00a0\u00a0\u00a0 &#8211; Ryszard Chudziakiewicz\u00a0\u00a0\u00a0\u00a0\u00a0\u00a0\u00a0\u00a0\u00a0\u00a0\u00a0\u00a0\u00a0\u00a0\u00a0\u00a0\u00a0\u00a0\u00a0\u00a0\u00a0 90 pkt II miejsce\u00a0\u00a0\u00a0\u00a0 &#8211; Anatol Leszczy\u0144ski\u00a0\u00a0\u00a0\u00a0\u00a0\u00a0\u00a0\u00a0\u00a0\u00a0\u00a0\u00a0\u00a0\u00a0\u00a0\u00a0\u00a0\u00a0\u00a0\u00a0\u00a0\u00a0\u00a0\u00a0\u00a0\u00a0\u00a0\u00a0 87 pkt III [&hellip;]<\/p>\n","protected":false},"author":1,"featured_media":0,"comment_status":"open","ping_status":"open","sticky":false,"template":"","format":"standard","meta":{"footnotes":""},"categories":[1,8],"tags":[],"class_list":["post-716","post","type-post","status-publish","format-standard","hentry","category-bez-kategorii","category-zawody-strzeleckie"],"_links":{"self":[{"href":"https:\/\/www.milosnicylasu.olsztyn.pl\/index.php?rest_route=\/wp\/v2\/posts\/716","targetHints":{"allow":["GET"]}}],"collection":[{"href":"https:\/\/www.milosnicylasu.olsztyn.pl\/index.php?rest_route=\/wp\/v2\/posts"}],"about":[{"href":"https:\/\/www.milosnicylasu.olsztyn.pl\/index.php?rest_route=\/wp\/v2\/types\/post"}],"author":[{"embeddable":true,"href":"https:\/\/www.milosnicylasu.olsztyn.pl\/index.php?rest_route=\/wp\/v2\/users\/1"}],"replies":[{"embeddable":true,"href":"https:\/\/www.milosnicylasu.olsztyn.pl\/index.php?rest_route=%2Fwp%2Fv2%2Fcomments&post=716"}],"version-history":[{"count":9,"href":"https:\/\/www.milosnicylasu.olsztyn.pl\/index.php?rest_route=\/wp\/v2\/posts\/716\/revisions"}],"predecessor-version":[{"id":731,"href":"https:\/\/www.milosnicylasu.olsztyn.pl\/index.php?rest_route=\/wp\/v2\/posts\/716\/revisions\/731"}],"wp:attachment":[{"href":"https:\/\/www.milosnicylasu.olsztyn.pl\/index.php?rest_route=%2Fwp%2Fv2%2Fmedia&parent=716"}],"wp:term":[{"taxonomy":"category","embeddable":true,"href":"https:\/\/www.milosnicylasu.olsztyn.pl\/index.php?rest_route=%2Fwp%2Fv2%2Fcategories&post=716"},{"taxonomy":"post_tag","embeddable":true,"href":"https:\/\/www.milosnicylasu.olsztyn.pl\/index.php?rest_route=%2Fwp%2Fv2%2Ftags&post=716"}],"curies":[{"name":"wp","href":"https:\/\/api.w.org\/{rel}","templated":true}]}}