{"id":7182,"date":"2022-06-10T09:32:11","date_gmt":"2022-06-10T07:32:11","guid":{"rendered":"https:\/\/www.milosnicylasu.olsztyn.pl\/?p=7182"},"modified":"2022-06-17T17:18:45","modified_gmt":"2022-06-17T15:18:45","slug":"7182","status":"publish","type":"post","link":"https:\/\/www.milosnicylasu.olsztyn.pl\/?p=7182","title":{"rendered":"Mi\u0142e spotkanie, sympatyczny, m\u0105dry wyk\u0142adowca, medale, nagrody&#8230;&#8230;&#8230;."},"content":{"rendered":"<p><a href=\"https:\/\/www.milosnicylasu.olsztyn.pl\/wp-content\/uploads\/2022\/06\/20220602_160247.jpg\" data-rel=\"lightbox-image-0\" data-magnific_type=\"image\" data-rl_title=\"\" data-rl_caption=\"\" title=\"\"><img loading=\"lazy\" decoding=\"async\" class=\"size-medium wp-image-7183 alignleft\" src=\"https:\/\/www.milosnicylasu.olsztyn.pl\/wp-content\/uploads\/2022\/06\/20220602_160247-300x225.jpg\" alt=\"\" width=\"300\" height=\"225\" srcset=\"https:\/\/www.milosnicylasu.olsztyn.pl\/wp-content\/uploads\/2022\/06\/20220602_160247-300x225.jpg 300w, https:\/\/www.milosnicylasu.olsztyn.pl\/wp-content\/uploads\/2022\/06\/20220602_160247-1024x768.jpg 1024w, https:\/\/www.milosnicylasu.olsztyn.pl\/wp-content\/uploads\/2022\/06\/20220602_160247-768x576.jpg 768w, https:\/\/www.milosnicylasu.olsztyn.pl\/wp-content\/uploads\/2022\/06\/20220602_160247-1536x1152.jpg 1536w, https:\/\/www.milosnicylasu.olsztyn.pl\/wp-content\/uploads\/2022\/06\/20220602_160247.jpg 1600w\" sizes=\"auto, (max-width: 300px) 100vw, 300px\" \/><\/a><strong>2 czerwca 2022r. w Regionalnej Dyrekcji Las\u00f3w Pa\u0144stwowych w Olsztynie\u00a0 odby\u0142o si\u0119 zebranie cz\u0142onk\u00f3w i sympatyk\u00f3w Ko\u0142a Mi\u0142o\u015bnik\u00f3w Lasu i Militari\u00f3w LOK w Olsztynie. W czasie spotkania mogli\u015bmy wys\u0142ucha\u0107 bardzo ciekawego wyk\u0142adu Pana Wojciecha Matuszaka\u00a0 wicedyrektora RDLP w Olsztynie. \u00a0 Z wyk\u0142adu dowiedzieli\u015bmy si\u0119 wiele interesuj\u0105cych spraw z zakresu lesisto\u015bci obszar\u00f3w, kt\u00f3re obejmuje Dyrekcja Olszty\u0144ska. Dzi\u0119kujemy Panu Dyrektorowi za po\u015bwi\u0119cenie nam swojego czasu . Cieszymy si\u0119 bardzo, \u017ce mogli\u015bmy si\u0119 z Panem Wojciechem spotka\u0107 i poszerzy\u0107 swoj\u0105 le\u015bn\u0105 wiedz\u0119 o tak cenne informacje. W podzi\u0119kowaniu za wyk\u0142ad Pan Wojciech otrzyma\u0142 akwarel\u0119 Krystyny Leszczy\u0144skiej &#8211; chabry prosto z le\u015bnej \u0142\u0105ki.<a href=\"https:\/\/www.milosnicylasu.olsztyn.pl\/wp-content\/uploads\/2022\/06\/20220602_145231.jpg\" data-rel=\"lightbox-image-1\" data-magnific_type=\"image\" data-rl_title=\"\" data-rl_caption=\"\" title=\"\"><img loading=\"lazy\" decoding=\"async\" class=\"size-medium wp-image-7184 alignright\" src=\"https:\/\/www.milosnicylasu.olsztyn.pl\/wp-content\/uploads\/2022\/06\/20220602_145231-225x300.jpg\" alt=\"\" width=\"225\" height=\"300\" srcset=\"https:\/\/www.milosnicylasu.olsztyn.pl\/wp-content\/uploads\/2022\/06\/20220602_145231-225x300.jpg 225w, https:\/\/www.milosnicylasu.olsztyn.pl\/wp-content\/uploads\/2022\/06\/20220602_145231-768x1024.jpg 768w, https:\/\/www.milosnicylasu.olsztyn.pl\/wp-content\/uploads\/2022\/06\/20220602_145231-1152x1536.jpg 1152w, https:\/\/www.milosnicylasu.olsztyn.pl\/wp-content\/uploads\/2022\/06\/20220602_145231.jpg 1200w\" sizes=\"auto, (max-width: 225px) 100vw, 225px\" \/><\/a><\/strong><\/p>\n<p>&nbsp;<\/p>\n<p><strong>W dalszej cz\u0119\u015bci spotkania przedstawiono plan zamierze\u0144 na miesi\u0105c czerwiec a tak\u017ce uhonorowano osoby za r\u00f3\u017cne dokonania:<\/strong><\/p>\n<p><strong><a href=\"https:\/\/www.milosnicylasu.olsztyn.pl\/wp-content\/uploads\/2022\/06\/DSCN9272-www.jpg\" data-rel=\"lightbox-image-2\" data-magnific_type=\"image\" data-rl_title=\"\" data-rl_caption=\"\" title=\"\"><img loading=\"lazy\" decoding=\"async\" class=\"size-medium wp-image-7185 aligncenter\" src=\"https:\/\/www.milosnicylasu.olsztyn.pl\/wp-content\/uploads\/2022\/06\/DSCN9272-www-300x225.jpg\" alt=\"\" width=\"300\" height=\"225\" srcset=\"https:\/\/www.milosnicylasu.olsztyn.pl\/wp-content\/uploads\/2022\/06\/DSCN9272-www-300x225.jpg 300w, https:\/\/www.milosnicylasu.olsztyn.pl\/wp-content\/uploads\/2022\/06\/DSCN9272-www-768x576.jpg 768w, https:\/\/www.milosnicylasu.olsztyn.pl\/wp-content\/uploads\/2022\/06\/DSCN9272-www.jpg 1024w\" sizes=\"auto, (max-width: 300px) 100vw, 300px\" \/><\/a><\/strong><\/p>\n<ul>\n<li><strong>wr\u0119czono\u00a0 medale za dotarcie do mety w okre\u015blonym czasie w \u201eRajdzie na orientacj\u0119 z okazji 77 rocznicy Zwyci\u0119stwa \u201e w dniu 07.05.2022r.<\/strong><\/li>\n<\/ul>\n<ol>\n<li><strong>Kuba Kosman<\/strong><\/li>\n<li><strong>Antoni Jarczyk<\/strong><\/li>\n<li><strong>Stefania Jarczyk<\/strong><\/li>\n<li><strong>Daniela Tyl<\/strong><\/li>\n<li><strong>Teresa Kosman<\/strong><\/li>\n<li><strong>J\u00f3zef Gazda<\/strong><\/li>\n<li><strong>Henryk B\u0142aszczak<\/strong><\/li>\n<li><strong>Anatol Leszczy\u0144ski<\/strong><\/li>\n<\/ol>\n<ul>\n<li><strong><a href=\"https:\/\/www.milosnicylasu.olsztyn.pl\/wp-content\/uploads\/2022\/06\/DSCN9275-www.jpg\" data-rel=\"lightbox-image-3\" data-magnific_type=\"image\" data-rl_title=\"\" data-rl_caption=\"\" title=\"\"><img loading=\"lazy\" decoding=\"async\" class=\"size-medium wp-image-7186 alignleft\" src=\"https:\/\/www.milosnicylasu.olsztyn.pl\/wp-content\/uploads\/2022\/06\/DSCN9275-www-300x225.jpg\" alt=\"\" width=\"300\" height=\"225\" srcset=\"https:\/\/www.milosnicylasu.olsztyn.pl\/wp-content\/uploads\/2022\/06\/DSCN9275-www-300x225.jpg 300w, https:\/\/www.milosnicylasu.olsztyn.pl\/wp-content\/uploads\/2022\/06\/DSCN9275-www-768x576.jpg 768w, https:\/\/www.milosnicylasu.olsztyn.pl\/wp-content\/uploads\/2022\/06\/DSCN9275-www.jpg 1024w\" sizes=\"auto, (max-width: 300px) 100vw, 300px\" \/><\/a>w dniu 14.05.2022r. odby\u0142 si\u0119 rajd z okazji \u201e \u015awi\u0119ta Niezapominajki\u201d. Uczestnicy tego rajdu otrzymali drobne upominki. Kr\u00f3low\u0105 \u201e \u015awi\u0119ta \u00a0Niezapominajki\u201d zosta\u0142a Alicja Janulewicz<\/strong><\/li>\n<\/ul>\n<p><strong>wyr\u00f3\u017cniona drobnym upominkiem, ponadto wyr\u00f3\u017cniono\u00a0 organizator\u00f3w \u00a0tego rajdu upominkami: Stefani\u0119 i Antoniego Jarczyk\u00f3w<\/strong><\/p>\n<ul>\n<li><strong>Og\u0142oszono mistrz\u00f3w rajdowego ogniska, kt\u00f3rym zosta\u0142y wr\u0119czone statuetki \u201e Ostatnie polano\u201d<\/strong><\/li>\n<\/ul>\n<p><strong>Mistrzem rajdowego ogniska zosta\u0142\u00a0 &#8211; Antoni Jarczyk<\/strong><\/p>\n<p><strong>V-ce Mistrzem\u00a0 J\u00f3zef Gazda<\/strong><\/p>\n<p><strong>Uczniem Mistrz\u00f3w ogniska\u00a0 &#8211; Kuba Kosman<\/strong><\/p>\n<p><strong>Pe\u0142noletnim mistrzom zosta\u0142y wr\u0119czone\u00a0 \u201ePojemniki do dogaszania ognisk \u201e , uczniowi wr\u0119czono \u201eKomin\u201d<a href=\"https:\/\/www.milosnicylasu.olsztyn.pl\/wp-content\/uploads\/2022\/06\/20220602_145954-www.jpg\" data-rel=\"lightbox-image-4\" data-magnific_type=\"image\" data-rl_title=\"\" data-rl_caption=\"\" title=\"\"><img loading=\"lazy\" decoding=\"async\" class=\"size-medium wp-image-7207 alignright\" src=\"https:\/\/www.milosnicylasu.olsztyn.pl\/wp-content\/uploads\/2022\/06\/20220602_145954-www-300x225.jpg\" alt=\"\" width=\"300\" height=\"225\" srcset=\"https:\/\/www.milosnicylasu.olsztyn.pl\/wp-content\/uploads\/2022\/06\/20220602_145954-www-300x225.jpg 300w, https:\/\/www.milosnicylasu.olsztyn.pl\/wp-content\/uploads\/2022\/06\/20220602_145954-www-768x576.jpg 768w, https:\/\/www.milosnicylasu.olsztyn.pl\/wp-content\/uploads\/2022\/06\/20220602_145954-www.jpg 1024w\" sizes=\"auto, (max-width: 300px) 100vw, 300px\" \/><\/a><\/strong><\/p>\n<ul>\n<li><strong><a href=\"https:\/\/www.milosnicylasu.olsztyn.pl\/wp-content\/uploads\/2022\/06\/DSCN9277-www.jpg\" data-rel=\"lightbox-image-5\" data-magnific_type=\"image\" data-rl_title=\"\" data-rl_caption=\"\" title=\"\"><img loading=\"lazy\" decoding=\"async\" class=\"size-medium wp-image-7188 alignright\" src=\"https:\/\/www.milosnicylasu.olsztyn.pl\/wp-content\/uploads\/2022\/06\/DSCN9277-www-300x225.jpg\" alt=\"\" width=\"300\" height=\"225\" srcset=\"https:\/\/www.milosnicylasu.olsztyn.pl\/wp-content\/uploads\/2022\/06\/DSCN9277-www-300x225.jpg 300w, https:\/\/www.milosnicylasu.olsztyn.pl\/wp-content\/uploads\/2022\/06\/DSCN9277-www-768x576.jpg 768w, https:\/\/www.milosnicylasu.olsztyn.pl\/wp-content\/uploads\/2022\/06\/DSCN9277-www.jpg 1024w\" sizes=\"auto, (max-width: 300px) 100vw, 300px\" \/><\/a>Uroczy\u015bcie przyj\u0119to do Ko\u0142a nast\u0119puj\u0105ce osoby:<\/strong><\/li>\n<\/ul>\n<ol>\n<li><strong>Irena Olszewska<\/strong><\/li>\n<li><strong>Jadwiga Pi\u0142at<\/strong><\/li>\n<li><strong>J\u00f3zefa Neugebauer<\/strong><\/li>\n<li><strong>Janina Dzierzbi\u0144ska<\/strong><\/li>\n<li><strong>Halina Wilczy\u0144ska<\/strong><\/li>\n<li><strong>Grzegorz Berger<\/strong><\/li>\n<\/ol>\n<p><strong>Cieszymy si\u0119,\u017ce do naszego grona przyst\u0119puje\u00a0 wiele nowych os\u00f3b. Mamy nadziej\u0119, \u017ce w naszym Kole b\u0119d\u0105 mog\u0142y rozwija\u0107 swoje le\u015bne, militarne pasje.<\/strong><\/p>\n<ul>\n<li><strong>Zarz\u0105d Ko\u0142a wyr\u00f3\u017cni\u0142 \u00a0Z\u0142otym medalem<\/strong><\/li>\n<\/ul>\n<p><strong>Za wsparcie w trakcje realizacji\u00a0 zamierze\u0144 planu pracy Ko\u0142a nast\u0119puj\u0105ce osoby:<\/strong><\/p>\n<ol>\n<li><strong>Stefania Jarczyk<\/strong><\/li>\n<li><strong>Anna G\u00f3rzna<\/strong><\/li>\n<li><strong>Marianna Bonis\u0142awska<\/strong><\/li>\n<li><strong>Dorota Ta\u0144ska<\/strong><\/li>\n<li><strong>Krystyna Leszczy\u0144ska<\/strong><\/li>\n<li><strong>Beata Kicowska<\/strong><\/li>\n<li><strong>Adam Siemakowicz<\/strong><\/li>\n<li><strong>Tomasz Kicowski<\/strong><\/li>\n<li><strong>Wojciech D\u0105browski<\/strong><\/li>\n<li><strong>Antoni Jarczyk<\/strong><\/li>\n<li><strong>Wojciech Matuszak<\/strong><\/li>\n<li><strong>Ryszard Chudziakiewicz<\/strong><\/li>\n<li><strong>Mariusz Dawidowicz<\/strong><\/li>\n<li><strong>Dariusz Sobotka<\/strong><\/li>\n<li><strong>Andrzej Abako<\/strong><\/li>\n<\/ol>\n<p><strong>Wszystkim wyr\u00f3\u017cnionym w imieniu Zarz\u0105du serdecznie gratuluj\u0119.<\/strong><\/p>\n<p><strong>Anatol Leszczy\u0144ski<\/strong><\/p>\n<p>&nbsp;<\/p>\n","protected":false},"excerpt":{"rendered":"<p>2 czerwca 2022r. w Regionalnej Dyrekcji Las\u00f3w Pa\u0144stwowych w Olsztynie\u00a0 odby\u0142o si\u0119 zebranie cz\u0142onk\u00f3w i sympatyk\u00f3w Ko\u0142a Mi\u0142o\u015bnik\u00f3w Lasu i Militari\u00f3w LOK w Olsztynie. W czasie spotkania mogli\u015bmy wys\u0142ucha\u0107 bardzo ciekawego wyk\u0142adu Pana Wojciecha Matuszaka\u00a0 wicedyrektora RDLP w Olsztynie. \u00a0 Z wyk\u0142adu dowiedzieli\u015bmy si\u0119 wiele interesuj\u0105cych spraw z zakresu lesisto\u015bci obszar\u00f3w, kt\u00f3re obejmuje Dyrekcja Olszty\u0144ska. [&hellip;]<\/p>\n","protected":false},"author":2,"featured_media":0,"comment_status":"open","ping_status":"open","sticky":false,"template":"","format":"standard","meta":{"footnotes":""},"categories":[1,9,17,6,2],"tags":[],"class_list":["post-7182","post","type-post","status-publish","format-standard","hentry","category-bez-kategorii","category-ciekawostki","category-edukacja-w-terenie","category-odznaczenia","category-rajdy"],"_links":{"self":[{"href":"https:\/\/www.milosnicylasu.olsztyn.pl\/index.php?rest_route=\/wp\/v2\/posts\/7182","targetHints":{"allow":["GET"]}}],"collection":[{"href":"https:\/\/www.milosnicylasu.olsztyn.pl\/index.php?rest_route=\/wp\/v2\/posts"}],"about":[{"href":"https:\/\/www.milosnicylasu.olsztyn.pl\/index.php?rest_route=\/wp\/v2\/types\/post"}],"author":[{"embeddable":true,"href":"https:\/\/www.milosnicylasu.olsztyn.pl\/index.php?rest_route=\/wp\/v2\/users\/2"}],"replies":[{"embeddable":true,"href":"https:\/\/www.milosnicylasu.olsztyn.pl\/index.php?rest_route=%2Fwp%2Fv2%2Fcomments&post=7182"}],"version-history":[{"count":6,"href":"https:\/\/www.milosnicylasu.olsztyn.pl\/index.php?rest_route=\/wp\/v2\/posts\/7182\/revisions"}],"predecessor-version":[{"id":7208,"href":"https:\/\/www.milosnicylasu.olsztyn.pl\/index.php?rest_route=\/wp\/v2\/posts\/7182\/revisions\/7208"}],"wp:attachment":[{"href":"https:\/\/www.milosnicylasu.olsztyn.pl\/index.php?rest_route=%2Fwp%2Fv2%2Fmedia&parent=7182"}],"wp:term":[{"taxonomy":"category","embeddable":true,"href":"https:\/\/www.milosnicylasu.olsztyn.pl\/index.php?rest_route=%2Fwp%2Fv2%2Fcategories&post=7182"},{"taxonomy":"post_tag","embeddable":true,"href":"https:\/\/www.milosnicylasu.olsztyn.pl\/index.php?rest_route=%2Fwp%2Fv2%2Ftags&post=7182"}],"curies":[{"name":"wp","href":"https:\/\/api.w.org\/{rel}","templated":true}]}}