{"id":7193,"date":"2022-06-13T08:44:35","date_gmt":"2022-06-13T06:44:35","guid":{"rendered":"https:\/\/www.milosnicylasu.olsztyn.pl\/?p=7193"},"modified":"2022-06-13T08:46:37","modified_gmt":"2022-06-13T06:46:37","slug":"przez-las-wzdluz-lyny","status":"publish","type":"post","link":"https:\/\/www.milosnicylasu.olsztyn.pl\/?p=7193","title":{"rendered":"Przez las&#8230;&#8230;.wzd\u0142u\u017c \u0141yny"},"content":{"rendered":"<p><a href=\"https:\/\/www.milosnicylasu.olsztyn.pl\/wp-content\/uploads\/2022\/06\/www.jpg\" data-rel=\"lightbox-image-0\" data-magnific_type=\"image\" data-rl_title=\"\" data-rl_caption=\"\" title=\"\"><img loading=\"lazy\" decoding=\"async\" class=\"size-medium wp-image-7195 alignleft\" src=\"https:\/\/www.milosnicylasu.olsztyn.pl\/wp-content\/uploads\/2022\/06\/www-300x225.jpg\" alt=\"\" width=\"300\" height=\"225\" srcset=\"https:\/\/www.milosnicylasu.olsztyn.pl\/wp-content\/uploads\/2022\/06\/www-300x225.jpg 300w, https:\/\/www.milosnicylasu.olsztyn.pl\/wp-content\/uploads\/2022\/06\/www-768x576.jpg 768w, https:\/\/www.milosnicylasu.olsztyn.pl\/wp-content\/uploads\/2022\/06\/www.jpg 1024w\" sizes=\"auto, (max-width: 300px) 100vw, 300px\" \/><\/a><strong>11 czerwca 2022 roku cz\u0142onkowie Ko\u0142a Mi\u0142o\u015bnik\u00f3w Lasu i Militari\u00f3w LOK w Olsztynie wybrali si\u0119 na sobotni rajd po lesie, zaczynaj\u0105c od Centrum Edukacji i Inicjatyw Kulturalnych w Olsztynie, Przeszli\u015bmy\u00a0 lasem, wzd\u0142u\u017c \u0141yny do miejsca gdzie \u0142\u0105cz\u0105 si\u0119 dwie rzeki \u0141yna i Wad\u0105g. Troch\u0119 trudno nas zebra\u0107, po dwuletniej przerwie spowodowanej pandemi\u0105, ale jest nas coraz wi\u0119cej. Tym razem by\u0142o nas 19 os\u00f3b, a tym, kt\u00f3rzy nie dotarli&#8230; powiem jedno niech \u017ca\u0142uj\u0105. Pi\u0119kna trasa, soczysta wiosenna ziele\u0144, urozmaicony teren &#8211; mo\u017ce czasem troch\u0119 trudny, w dole rzeka, a przede wszystkim mo\u017cliwo\u015b\u0107 spotkania wspania\u0142ych, \u017cyczliwych ludzi &#8211; bo przecie\u017c tacy jeste\u015bmy!<\/strong><\/p>\n<p><strong>I dla przypomnienia kilka fakt\u00f3w o naszej pi\u0119knej rzece<\/strong><\/p>\n<p><strong><a href=\"https:\/\/www.milosnicylasu.olsztyn.pl\/wp-content\/uploads\/2022\/06\/DSCN9354-www.jpg\" data-rel=\"lightbox-image-1\" data-magnific_type=\"image\" data-rl_title=\"\" data-rl_caption=\"\" title=\"\"><img loading=\"lazy\" decoding=\"async\" class=\"size-medium wp-image-7196 alignright\" src=\"https:\/\/www.milosnicylasu.olsztyn.pl\/wp-content\/uploads\/2022\/06\/DSCN9354-www-300x225.jpg\" alt=\"\" width=\"300\" height=\"225\" srcset=\"https:\/\/www.milosnicylasu.olsztyn.pl\/wp-content\/uploads\/2022\/06\/DSCN9354-www-300x225.jpg 300w, https:\/\/www.milosnicylasu.olsztyn.pl\/wp-content\/uploads\/2022\/06\/DSCN9354-www-768x576.jpg 768w, https:\/\/www.milosnicylasu.olsztyn.pl\/wp-content\/uploads\/2022\/06\/DSCN9354-www.jpg 1024w\" sizes=\"auto, (max-width: 300px) 100vw, 300px\" \/><\/a><\/strong><\/p>\n<div class=\"row _ojs\" data-fontsize=\"14\">\n<div class=\"span11\" data-fontsize=\"14\">\n<h2 class=\"big-header\" data-fontsize=\"30\"><\/h2>\n<\/div>\n<\/div>\n<div class=\"place-info-wrapper\" data-fontsize=\"14\">\n<div class=\"\" data-fontsize=\"14\">\n<article class=\"place-info section-to-print\" data-fontsize=\"14\">\n<div class=\"description tinymcecls\" data-fontsize=\"14\">\n<p data-fontsize=\"13\"><em><strong>\u0141yna to najd\u0142u\u017csza rzeka Warmii i Mazur i najwi\u0119ksza z trzech rzek p\u0142yn\u0105cych przez Olsztyn. Zreszt\u0105 dwie pozosta\u0142e s\u0105 jej dop\u0142ywami.<\/strong><\/em><\/p>\n<p data-fontsize=\"13\"><em><strong>Wi\u0119ksza cz\u0119\u015b\u0107 jej biegu, poczynaj\u0105c od \u017ar\u00f3de\u0142 na stokach Garbu Lubawskiego w okolicach Nidzicy (rezerwat \u201e\u0179r\u00f3d\u0142a rzeki \u0141yny\u201d), wije si\u0119 po terytorium wojew\u00f3dztwa warmi\u0144sko-mazurskiego (ok. 200 km). Ko\u0144cowy odcinek \u0141yny (64 km) biegnie za\u015b na obszarze nale\u017c\u0105cego do Rosji obwodu kaliningradzkiego. Tam te\u017c rzeka, nazwana \u0141aw\u0105, w okolicach Znamienska wpada do Prego\u0142y.<\/strong><\/em><\/p>\n<p data-fontsize=\"13\"><br data-fontsize=\"13\" \/><em><strong>Olsztyn jest pierwszym miastem na szlaku \u0141yny. Zanim jednak rzeka do niego dotrze, musi pokona\u0107 kilka jezior: Du\u017ce Brze\u017ano, Kiernoz Ma\u0142y i Kiernoz Wielki, \u0141a\u0144skie i Ustrych. Przed najwi\u0119kszym z nich \u2013 \u0141a\u0144skim \u2013 z lewej strony dop\u0142ywa do niej Mar\u00f3zka. Za jeziorem Ustrych prze\u0142omowy odcinek \u0141yny przypomina g\u00f3rsk\u0105 rzek\u0119 (rezerwat \u201eLas Warmi\u0144ski\u201d).<a href=\"https:\/\/www.milosnicylasu.olsztyn.pl\/wp-content\/uploads\/2022\/06\/DSCN9357-www.jpg\" data-rel=\"lightbox-image-2\" data-magnific_type=\"image\" data-rl_title=\"\" data-rl_caption=\"\" title=\"\"><img loading=\"lazy\" decoding=\"async\" class=\"size-medium wp-image-7198 alignleft\" src=\"https:\/\/www.milosnicylasu.olsztyn.pl\/wp-content\/uploads\/2022\/06\/DSCN9357-www-300x225.jpg\" alt=\"\" width=\"300\" height=\"225\" srcset=\"https:\/\/www.milosnicylasu.olsztyn.pl\/wp-content\/uploads\/2022\/06\/DSCN9357-www-300x225.jpg 300w, https:\/\/www.milosnicylasu.olsztyn.pl\/wp-content\/uploads\/2022\/06\/DSCN9357-www-768x576.jpg 768w, https:\/\/www.milosnicylasu.olsztyn.pl\/wp-content\/uploads\/2022\/06\/DSCN9357-www.jpg 1024w\" sizes=\"auto, (max-width: 300px) 100vw, 300px\" \/><\/a><\/strong><\/em><\/p>\n<p data-fontsize=\"13\"><br data-fontsize=\"13\" \/><em><strong>\u0141yna przecina Olsztyn na dwie niemal r\u00f3wne cz\u0119\u015bci, wp\u0142ywaj\u0105c od po\u0142udniowej, a wyp\u0142ywaj\u0105c po p\u00f3\u0142nocnej stronie miasta. Po drodze zasilaj\u0105 j\u0105 wody jezior Ukiel i Kortowskiego za po\u015brednictwem strugi Kort\u00f3wki. Potem toczy swe wody przez \u015ar\u00f3dmie\u015bcie i wzd\u0142u\u017c star\u00f3wki, stanowi\u0105c wa\u017cny element krajobrazowy Parku Podzamcze. Przep\u0142ywa pod najstarszym w Olsztynie mostem \u015bw. Jana Nepomucena, dalej biegnie w s\u0105siedztwie zamku Kapitu\u0142y Warmi\u0144skiej i pod wiaduktami kolejowymi z XIX w. Po opuszczeniu centrum miasta p\u0142ynie przez Las Miejski, gdzie \u0142\u0105czy si\u0119 z rzek\u0105 Wad\u0105g, dop\u0142ywaj\u0105c\u0105 do niej z prawej strony.<\/strong><\/em><\/p>\n<p data-fontsize=\"13\"><em><strong>Dalej obiera kierunek p\u00f3\u0142nocny i przecina tereny Pojezierza Olszty\u0144skiego i Niziny S\u0119popolskiej. P\u0142ynie przez Dobre Miasto, Lidzbark Warmi\u0144ski, Bartoszyce i S\u0119popol. Na kolejnych etapach zasilaj\u0105 j\u0105 wody Symsarny, Pisy P\u00f3\u0142nocnej, Gubra i Elmy.<\/strong><\/em><\/p>\n<p data-fontsize=\"13\"><br data-fontsize=\"13\" \/><em><strong>\u0141yna jest atrakcyjn\u0105, mi\u0119dzynarodow\u0105 tras\u0105 kajakow\u0105, umo\u017cliwiaj\u0105c\u0105 poznanie historii regionu i jego walor\u00f3w przyrodniczych, szczeg\u00f3lnie interesuj\u0105cych na obszarze wspomnianych rezerwat\u00f3w. Wzd\u0142u\u017c szlaku przygotowano kilkana\u015bcie przystani kajakowych. Sp\u0142yw mo\u017cna rozpocz\u0105\u0107 w okolicach Brze\u017ana \u0141y\u0144skiego i zako\u0144czy\u0107 w nadgranicznych Stopkach. W Olsztynie popularno\u015bci\u0105 ciesz\u0105 si\u0119 kr\u00f3tkie sp\u0142ywy wiod\u0105ce przez miasto i okolice.<\/strong><\/em><\/p>\n<p data-fontsize=\"13\">Te informacje oczywi\u015bcie s\u0105 z internetu. A tak na marginesie jaki to wspania\u0142y wynalazek!<\/p>\n<\/div>\n<\/article>\n<\/div>\n<\/div>\n","protected":false},"excerpt":{"rendered":"<p>11 czerwca 2022 roku cz\u0142onkowie Ko\u0142a Mi\u0142o\u015bnik\u00f3w Lasu i Militari\u00f3w LOK w Olsztynie wybrali si\u0119 na sobotni rajd po lesie, zaczynaj\u0105c od Centrum Edukacji i Inicjatyw Kulturalnych w Olsztynie, Przeszli\u015bmy\u00a0 lasem, wzd\u0142u\u017c \u0141yny do miejsca gdzie \u0142\u0105cz\u0105 si\u0119 dwie rzeki \u0141yna i Wad\u0105g. Troch\u0119 trudno nas zebra\u0107, po dwuletniej przerwie spowodowanej pandemi\u0105, ale jest nas [&hellip;]<\/p>\n","protected":false},"author":2,"featured_media":0,"comment_status":"open","ping_status":"open","sticky":false,"template":"","format":"standard","meta":{"footnotes":""},"categories":[1],"tags":[],"class_list":["post-7193","post","type-post","status-publish","format-standard","hentry","category-bez-kategorii"],"_links":{"self":[{"href":"https:\/\/www.milosnicylasu.olsztyn.pl\/index.php?rest_route=\/wp\/v2\/posts\/7193","targetHints":{"allow":["GET"]}}],"collection":[{"href":"https:\/\/www.milosnicylasu.olsztyn.pl\/index.php?rest_route=\/wp\/v2\/posts"}],"about":[{"href":"https:\/\/www.milosnicylasu.olsztyn.pl\/index.php?rest_route=\/wp\/v2\/types\/post"}],"author":[{"embeddable":true,"href":"https:\/\/www.milosnicylasu.olsztyn.pl\/index.php?rest_route=\/wp\/v2\/users\/2"}],"replies":[{"embeddable":true,"href":"https:\/\/www.milosnicylasu.olsztyn.pl\/index.php?rest_route=%2Fwp%2Fv2%2Fcomments&post=7193"}],"version-history":[{"count":3,"href":"https:\/\/www.milosnicylasu.olsztyn.pl\/index.php?rest_route=\/wp\/v2\/posts\/7193\/revisions"}],"predecessor-version":[{"id":7200,"href":"https:\/\/www.milosnicylasu.olsztyn.pl\/index.php?rest_route=\/wp\/v2\/posts\/7193\/revisions\/7200"}],"wp:attachment":[{"href":"https:\/\/www.milosnicylasu.olsztyn.pl\/index.php?rest_route=%2Fwp%2Fv2%2Fmedia&parent=7193"}],"wp:term":[{"taxonomy":"category","embeddable":true,"href":"https:\/\/www.milosnicylasu.olsztyn.pl\/index.php?rest_route=%2Fwp%2Fv2%2Fcategories&post=7193"},{"taxonomy":"post_tag","embeddable":true,"href":"https:\/\/www.milosnicylasu.olsztyn.pl\/index.php?rest_route=%2Fwp%2Fv2%2Ftags&post=7193"}],"curies":[{"name":"wp","href":"https:\/\/api.w.org\/{rel}","templated":true}]}}