{"id":7209,"date":"2022-06-23T09:43:12","date_gmt":"2022-06-23T07:43:12","guid":{"rendered":"https:\/\/www.milosnicylasu.olsztyn.pl\/?p=7209"},"modified":"2022-06-23T09:45:14","modified_gmt":"2022-06-23T07:45:14","slug":"zaproszenie-6","status":"publish","type":"post","link":"https:\/\/www.milosnicylasu.olsztyn.pl\/?p=7209","title":{"rendered":"Zaproszenie"},"content":{"rendered":"<p><strong><a href=\"https:\/\/www.milosnicylasu.olsztyn.pl\/wp-content\/uploads\/2021\/10\/DSCN8364-www.jpg\" data-rel=\"lightbox-image-0\" data-magnific_type=\"image\" data-rl_title=\"\" data-rl_caption=\"\" title=\"\"><img loading=\"lazy\" decoding=\"async\" class=\"size-medium wp-image-6609 alignleft\" src=\"https:\/\/www.milosnicylasu.olsztyn.pl\/wp-content\/uploads\/2021\/10\/DSCN8364-www-300x225.jpg\" alt=\"\" width=\"300\" height=\"225\" srcset=\"https:\/\/www.milosnicylasu.olsztyn.pl\/wp-content\/uploads\/2021\/10\/DSCN8364-www-300x225.jpg 300w, https:\/\/www.milosnicylasu.olsztyn.pl\/wp-content\/uploads\/2021\/10\/DSCN8364-www-768x576.jpg 768w, https:\/\/www.milosnicylasu.olsztyn.pl\/wp-content\/uploads\/2021\/10\/DSCN8364-www.jpg 1024w\" sizes=\"auto, (max-width: 300px) 100vw, 300px\" \/><\/a>25 czerwca 2022 roku cz\u0142onkowie Ko\u0142a Mi\u0142o\u015bnik\u00f3w Lasu i Militari\u00f3w LOK w Olsztynie\u00a0 spotykaj\u0105 si\u0119 na p\u0119tli MPK Kortowo- Stary Dw\u00f3r o godzinie 10.00. Spacerkiem przejdziemy pod &#8222;nasz\u0105 wiat\u0119&#8221;, gdzie odb\u0119dzie si\u0119 spotkanie ko\u0144cz\u0105ce rajdy, przed przerw\u0105 wakacyjn\u0105.<\/strong><\/p>\n<p><strong>Na osoby, kt\u00f3re dokona\u0142y wp\u0142aty, b\u0119dzie czeka\u0142a kie\u0142baska z dodatkami.<\/strong><\/p>\n<p><strong>Zarz\u0105d zapowiada ciekawe niespodzianki, zam\u00f3wi\u0142 ju\u017c wspania\u0142\u0105 pogod\u0119&#8230;&#8230;. a wi\u0119c do zobaczenia.<\/strong><a href=\"https:\/\/www.milosnicylasu.olsztyn.pl\/wp-content\/uploads\/2021\/06\/DSCN7458-www.jpg\" data-rel=\"lightbox-image-1\" data-magnific_type=\"image\" data-rl_title=\"\" data-rl_caption=\"\" title=\"\"><img loading=\"lazy\" decoding=\"async\" class=\"size-medium wp-image-6359 alignleft\" src=\"https:\/\/www.milosnicylasu.olsztyn.pl\/wp-content\/uploads\/2021\/06\/DSCN7458-www-300x225.jpg\" alt=\"\" width=\"300\" height=\"225\" srcset=\"https:\/\/www.milosnicylasu.olsztyn.pl\/wp-content\/uploads\/2021\/06\/DSCN7458-www-300x225.jpg 300w, https:\/\/www.milosnicylasu.olsztyn.pl\/wp-content\/uploads\/2021\/06\/DSCN7458-www-768x576.jpg 768w, https:\/\/www.milosnicylasu.olsztyn.pl\/wp-content\/uploads\/2021\/06\/DSCN7458-www.jpg 1024w\" sizes=\"auto, (max-width: 300px) 100vw, 300px\" \/><\/a><\/p>\n","protected":false},"excerpt":{"rendered":"<p>25 czerwca 2022 roku cz\u0142onkowie Ko\u0142a Mi\u0142o\u015bnik\u00f3w Lasu i Militari\u00f3w LOK w Olsztynie\u00a0 spotykaj\u0105 si\u0119 na p\u0119tli MPK Kortowo- Stary Dw\u00f3r o godzinie 10.00. Spacerkiem przejdziemy pod &#8222;nasz\u0105 wiat\u0119&#8221;, gdzie odb\u0119dzie si\u0119 spotkanie ko\u0144cz\u0105ce rajdy, przed przerw\u0105 wakacyjn\u0105. Na osoby, kt\u00f3re dokona\u0142y wp\u0142aty, b\u0119dzie czeka\u0142a kie\u0142baska z dodatkami. Zarz\u0105d zapowiada ciekawe niespodzianki, zam\u00f3wi\u0142 ju\u017c wspania\u0142\u0105 [&hellip;]<\/p>\n","protected":false},"author":2,"featured_media":0,"comment_status":"open","ping_status":"open","sticky":false,"template":"","format":"standard","meta":{"footnotes":""},"categories":[1,9,17,2],"tags":[],"class_list":["post-7209","post","type-post","status-publish","format-standard","hentry","category-bez-kategorii","category-ciekawostki","category-edukacja-w-terenie","category-rajdy"],"_links":{"self":[{"href":"https:\/\/www.milosnicylasu.olsztyn.pl\/index.php?rest_route=\/wp\/v2\/posts\/7209","targetHints":{"allow":["GET"]}}],"collection":[{"href":"https:\/\/www.milosnicylasu.olsztyn.pl\/index.php?rest_route=\/wp\/v2\/posts"}],"about":[{"href":"https:\/\/www.milosnicylasu.olsztyn.pl\/index.php?rest_route=\/wp\/v2\/types\/post"}],"author":[{"embeddable":true,"href":"https:\/\/www.milosnicylasu.olsztyn.pl\/index.php?rest_route=\/wp\/v2\/users\/2"}],"replies":[{"embeddable":true,"href":"https:\/\/www.milosnicylasu.olsztyn.pl\/index.php?rest_route=%2Fwp%2Fv2%2Fcomments&post=7209"}],"version-history":[{"count":3,"href":"https:\/\/www.milosnicylasu.olsztyn.pl\/index.php?rest_route=\/wp\/v2\/posts\/7209\/revisions"}],"predecessor-version":[{"id":7212,"href":"https:\/\/www.milosnicylasu.olsztyn.pl\/index.php?rest_route=\/wp\/v2\/posts\/7209\/revisions\/7212"}],"wp:attachment":[{"href":"https:\/\/www.milosnicylasu.olsztyn.pl\/index.php?rest_route=%2Fwp%2Fv2%2Fmedia&parent=7209"}],"wp:term":[{"taxonomy":"category","embeddable":true,"href":"https:\/\/www.milosnicylasu.olsztyn.pl\/index.php?rest_route=%2Fwp%2Fv2%2Fcategories&post=7209"},{"taxonomy":"post_tag","embeddable":true,"href":"https:\/\/www.milosnicylasu.olsztyn.pl\/index.php?rest_route=%2Fwp%2Fv2%2Ftags&post=7209"}],"curies":[{"name":"wp","href":"https:\/\/api.w.org\/{rel}","templated":true}]}}