{"id":7215,"date":"2022-07-01T16:16:29","date_gmt":"2022-07-01T14:16:29","guid":{"rendered":"https:\/\/www.milosnicylasu.olsztyn.pl\/?p=7215"},"modified":"2022-07-01T16:55:45","modified_gmt":"2022-07-01T14:55:45","slug":"13-lat-to-duzo-ale-chcemy-moze-jeszcze-nastepnych-przynajmniej-do-pelnoletnosci","status":"publish","type":"post","link":"https:\/\/www.milosnicylasu.olsztyn.pl\/?p=7215","title":{"rendered":"13 lat to du\u017co, ale chcemy mo\u017ce jeszcze nast\u0119pnych&#8230;&#8230;&#8230;.przynajmniej do pe\u0142noletno\u015bci."},"content":{"rendered":"<p><strong>W sobot\u0119\u00a0 25 czerwca 2022r. cz\u0142onkowie\u00a0 Ko\u0142a Mi\u0142o\u015bnik\u00f3w Lasu i Militari\u00f3w LOK przy ATW w Olsztynie spotkali si\u0119 tradycyjnie pod le\u015bn\u0105 wiat\u0105 w zaprzyja\u017anionym LE\u015aNICTWIE\u00a0 Stary Dw\u00f3r. By\u0142o to ostatnie\u00a0 sobotnie spotkanie przed wakacyjn\u0105 przerw\u0105.<\/strong><\/p>\n<p><a href=\"https:\/\/www.milosnicylasu.olsztyn.pl\/wp-content\/uploads\/2022\/07\/P6250004-www.jpg\" data-rel=\"lightbox-image-0\" data-magnific_type=\"image\" data-rl_title=\"\" data-rl_caption=\"\" title=\"\"><img loading=\"lazy\" decoding=\"async\" class=\"size-medium wp-image-7219\" src=\"https:\/\/www.milosnicylasu.olsztyn.pl\/wp-content\/uploads\/2022\/07\/P6250004-www-300x225.jpg\" alt=\"\" width=\"300\" height=\"225\" srcset=\"https:\/\/www.milosnicylasu.olsztyn.pl\/wp-content\/uploads\/2022\/07\/P6250004-www-300x225.jpg 300w, https:\/\/www.milosnicylasu.olsztyn.pl\/wp-content\/uploads\/2022\/07\/P6250004-www-768x576.jpg 768w, https:\/\/www.milosnicylasu.olsztyn.pl\/wp-content\/uploads\/2022\/07\/P6250004-www.jpg 1024w\" sizes=\"auto, (max-width: 300px) 100vw, 300px\" \/><\/a><\/p>\n<p><strong>W czasie tego spotkania uroczy\u015bcie przyj\u0119to\u00a0 nowych cz\u0142onk\u00f3w \u00a0do Ko\u0142a:<\/strong><\/p>\n<ol>\n<li><strong>Szymona D\u0105browskiego<\/strong><\/li>\n<li><strong>Stanis\u0142awa D\u0105browskiego<\/strong><\/li>\n<li><strong>Igora Siemakowicza<\/strong><\/li>\n<\/ol>\n<p><strong>Pi\u0119kn\u0105 Zuzi\u0119 D\u0105browsk\u0105 przyjmiemy do Ko\u0142a jak b\u0119dzie troszk\u0119 starsza. A teraz cieszymy si\u0119, \u017ce ju\u017c uczestniczy w naszych zaj\u0119ciach<\/strong><\/p>\n<p><strong>Przy le\u015bnym ognisku odby\u0142 si\u0119 konkurs historyczny &#8211; z historii dzia\u0142alno\u015bci naszego Ko\u0142a. Najwi\u0119ksz\u0105 wiedz\u0105 wykazali\u00a0 si\u0119:<\/strong><\/p>\n<ol>\n<li><strong>Micha\u0142 K\u0142\u0119bukowski<\/strong><\/li>\n<li><strong>Rysia K\u0142\u0119bukowska<\/strong><\/li>\n<li><strong>Stefania Jarczyk<\/strong><\/li>\n<\/ol>\n<p><strong>Zwyci\u0119zcy konkursu za ogromn\u0105 wiedz\u0119 otrzymali drobne, ale ciekawe upominki.<\/strong><\/p>\n<p><a href=\"https:\/\/www.milosnicylasu.olsztyn.pl\/wp-content\/uploads\/2022\/07\/P6250008-www.jpg\" data-rel=\"lightbox-image-1\" data-magnific_type=\"image\" data-rl_title=\"\" data-rl_caption=\"\" title=\"\"><img loading=\"lazy\" decoding=\"async\" class=\"size-medium wp-image-7220 alignright\" src=\"https:\/\/www.milosnicylasu.olsztyn.pl\/wp-content\/uploads\/2022\/07\/P6250008-www-300x225.jpg\" alt=\"\" width=\"300\" height=\"225\" srcset=\"https:\/\/www.milosnicylasu.olsztyn.pl\/wp-content\/uploads\/2022\/07\/P6250008-www-300x225.jpg 300w, https:\/\/www.milosnicylasu.olsztyn.pl\/wp-content\/uploads\/2022\/07\/P6250008-www-768x576.jpg 768w, https:\/\/www.milosnicylasu.olsztyn.pl\/wp-content\/uploads\/2022\/07\/P6250008-www.jpg 1024w\" sizes=\"auto, (max-width: 300px) 100vw, 300px\" \/><\/a><\/p>\n<p><strong>W dalszej cz\u0119\u015bci spotkania odby\u0142a si\u0119 zabawa terenowa polegaj\u0105ca na poszukiwaniu\u201d skarb\u00f3w\u201d, kt\u00f3re wcze\u015bniej zosta\u0142y ukryte przez Antoniego Jarczyka i Adama Siemakowicza.<\/strong><\/p>\n<p><a href=\"https:\/\/www.milosnicylasu.olsztyn.pl\/wp-content\/uploads\/2022\/07\/P6250014\u202d-www.jpg\" data-rel=\"lightbox-image-2\" data-magnific_type=\"image\" data-rl_title=\"\" data-rl_caption=\"\" title=\"\"><img loading=\"lazy\" decoding=\"async\" class=\"size-medium wp-image-7221\" src=\"https:\/\/www.milosnicylasu.olsztyn.pl\/wp-content\/uploads\/2022\/07\/P6250014\u202d-www-300x225.jpg\" alt=\"\" width=\"300\" height=\"225\" srcset=\"https:\/\/www.milosnicylasu.olsztyn.pl\/wp-content\/uploads\/2022\/07\/P6250014\u202d-www-300x225.jpg 300w, https:\/\/www.milosnicylasu.olsztyn.pl\/wp-content\/uploads\/2022\/07\/P6250014\u202d-www-768x576.jpg 768w, https:\/\/www.milosnicylasu.olsztyn.pl\/wp-content\/uploads\/2022\/07\/P6250014\u202d-www.jpg 1024w\" sizes=\"auto, (max-width: 300px) 100vw, 300px\" \/><\/a><\/p>\n<p><strong>Za pomoc\u0105 specjalistycznego sprz\u0119tu, \u00a0\u00a0na okre\u015blonym terenie, \u00a0uczestnicy spotkania\u00a0\u00a0\u00a0 poszukiwali\u2026\u2026\u2026\u2026\u2026. Zabawa cieszy\u0142a si\u0119 du\u017cym powodzeniem,\u00a0 szczeg\u00f3lnie przez najm\u0142odszych uczestnik\u00f3w. Wszystkim bior\u0105cym\u00a0 udzia\u0142 uda\u0142o si\u0119 odnale\u017a\u0107 niespodziank\u0119 stosown\u0105 do wieku: puszk\u0119 piwa \u017bubr albo pepsi. <\/strong><\/p>\n<p><a href=\"https:\/\/www.milosnicylasu.olsztyn.pl\/wp-content\/uploads\/2022\/07\/www.jpg\" data-rel=\"lightbox-image-3\" data-magnific_type=\"image\" data-rl_title=\"\" data-rl_caption=\"\" title=\"\"><img loading=\"lazy\" decoding=\"async\" class=\"size-medium wp-image-7222 alignleft\" src=\"https:\/\/www.milosnicylasu.olsztyn.pl\/wp-content\/uploads\/2022\/07\/www-300x225.jpg\" alt=\"\" width=\"300\" height=\"225\" srcset=\"https:\/\/www.milosnicylasu.olsztyn.pl\/wp-content\/uploads\/2022\/07\/www-300x225.jpg 300w, https:\/\/www.milosnicylasu.olsztyn.pl\/wp-content\/uploads\/2022\/07\/www-768x576.jpg 768w, https:\/\/www.milosnicylasu.olsztyn.pl\/wp-content\/uploads\/2022\/07\/www.jpg 1024w\" sizes=\"auto, (max-width: 300px) 100vw, 300px\" \/><\/a><\/p>\n<p>&nbsp;<\/p>\n<p><strong>Z takim zapasem\u00a0 udali\u015bmy si\u0119\u00a0 do ogniska, kt\u00f3re przygotowa\u0142 Antoni Jarczyk, J\u00f3zek Gazda I Rysiu Chudziakiewicz. Piekli\u015bmy pyszne nied\u017awiedzie kie\u0142baski wspominaj\u0105c minione lata, ciekawe imprezy, spotkania z le\u015bnikami\u2026\u2026\u2026\u2026\u2026\u2026.<\/strong><\/p>\n<p><a href=\"https:\/\/www.milosnicylasu.olsztyn.pl\/wp-content\/uploads\/2022\/07\/P6250006-www.jpg\" data-rel=\"lightbox-image-4\" data-magnific_type=\"image\" data-rl_title=\"\" data-rl_caption=\"\" title=\"\"><img loading=\"lazy\" decoding=\"async\" class=\"size-medium wp-image-7223\" src=\"https:\/\/www.milosnicylasu.olsztyn.pl\/wp-content\/uploads\/2022\/07\/P6250006-www-300x225.jpg\" alt=\"\" width=\"300\" height=\"225\" srcset=\"https:\/\/www.milosnicylasu.olsztyn.pl\/wp-content\/uploads\/2022\/07\/P6250006-www-300x225.jpg 300w, https:\/\/www.milosnicylasu.olsztyn.pl\/wp-content\/uploads\/2022\/07\/P6250006-www-768x576.jpg 768w, https:\/\/www.milosnicylasu.olsztyn.pl\/wp-content\/uploads\/2022\/07\/P6250006-www.jpg 1024w\" sizes=\"auto, (max-width: 300px) 100vw, 300px\" \/><\/a><\/p>\n<p><strong>Bo przecie\u017c\u00a0 w kwietniu min\u0119\u0142o 13 lat istnienia Ko\u0142a !<\/strong><\/p>\n<p><strong>I w zwi\u0105zku z tym:<\/strong><\/p>\n<p><strong>na zako\u0144czenie spotkania zosta\u0142y wr\u0119czone medale:<\/strong><\/p>\n<p><strong>\u00a0\u00a0\u00a0\u00a0\u00a0\u00a0\u00a0\u00a0\u00a0\u00a0 Z\u0142oty medal Zas\u0142ugi Dla Ko\u0142a wr\u0119czono:<\/strong><\/p>\n<ol>\n<li><strong>Danieli Tyl<\/strong><\/li>\n<li><strong>Wojciechowi D\u0105browskiemu<\/strong><\/li>\n<\/ol>\n<p><a href=\"https:\/\/www.milosnicylasu.olsztyn.pl\/wp-content\/uploads\/2022\/07\/P6250005-www.jpg\" data-rel=\"lightbox-image-5\" data-magnific_type=\"image\" data-rl_title=\"\" data-rl_caption=\"\" title=\"\"><img loading=\"lazy\" decoding=\"async\" class=\"size-medium wp-image-7224\" src=\"https:\/\/www.milosnicylasu.olsztyn.pl\/wp-content\/uploads\/2022\/07\/P6250005-www-300x225.jpg\" alt=\"\" width=\"300\" height=\"225\" srcset=\"https:\/\/www.milosnicylasu.olsztyn.pl\/wp-content\/uploads\/2022\/07\/P6250005-www-300x225.jpg 300w, https:\/\/www.milosnicylasu.olsztyn.pl\/wp-content\/uploads\/2022\/07\/P6250005-www-768x576.jpg 768w, https:\/\/www.milosnicylasu.olsztyn.pl\/wp-content\/uploads\/2022\/07\/P6250005-www.jpg 1024w\" sizes=\"auto, (max-width: 300px) 100vw, 300px\" \/><\/a><\/p>\n<p><strong>Wyr\u00f3\u017cniono upominkami \u00a0stra\u017cnik\u00f3w sobotnich ognisk:<\/strong><\/p>\n<ol>\n<li><strong>Antoniego Jarczyka<\/strong><\/li>\n<li><strong>Kub\u0119 Kosman<\/strong><\/li>\n<li><strong>J\u00f3zka Gazd\u0119<\/strong><\/li>\n<\/ol>\n<p><strong>Podsumowano\u00a0 odbyte zawody strzeleckie z broni sportowej Ko\u0142a, najlepszymi strzelcami kt\u00f3rzy zdobyli najwi\u0119cej \u201e 10\u201dokazali si\u0119:\u00a0\u00a0<\/strong><\/p>\n<p><strong>Rysia K\u0142\u0119bukowska<\/strong><\/p>\n<p><strong>Teresa Mielczarska<\/strong><\/p>\n<p><strong>Rysio Chodakiewicz<\/strong><\/p>\n<p><strong>Kazio Mi\u0142owski<\/strong><\/p>\n<p><strong>Zwyci\u0119zc\u00f3w wyr\u00f3\u017cniono zegarkami i innymi upominkami.<\/strong><\/p>\n<p><strong>Cz\u0142onkowie Ko\u0142a uczestnicz\u0105cy w tym spotkaniu, kt\u00f3rzy uregulowali sk\u0142adki cz\u0142onkowskie do 06.06.2022r. otrzymali upominki\u00a0 w postaci ksi\u0105\u017cek.<\/strong><\/p>\n<p><strong>Dzi\u0119kujemy:<\/strong><\/p>\n<p><strong>Alicji Janulewicz za wypiek smacznego i pomys\u0142owego piernika jubileuszowego, kt\u00f3rego wszyscy smakowali. By\u0142 bardzo smaczny.<\/strong><\/p>\n<p><a href=\"https:\/\/www.milosnicylasu.olsztyn.pl\/wp-content\/uploads\/2022\/07\/P6250002-www.jpg\" data-rel=\"lightbox-image-6\" data-magnific_type=\"image\" data-rl_title=\"\" data-rl_caption=\"\" title=\"\"><img loading=\"lazy\" decoding=\"async\" class=\"size-medium wp-image-7228\" src=\"https:\/\/www.milosnicylasu.olsztyn.pl\/wp-content\/uploads\/2022\/07\/P6250002-www-300x225.jpg\" alt=\"\" width=\"300\" height=\"225\" srcset=\"https:\/\/www.milosnicylasu.olsztyn.pl\/wp-content\/uploads\/2022\/07\/P6250002-www-300x225.jpg 300w, https:\/\/www.milosnicylasu.olsztyn.pl\/wp-content\/uploads\/2022\/07\/P6250002-www-768x576.jpg 768w, https:\/\/www.milosnicylasu.olsztyn.pl\/wp-content\/uploads\/2022\/07\/P6250002-www.jpg 1024w\" sizes=\"auto, (max-width: 300px) 100vw, 300px\" \/><\/a><\/p>\n<p><strong>Le\u015bniczemu\u00a0 Wojtkowi D\u0105browskiemu i instruktorom poszczeg\u00f3lnych punkt\u00f3w spotkania , za pomys\u0142owo\u015b\u0107 , bezpieczn\u0105 i sprawn\u0105 realizacj\u0119 zada\u0144.<\/strong><\/p>\n<p><strong>I\u2026\u2026\u2026wszystkim uczestnikom\u00a0 za udzia\u0142 , za dobry humor, za<\/strong> <strong>podj\u0119cie ciekawego, ale jak\u017ce wyczerpuj\u0105cego tematu jakim by\u0142o poszukiwanie skarb\u00f3w. Dzi\u0119kujemy, \u017ce<\/strong> <strong>jeste\u015bcie!<\/strong><\/p>\n<p><strong>A wa\u017cne\u00a0 a mo\u017ce najwa\u017cniejsze jest to, \u017ce \u015brednia wieku cz\u0142onk\u00f3w Ko\u0142a po sobotnim spotkaniu&#8230;&#8230;&#8230; znacznie si\u0119 obni\u017cy\u0142a. Witamy m\u0142odzie\u017c w Kole !<\/strong><\/p>\n","protected":false},"excerpt":{"rendered":"<p>W sobot\u0119\u00a0 25 czerwca 2022r. cz\u0142onkowie\u00a0 Ko\u0142a Mi\u0142o\u015bnik\u00f3w Lasu i Militari\u00f3w LOK przy ATW w Olsztynie spotkali si\u0119 tradycyjnie pod le\u015bn\u0105 wiat\u0105 w zaprzyja\u017anionym LE\u015aNICTWIE\u00a0 Stary Dw\u00f3r. By\u0142o to ostatnie\u00a0 sobotnie spotkanie przed wakacyjn\u0105 przerw\u0105. W czasie tego spotkania uroczy\u015bcie przyj\u0119to\u00a0 nowych cz\u0142onk\u00f3w \u00a0do Ko\u0142a: Szymona D\u0105browskiego Stanis\u0142awa D\u0105browskiego Igora Siemakowicza Pi\u0119kn\u0105 Zuzi\u0119 D\u0105browsk\u0105 przyjmiemy [&hellip;]<\/p>\n","protected":false},"author":2,"featured_media":0,"comment_status":"open","ping_status":"open","sticky":false,"template":"","format":"standard","meta":{"footnotes":""},"categories":[1,17,13,6,2],"tags":[],"class_list":["post-7215","post","type-post","status-publish","format-standard","hentry","category-bez-kategorii","category-edukacja-w-terenie","category-konkursy","category-odznaczenia","category-rajdy"],"_links":{"self":[{"href":"https:\/\/www.milosnicylasu.olsztyn.pl\/index.php?rest_route=\/wp\/v2\/posts\/7215","targetHints":{"allow":["GET"]}}],"collection":[{"href":"https:\/\/www.milosnicylasu.olsztyn.pl\/index.php?rest_route=\/wp\/v2\/posts"}],"about":[{"href":"https:\/\/www.milosnicylasu.olsztyn.pl\/index.php?rest_route=\/wp\/v2\/types\/post"}],"author":[{"embeddable":true,"href":"https:\/\/www.milosnicylasu.olsztyn.pl\/index.php?rest_route=\/wp\/v2\/users\/2"}],"replies":[{"embeddable":true,"href":"https:\/\/www.milosnicylasu.olsztyn.pl\/index.php?rest_route=%2Fwp%2Fv2%2Fcomments&post=7215"}],"version-history":[{"count":9,"href":"https:\/\/www.milosnicylasu.olsztyn.pl\/index.php?rest_route=\/wp\/v2\/posts\/7215\/revisions"}],"predecessor-version":[{"id":7231,"href":"https:\/\/www.milosnicylasu.olsztyn.pl\/index.php?rest_route=\/wp\/v2\/posts\/7215\/revisions\/7231"}],"wp:attachment":[{"href":"https:\/\/www.milosnicylasu.olsztyn.pl\/index.php?rest_route=%2Fwp%2Fv2%2Fmedia&parent=7215"}],"wp:term":[{"taxonomy":"category","embeddable":true,"href":"https:\/\/www.milosnicylasu.olsztyn.pl\/index.php?rest_route=%2Fwp%2Fv2%2Fcategories&post=7215"},{"taxonomy":"post_tag","embeddable":true,"href":"https:\/\/www.milosnicylasu.olsztyn.pl\/index.php?rest_route=%2Fwp%2Fv2%2Ftags&post=7215"}],"curies":[{"name":"wp","href":"https:\/\/api.w.org\/{rel}","templated":true}]}}