{"id":7234,"date":"2022-07-02T18:00:44","date_gmt":"2022-07-02T16:00:44","guid":{"rendered":"https:\/\/www.milosnicylasu.olsztyn.pl\/?p=7234"},"modified":"2022-07-02T18:08:40","modified_gmt":"2022-07-02T16:08:40","slug":"odpowiedzi-na-pytania-konkursowe-z-25-czerwca-2022roku","status":"publish","type":"post","link":"https:\/\/www.milosnicylasu.olsztyn.pl\/?p=7234","title":{"rendered":"Odpowiedzi na pytania konkursowe z 25 czerwca 2022roku"},"content":{"rendered":"<p><strong>Podczas sobotniego spotkania, w czasie kt\u00f3rego obchodzili\u015bmy 13-t\u0105 rocznic\u0119 powstania Ko\u0142a, prezes Tolek Leszczy\u0144ski przeprowadzi\u0142 konkurs z historii dzia\u0142alno\u015bci Ko\u0142a. Okaza\u0142o si\u0119, \u017ce wiele pami\u0119tamy, szczeg\u00f3lnie osoby, kt\u00f3re nale\u017c\u0105 od pocz\u0105tku istnienia naszej organizacji.<\/strong><\/p>\n<p><strong>Wiele pami\u0119tamy, ale oczywi\u015bcie nie wszyscy i nie wszystko. Na pro\u015bb\u0119 uczestnik\u00f3w sobotniej imprezy podajemy odpowiedzi na pytania.<\/strong><\/p>\n<p>&nbsp;<\/p>\n<p><strong><a href=\"https:\/\/www.milosnicylasu.olsztyn.pl\/wp-content\/uploads\/2014\/05\/cropped-P5240202-www.jpg\" data-rel=\"lightbox-image-0\" data-magnific_type=\"image\" data-rl_title=\"\" data-rl_caption=\"\" title=\"\"><img loading=\"lazy\" decoding=\"async\" class=\"size-medium wp-image-4868 alignleft\" src=\"https:\/\/www.milosnicylasu.olsztyn.pl\/wp-content\/uploads\/2014\/05\/cropped-P5240202-www-300x139.jpg\" alt=\"\" width=\"300\" height=\"139\" \/><\/a>Ko\u0142o Mi\u0142o\u015bnik\u00f3w Lasu i Militari\u00f3w LOK przy ATW w Olsztynie powsta\u0142o 9 kwietnia 2009 roku. Zgod\u0119 na legalizacj\u0119 Ko\u0142a\u00a0 wyda\u0142 Zarz\u0105d Powiatowy LOK w Olsztynie. Prezesem Ko\u0142a od pocz\u0105tku jest Anatol Leszczy\u0144ski .Spotkanie organizacyjne odby\u0142o si\u0119 w MOK w Olsztynie. Nast\u0119pne zebrania odbywa\u0142y si\u0119 w Muzeum Przyrody przy ulicy Metalowej, jednak stale rosn\u0105ca liczba cz\u0142onk\u00f3w Ko\u0142a wymaga\u0142a poszukiwania nowych rozwi\u0105za\u0144 lokalowych. Dzi\u0119ki Panu Tadeuszowi Pampuchowi z Regionalnej Dyrekcji Las\u00f3w Pa\u0144stwowych w Olsztynie zacz\u0119li\u015bmy si\u0119 spotyka\u0107 w pi\u0119knej sali Dyrekcji, kt\u00f3ra jest nam bardzo bliska do dzisiaj, zapewnia nie tylko sal\u0119, informatyk\u00f3w ale te\u017c\u00a0 kompetentnych wyk\u0142adowc\u00f3w.\u00a0 \u00a0Trudno policzy\u0107 ile by\u0142o wszystkich wyk\u0142ad\u00f3w. W ka\u017cdym roku spotykamy si\u0119 9 razy, jednak cz\u0119\u015b\u0107 wyk\u0142ad\u00f3w odwo\u0142ano z powodu pandemii, w sumie by\u0142o ich na pewno ponad 100.<\/strong><\/p>\n<p><strong>W RDLP w Olsztynie zawsze bardzo przychylnie ustosunkowani do naszej dzia\u0142alno\u015bci byli kolejni Dyrektorzy\u00a0 Jan Karetko ,Ma\u0142gorzata\u00a0 B\u0142yskun, Piotr Czy\u017cyk, Mariusz Orzechowski, Adam Roczniak.<\/strong><\/p>\n<p><strong>Najcz\u0119stszy kontakt mamy z Nadle\u015bnictwem Kudypy, kt\u00f3rego Nadle\u015bniczym jest Pan Mariusz Orzechowski. W ramach tego Nadle\u015bnictwa najcz\u0119stszym miejscem w kt\u00f3rym si\u0119 spotykamy\u00a0\u00a0 s\u0105 \u00a0lasy Le\u015bnictwa Stary Dw\u00f3r, gdzie rz\u0105dzi Wojtek D\u0105browski oraz Le\u015bne Arboretum\u00a0 Warmii i Mazur w Kudypach.<\/strong><\/p>\n<p><strong>W latach 2009-2022 odbyli\u015bmy 56 wycieczek autokarowych. Ponadto organizowali\u015bmy \u00a0wycieczki\u00a0 kolejowe\u00a0 &#8211; Mor\u0105g\u00a0 1, Braniewo 1, Ostr\u00f3da 2 , Szczytno 2. Pisz 1, podgl\u0105danie ptak\u00f3w na rozlewiskach Unieszewo 2 razy, Olsztynek 2. Autobusami\u00a0 udali\u015bmy si\u0119 do Jagie\u0142ka 2 , Barczewa 1, Lidzbarka Warmi\u0144skiego 1.<\/strong><\/p>\n<p><strong>Zawsze du\u017cym zainteresowaniem cieszy\u0142y si\u0119 wycieczki do Nadle\u015bnictwa Mi\u0142om\u0142yn, gdzie gospodarzem by\u0142 Nadle\u015bniczy Wies\u0142aw Stachowicz. Byli\u015bmy tam pi\u0119ciokrotnie!<\/strong><\/p>\n<p><strong>Inne nadle\u015bnictwa podleg\u0142e\u00a0 Olszty\u0144skiej Dyrekcji ,\u00a0 kt\u00f3re\u00a0 odwiedzili\u015bmy to Olsztyn, Kudypy, Jagie\u0142ek, Olsztynek,\u00a0 Stare Jab\u0142onki, Mr\u0105gowo, Lidzbark, Zaporowo, G\u00f3rowo I\u0142aweckie, Wichrowo, Nidzica, Nowe Ramuki, Orneta, Spychowo.<\/strong><\/p>\n<p><strong>A nadle\u015bnictwa\u00a0 podleg\u0142e innym Dyrekcjom to Hajn\u00f3wka, Bia\u0142owie\u017ca, Borki Krynki \/RDLP w Bia\u0142ymstoku. W czasie wycieczek poznali\u015bmy puszcze: Bia\u0142owiesk\u0105, Romi\u0144sk\u0105, Knyszy\u0144ska, Bia\u0142\u0105, Kurpiowsk\u0105, Napiwodzko-Ramuck\u0105, Boreck\u0105.<\/strong><\/p>\n<p><strong>W Nadle\u015bnictwie Krynki zwiedzili\u015bmy Silwarium znajduj\u0105ce si\u0119 w Puszczy Knyszy\u0144skiej. Podczas wycieczki do Supra\u015bla widzieli\u015bmy\u00a0 Pa\u0142ac Bucholc\u00f3w, stary zabytkowy ratusz, Muzeum Ikon, cerkiew kremlowsk\u0105 typu obronnego . Uczestniczyli\u015bmy w warsztatach pisania ikon.<\/strong><\/p>\n<p><strong>\u201e Kraina Otwartych Okiennic\u201d znajduje si\u0119 na Podlasiu \u2013 miejscowo\u015bci Trze\u015bcianka, Puch\u0142y , Soce<\/strong><\/p>\n<p><strong>Zwiedzili\u015bmy meczety tatarskie w miejscowo\u015bciach:; Bohoniki i Kruszyniany.<\/strong><\/p>\n<p><strong>\u00a0Poznali\u015bmy obiekty sakralne r\u00f3\u017cnych wyzna\u0144: ko\u015bcio\u0142y katolickie, cerkwie prawos\u0142awne, skit w Odrynkach, cerkwie grekokatolickie, zbory protestanckie, meczety, synagogi, cerkiew bizantyjsko-s\u0142owia\u0144sk\u0105 w Kostom\u0142otach.<\/strong><\/p>\n<p><strong>Zwiedzili\u015bmy obiekty fortyfikacyjne z czas\u00f3w I i II wojny \u015bwiatowej: Gier\u0142o\u017c \/siedziba Hitlera\/,siedziba Lutwafe w Go\u0142dapi, Twierdza w Pozedrze \/siedziba Himlera\/, Twierdza Bojen w Gi\u017cycku, Twierdza Osowiec, Twierdza w \u0141om\u017cy, Zamo\u015b\u0107, umocnienia w okolicach Ornety, Tr\u00f3jk\u0105t Lidzbarski, umocnienia linii Piskiej, fortyfikacje w okolicach Suwa\u0142k.<\/strong><\/p>\n<p><strong>W czasie wycieczek zwiedzili\u015bmy pa\u0142ace i zamki: Olsztynek, Mor\u0105g, Ostr\u00f3da, Lidzbark Warmi\u0144ski, Nidzica, K\u0119trzyn, Bez\u0142awki, Reszel, Barciany, Drogosze, Nakomiady, Galiny, S\u0142obity, Sztynort, Szymbark, Susz, W\u0119gorzewo, Pa\u0142ac Branickich w Bia\u0142ymstoku, Letnia rezydencja Branickich w Chroszczy, Pa\u0142ac zamojskich w Koz\u0142\u00f3wce<\/strong><\/p>\n<p><strong>\u0141\u0105cznie zwiedzili\u015bmy 53 obiekty.<\/strong><\/p>\n<p><strong>W Sta\u0144czykach znajduj\u0105 si\u0119 mosty akwelungowe.<\/strong><\/p>\n<p><strong>W ramach naszych wycieczek by\u0142a jedna wycieczka zagraniczna do Druskiennik na Litwie<\/strong><\/p>\n<p>&nbsp;<\/p>\n<p>&nbsp;<\/p>\n","protected":false},"excerpt":{"rendered":"<p>Podczas sobotniego spotkania, w czasie kt\u00f3rego obchodzili\u015bmy 13-t\u0105 rocznic\u0119 powstania Ko\u0142a, prezes Tolek Leszczy\u0144ski przeprowadzi\u0142 konkurs z historii dzia\u0142alno\u015bci Ko\u0142a. Okaza\u0142o si\u0119, \u017ce wiele pami\u0119tamy, szczeg\u00f3lnie osoby, kt\u00f3re nale\u017c\u0105 od pocz\u0105tku istnienia naszej organizacji. Wiele pami\u0119tamy, ale oczywi\u015bcie nie wszyscy i nie wszystko. Na pro\u015bb\u0119 uczestnik\u00f3w sobotniej imprezy podajemy odpowiedzi na pytania. &nbsp; Ko\u0142o Mi\u0142o\u015bnik\u00f3w [&hellip;]<\/p>\n","protected":false},"author":2,"featured_media":0,"comment_status":"open","ping_status":"open","sticky":false,"template":"","format":"standard","meta":{"footnotes":""},"categories":[15],"tags":[],"class_list":["post-7234","post","type-post","status-publish","format-standard","hentry","category-komkurs"],"_links":{"self":[{"href":"https:\/\/www.milosnicylasu.olsztyn.pl\/index.php?rest_route=\/wp\/v2\/posts\/7234","targetHints":{"allow":["GET"]}}],"collection":[{"href":"https:\/\/www.milosnicylasu.olsztyn.pl\/index.php?rest_route=\/wp\/v2\/posts"}],"about":[{"href":"https:\/\/www.milosnicylasu.olsztyn.pl\/index.php?rest_route=\/wp\/v2\/types\/post"}],"author":[{"embeddable":true,"href":"https:\/\/www.milosnicylasu.olsztyn.pl\/index.php?rest_route=\/wp\/v2\/users\/2"}],"replies":[{"embeddable":true,"href":"https:\/\/www.milosnicylasu.olsztyn.pl\/index.php?rest_route=%2Fwp%2Fv2%2Fcomments&post=7234"}],"version-history":[{"count":3,"href":"https:\/\/www.milosnicylasu.olsztyn.pl\/index.php?rest_route=\/wp\/v2\/posts\/7234\/revisions"}],"predecessor-version":[{"id":7237,"href":"https:\/\/www.milosnicylasu.olsztyn.pl\/index.php?rest_route=\/wp\/v2\/posts\/7234\/revisions\/7237"}],"wp:attachment":[{"href":"https:\/\/www.milosnicylasu.olsztyn.pl\/index.php?rest_route=%2Fwp%2Fv2%2Fmedia&parent=7234"}],"wp:term":[{"taxonomy":"category","embeddable":true,"href":"https:\/\/www.milosnicylasu.olsztyn.pl\/index.php?rest_route=%2Fwp%2Fv2%2Fcategories&post=7234"},{"taxonomy":"post_tag","embeddable":true,"href":"https:\/\/www.milosnicylasu.olsztyn.pl\/index.php?rest_route=%2Fwp%2Fv2%2Ftags&post=7234"}],"curies":[{"name":"wp","href":"https:\/\/api.w.org\/{rel}","templated":true}]}}