{"id":7243,"date":"2022-08-05T18:05:10","date_gmt":"2022-08-05T16:05:10","guid":{"rendered":"https:\/\/www.milosnicylasu.olsztyn.pl\/?p=7243"},"modified":"2022-08-05T18:06:59","modified_gmt":"2022-08-05T16:06:59","slug":"sloneczniki-piekne-i-bardzo-zdrowe","status":"publish","type":"post","link":"https:\/\/www.milosnicylasu.olsztyn.pl\/?p=7243","title":{"rendered":"S\u0142oneczniki &#8211; pi\u0119kne i bardzo zdrowe"},"content":{"rendered":"<h2>Maria Pawlikowska-Jasnorzewska &#8211; s\u0142onecznik<\/h2>\n<p><a href=\"https:\/\/www.milosnicylasu.olsztyn.pl\/wp-content\/uploads\/2022\/08\/P7310105-www.jpg\" data-rel=\"lightbox-image-0\" data-magnific_type=\"image\" data-rl_title=\"\" data-rl_caption=\"\" title=\"\"><img loading=\"lazy\" decoding=\"async\" class=\"size-medium wp-image-7244 alignleft\" src=\"https:\/\/www.milosnicylasu.olsztyn.pl\/wp-content\/uploads\/2022\/08\/P7310105-www-300x225.jpg\" alt=\"\" width=\"300\" height=\"225\" srcset=\"https:\/\/www.milosnicylasu.olsztyn.pl\/wp-content\/uploads\/2022\/08\/P7310105-www-300x225.jpg 300w, https:\/\/www.milosnicylasu.olsztyn.pl\/wp-content\/uploads\/2022\/08\/P7310105-www-768x576.jpg 768w, https:\/\/www.milosnicylasu.olsztyn.pl\/wp-content\/uploads\/2022\/08\/P7310105-www.jpg 1024w\" sizes=\"auto, (max-width: 300px) 100vw, 300px\" \/><\/a><\/p>\n<p><strong>Dorastamy do twojej wiedzy, <\/strong><br \/>\n<strong>Wysokiej wiedzy solarnej, <\/strong><br \/>\n<strong>Kwiecie, kt\u00f3ry S\u0142o\u0144ce za wz\u00f3r bierzesz! <\/strong><br \/>\n<strong>Z dawna ju\u017c kr\u0119giem nasion <\/strong><br \/>\n<strong>Ch\u00f3ralnie szepta\u0142e\u015b <\/strong><br \/>\n<strong>O ciemnym j\u0105drze s\u0142onecznym, <\/strong><br \/>\n<strong>A koron\u0105 z\u0142ocistych p\u0142atk\u00f3w, <\/strong><br \/>\n<strong>O fotosferze. <\/strong><br \/>\n<strong>Dzikie, korzenne tchnienie <\/strong><br \/>\n<strong>Z bliska ci\u0119 osnuwa: <\/strong><br \/>\n<strong>Mo\u017ce to zapach S\u0142o\u0144ca, <\/strong><br \/>\n<strong>Kt\u00f3ry ty przeczuwasz?<\/strong><\/p>\n<p><strong>S\u0142onecznik zwyczajny (Helianthus annuus L.) to ro\u015blina nale\u017c\u0105ca do rodziny astrowatych pochodz\u0105ca z Ameryki P\u00f3\u0142nocnej. Obecnie uprawiany jest w wielu krajach \u015bwiata \u2013 tak\u017ce w Polsce.<\/strong><\/p>\n<p><strong>\u00a0Ziarna s\u0142onecznika to przede wszystkim bogactwo t\u0142uszcz\u00f3w (wielonienasyconych kwas\u00f3w t\u0142uszczowych) oraz aminokwas\u00f3w, takich jak: arginina, kwas asparaginowy i glutaminowy. W\u015br\u00f3d witamin prym wiod\u0105 przede wszystkim: witamina E i niacyna (witamina B3), a wyst\u0119puj\u0105 tak\u017ce \u2013 A, B1, B2, B6 oraz foliany. Na lecznicze i prozdrowotne w\u0142a\u015bciwo\u015bci ziaren s\u0142onecznika du\u017cy wp\u0142yw maj\u0105 r\u00f3wnie\u017c makroelementy: potas, fosfor, magnez, wap\u0144, s\u00f3d oraz mikroelementy: \u017celazo, cynk, mangan i mied\u017a. W sk\u0142adzie nasion znajduje si\u0119 tak\u017ce b\u0142onnik.\u00a0<\/strong><\/p>\n<p><strong>\u00a0Ziarna s\u0142onecznika reguluj\u0105 poziom cholesterolu<\/strong><\/p>\n<p><strong>\u00a0Ziarna s\u0142onecznika przeciwdzia\u0142aj\u0105 chorobom nowotworowym <\/strong><\/p>\n<p><strong>Ziarna s\u0142onecznika zabezpieczaj\u0105 przed gro\u017anymi chorobami\u00a0<\/strong><\/p>\n<p><strong>Spo\u017cywanie ziaren s\u0142onecznika wspomaga funkcjonowanie pracy serca. Przez hamowanie rozwoju cholesterolu LDL oraz w\u0142a\u015bciwo\u015bci antyoksydacyjne niszcz\u0105ce wolne rodniki, nie dochodzi do mia\u017cd\u017cycy, udar\u00f3w, a tak\u017ce zawa\u0142\u00f3w serca. Antyoksydanty wchodz\u0105ce w sk\u0142ad nasion s\u0142onecznikowych wp\u0142ywaj\u0105 na hamowanie rozwoju stan\u00f3w zapalnych, a tak\u017ce zapobiegaj\u0105 wielu chorobom cywilizacyjnym, jak np. cukrzyca. Pozytywnie dzia\u0142aj\u0105 na funkcjonowanie uk\u0142adu nerwowego, zabezpieczaj\u0105c przed wyst\u0105pieniem zaburze\u0144 i chor\u00f3b neurodegeneracyjnych, takich jak: stwardnienie rozsiane, rdzeniowy zanik mi\u0119\u015bni, choroba Refsuma, Alpersa, Alzheimera czy Parkinsona. Ziarna s\u0142onecznika zalecane s\u0105 do spo\u017cycia osobom zmagaj\u0105cym si\u0119 z nadci\u015bnieniem. Natomiast wysoki poziom fitosteroli skutecznie chroni przed zaburzeniami i schorzeniami uk\u0142adu kr\u0105\u017cenia.\u00a0 \u00a0<\/strong><\/p>\n<p><strong>Ziarna s\u0142onecznika poprawiaj\u0105 funkcjonowanie wielu narz\u0105d\u00f3w\u00a0<\/strong><\/p>\n<p><strong>W sk\u0142adzie ziaren s\u0142onecznika znajduje si\u0119 arginina. Ten aminokwas stymuluje produkcj\u0119 tlenku azotu, kt\u00f3ry jest niezb\u0119dny do erekcji m\u0119skiego cz\u0142onka, a co za tym idzie \u2013 odbycia pe\u0142nego stosunku p\u0142ciowego. Na w\u0142a\u015bciwe dzia\u0142anie narz\u0105d\u00f3w rozrodczych oraz dobr\u0105 jako\u015b\u0107 plemnik\u00f3w wp\u0142ywa witamina E okre\u015blana mianem witaminy p\u0142odno\u015bci.\u00a0\u00a0<\/strong><\/p>\n<p><strong>Substancje zawarte w ziarnach s\u0142onecznika regeneruj\u0105 kom\u00f3rki oraz zapobiegaj\u0105 ich szybkiemu starzeniu si\u0119. Hamuj\u0105 r\u00f3wnie\u017c powstawanie zmarszczek na twarzy i szyi.\u00a0<\/strong><\/p>\n<p><strong>Ziarna s\u0142onecznika ze wzgl\u0119du na w\u0142a\u015bciwo\u015bci antyoksydacyjne oraz przeciwzapalne zalecane s\u0105 do spo\u017cycia osobom, kt\u00f3re zmagaj\u0105 si\u0119 z niedoczynno\u015bci\u0105 tarczycy oraz chorob\u0105 Hashimoto. Natomiast zawarty w nich b\u0142onnik wspomaga prac\u0119 uk\u0142adu pokarmowego,<\/strong><\/p>\n<p><strong>\u00a0<\/strong><\/p>\n<p><a href=\"https:\/\/www.milosnicylasu.olsztyn.pl\/wp-content\/uploads\/2022\/08\/P7310110-www.jpg\" data-rel=\"lightbox-image-1\" data-magnific_type=\"image\" data-rl_title=\"\" data-rl_caption=\"\" title=\"\"><img loading=\"lazy\" decoding=\"async\" class=\"size-medium wp-image-7245\" src=\"https:\/\/www.milosnicylasu.olsztyn.pl\/wp-content\/uploads\/2022\/08\/P7310110-www-300x225.jpg\" alt=\"\" width=\"300\" height=\"225\" srcset=\"https:\/\/www.milosnicylasu.olsztyn.pl\/wp-content\/uploads\/2022\/08\/P7310110-www-300x225.jpg 300w, https:\/\/www.milosnicylasu.olsztyn.pl\/wp-content\/uploads\/2022\/08\/P7310110-www-768x576.jpg 768w, https:\/\/www.milosnicylasu.olsztyn.pl\/wp-content\/uploads\/2022\/08\/P7310110-www.jpg 1024w\" sizes=\"auto, (max-width: 300px) 100vw, 300px\" \/><\/a><\/p>\n<p><strong>S\u0142oneczniki<\/strong><\/p>\n<p><strong>Autor: <a href=\"https:\/\/poezja.org\/wz\/Bali\u0144ski_Stanis\u0142aw\/\">Stanis\u0142aw Bali\u0144ski<\/a><\/strong><\/p>\n<p><strong>W takt da\u00adle\u00adkiej, ryt\u00admicz\u00adnej, prze\u00adci\u0105\u00adg\u0142ej mu\u00adzy\u00adki, <\/strong><br \/>\n<strong>Ko\u00ad\u0142y\u00adsz\u0105 mnie na s\u0142o\u0144\u00adcu z\u0142o\u00adte s\u0142o\u00adnecz\u00adni\u00adki. <\/strong><br \/>\n<strong>Nie s\u0142y\u00adsz\u0119 g\u0142o\u00ads\u00f3w ludz\u00adkich, nie wi\u00addz\u0119 dna cha\u00adty, <\/strong><br \/>\n<strong>S\u0142y\u00adsz\u0119 tyl\u00adko me\u00adlo\u00addi\u0119, wi\u00addz\u0119 tyl\u00adko kwia\u00adty. <\/strong><\/p>\n<p><strong>Psz\u00adczo\u00ad\u0142y s\u0142od\u00adsze od skrzy\u00adpiec, dzie\u0144 s\u0142od\u00adszy od mio\u00addu, <\/strong><br \/>\n<strong>Zwa\u00adbi\u00ad\u0142y mnie w sam \u015bro\u00addek wiej\u00adskie\u00adgo ogro\u00addu <\/strong><br \/>\n<strong>I na\u00adkry\u00ad\u0142y ca\u00ad\u0142u\u00adnem z\u0142o\u00adci\u00adstej oj\u00adczy\u00adzny, <\/strong><br \/>\n<strong>Przez kt\u00f3\u00adr\u0105 s\u0142o\u0144\u00adce s\u0105\u00adczy \u015bwi\u0119\u00adte opty\u00admi\u00adzmy. <\/strong><\/p>\n<p><strong>Od\u00adgro\u00addzo\u00adny od \u015bwia\u00adta, za\u00admkni\u0119\u00adty w\u015br\u00f3d bla\u00adsku, <\/strong><br \/>\n<strong>Sta\u00adj\u0119 si\u0119 w\u0142a\u00adsnym cie\u00adniem, co za\u00adstyg\u0142 na pia\u00adsku, <\/strong><br \/>\n<strong>I umie\u00adram z nim ra\u00adzem pod echo mu\u00adzy\u00adki, <\/strong><br \/>\n<strong>Za\u00adbi\u00adty przez ogrom\u00adne, z\u0142o\u00adte s\u0142o\u00adnecz\u00adni\u00adki.<\/strong><\/p>\n<p><strong>Zdj\u0119cia wykona\u0142 Anatol Leszczy\u0144ski. <\/strong><\/p>\n<p><strong>I na ko\u0144cu moje ulubione zdj\u0119cie s\u0142onecznika &#8211; zakry\u0142 si\u0119 przed nami?<\/strong><\/p>\n<p><a href=\"https:\/\/www.milosnicylasu.olsztyn.pl\/wp-content\/uploads\/2022\/08\/P7310108-www.jpg\" data-rel=\"lightbox-image-2\" data-magnific_type=\"image\" data-rl_title=\"\" data-rl_caption=\"\" title=\"\"><img loading=\"lazy\" decoding=\"async\" class=\"size-medium wp-image-7246\" src=\"https:\/\/www.milosnicylasu.olsztyn.pl\/wp-content\/uploads\/2022\/08\/P7310108-www-300x225.jpg\" alt=\"\" width=\"300\" height=\"225\" srcset=\"https:\/\/www.milosnicylasu.olsztyn.pl\/wp-content\/uploads\/2022\/08\/P7310108-www-300x225.jpg 300w, https:\/\/www.milosnicylasu.olsztyn.pl\/wp-content\/uploads\/2022\/08\/P7310108-www-768x576.jpg 768w, https:\/\/www.milosnicylasu.olsztyn.pl\/wp-content\/uploads\/2022\/08\/P7310108-www.jpg 1024w\" sizes=\"auto, (max-width: 300px) 100vw, 300px\" \/><\/a><\/p>\n","protected":false},"excerpt":{"rendered":"<p>Maria Pawlikowska-Jasnorzewska &#8211; s\u0142onecznik Dorastamy do twojej wiedzy, Wysokiej wiedzy solarnej, Kwiecie, kt\u00f3ry S\u0142o\u0144ce za wz\u00f3r bierzesz! Z dawna ju\u017c kr\u0119giem nasion Ch\u00f3ralnie szepta\u0142e\u015b O ciemnym j\u0105drze s\u0142onecznym, A koron\u0105 z\u0142ocistych p\u0142atk\u00f3w, O fotosferze. Dzikie, korzenne tchnienie Z bliska ci\u0119 osnuwa: Mo\u017ce to zapach S\u0142o\u0144ca, Kt\u00f3ry ty przeczuwasz? S\u0142onecznik zwyczajny (Helianthus annuus L.) to ro\u015blina [&hellip;]<\/p>\n","protected":false},"author":2,"featured_media":0,"comment_status":"open","ping_status":"open","sticky":false,"template":"","format":"standard","meta":{"footnotes":""},"categories":[1,9,17,7],"tags":[],"class_list":["post-7243","post","type-post","status-publish","format-standard","hentry","category-bez-kategorii","category-ciekawostki","category-edukacja-w-terenie","category-wiersze"],"_links":{"self":[{"href":"https:\/\/www.milosnicylasu.olsztyn.pl\/index.php?rest_route=\/wp\/v2\/posts\/7243","targetHints":{"allow":["GET"]}}],"collection":[{"href":"https:\/\/www.milosnicylasu.olsztyn.pl\/index.php?rest_route=\/wp\/v2\/posts"}],"about":[{"href":"https:\/\/www.milosnicylasu.olsztyn.pl\/index.php?rest_route=\/wp\/v2\/types\/post"}],"author":[{"embeddable":true,"href":"https:\/\/www.milosnicylasu.olsztyn.pl\/index.php?rest_route=\/wp\/v2\/users\/2"}],"replies":[{"embeddable":true,"href":"https:\/\/www.milosnicylasu.olsztyn.pl\/index.php?rest_route=%2Fwp%2Fv2%2Fcomments&post=7243"}],"version-history":[{"count":2,"href":"https:\/\/www.milosnicylasu.olsztyn.pl\/index.php?rest_route=\/wp\/v2\/posts\/7243\/revisions"}],"predecessor-version":[{"id":7248,"href":"https:\/\/www.milosnicylasu.olsztyn.pl\/index.php?rest_route=\/wp\/v2\/posts\/7243\/revisions\/7248"}],"wp:attachment":[{"href":"https:\/\/www.milosnicylasu.olsztyn.pl\/index.php?rest_route=%2Fwp%2Fv2%2Fmedia&parent=7243"}],"wp:term":[{"taxonomy":"category","embeddable":true,"href":"https:\/\/www.milosnicylasu.olsztyn.pl\/index.php?rest_route=%2Fwp%2Fv2%2Fcategories&post=7243"},{"taxonomy":"post_tag","embeddable":true,"href":"https:\/\/www.milosnicylasu.olsztyn.pl\/index.php?rest_route=%2Fwp%2Fv2%2Ftags&post=7243"}],"curies":[{"name":"wp","href":"https:\/\/api.w.org\/{rel}","templated":true}]}}