{"id":7261,"date":"2022-08-19T21:07:29","date_gmt":"2022-08-19T19:07:29","guid":{"rendered":"https:\/\/www.milosnicylasu.olsztyn.pl\/?p=7261"},"modified":"2022-08-19T21:07:52","modified_gmt":"2022-08-19T19:07:52","slug":"ciekawy-motyl-a-jeszcze-ciekawsza-gasienica","status":"publish","type":"post","link":"https:\/\/www.milosnicylasu.olsztyn.pl\/?p=7261","title":{"rendered":"Ciekawy motyl a jeszcze ciekawsza g\u0105sienica"},"content":{"rendered":"<p><a href=\"https:\/\/www.milosnicylasu.olsztyn.pl\/wp-content\/uploads\/2022\/08\/P8130016-www.jpg\" data-rel=\"lightbox-image-0\" data-magnific_type=\"image\" data-rl_title=\"\" data-rl_caption=\"\" title=\"\"><img loading=\"lazy\" decoding=\"async\" class=\"size-medium wp-image-7262 alignleft\" src=\"https:\/\/www.milosnicylasu.olsztyn.pl\/wp-content\/uploads\/2022\/08\/P8130016-www-300x225.jpg\" alt=\"\" width=\"300\" height=\"225\" srcset=\"https:\/\/www.milosnicylasu.olsztyn.pl\/wp-content\/uploads\/2022\/08\/P8130016-www-300x225.jpg 300w, https:\/\/www.milosnicylasu.olsztyn.pl\/wp-content\/uploads\/2022\/08\/P8130016-www-768x576.jpg 768w, https:\/\/www.milosnicylasu.olsztyn.pl\/wp-content\/uploads\/2022\/08\/P8130016-www.jpg 1024w\" sizes=\"auto, (max-width: 300px) 100vw, 300px\" \/><\/a><\/p>\n<p>Tylko 500 m2, a jaki ciekawy kawa\u0142ek \u015bwiata. I nie wiadomo kto jest gospodarzem a kto go\u015bciem. Dzi\u015b kilka zda\u0144 o wieczernicy olsz\u00f3wce, kt\u00f3r\u0105 zobaczyli\u015bmy w po\u0142owie sierpnia&#8230;&#8230;.<\/p>\n<p><strong>Wieczernica olsz\u00f3wka<br \/>\n<\/strong><\/p>\n<p>G\u0105sienica, kt\u00f3ra wygl\u0105da, jakby\u015bmy mieli do czynienia z jakim\u015b egzotycznym gatunkiem. Po ca\u0142o\u015bci jest smoli\u015bcie czarna z jaskrawymi, \u017c\u00f3\u0142tymi plamami na wierzchu ka\u017cdego segmentu. Dodatkowo, boki ka\u017cdego z nich s\u0105 zaopatrzone w d\u0142ugie, czarne wypustki, kt\u00f3re nadaj\u0105 jej nietypowego, wr\u0119cz dziwacznego wygl\u0105du. Ni to w\u0142oski, ni to kolce, dlatego mog\u0142o by si\u0119 wydawa\u0107, \u017ce stanowi\u0105 jedynie ozdob\u0119 g\u0105sienicy. Nic jednak bardziej mylnego.<\/p>\n<p>Jak si\u0119 bowiem okazuje, ten nietypowy wygl\u0105d s\u0142u\u017cy jej, aby upodobni\u0107 si\u0119 do\u2026 odchod\u00f3w! Konkretnie chodzi o ptasie odchody i ma to sens, poniewa\u017c ptaki nie jedz\u0105 tego, co same wydalaj\u0105.<\/p>\n<p>Takim wygl\u0105dem cechuj\u0105 si\u0119 jedynie g\u0105sienice w ostatnim stadium rozwoju. M\u0142odsze osobniki s\u0105 br\u0105zowo-bia\u0142e i du\u017co bardziej odpowiadaj\u0105 naszemu wyobra\u017ceniu ptasich odchod\u00f3w. Je\u015bli chcecie je zobaczy\u0107, to warto ich szuka\u0107 na r\u00f3\u017cnych drzewach li\u015bciastych, takich jak wierzby, d\u0119by, olchy czy brzozy. Szuka\u0107 ich nale\u017cy od lipca do wrze\u015bnia. Najlepiej w lasach li\u015bciastych i mieszanych, ale pojawia si\u0119 te\u017c w parkach i ogrodach. Doros\u0142e motyle s\u0105 aktywne w nocy, natomiast w ci\u0105gu dnia przesiaduj\u0105 na drzewach i \u015bwietnie si\u0119 maskuj\u0105, dlatego nie \u0142atwo je znale\u017a\u0107.<\/p>\n<p><a href=\"https:\/\/www.milosnicylasu.olsztyn.pl\/wp-content\/uploads\/2020\/09\/P9130008-www.jpg\" data-rel=\"lightbox-image-1\" data-magnific_type=\"image\" data-rl_title=\"\" data-rl_caption=\"\" title=\"\"><img loading=\"lazy\" decoding=\"async\" class=\"size-medium wp-image-5631 alignright\" src=\"https:\/\/www.milosnicylasu.olsztyn.pl\/wp-content\/uploads\/2020\/09\/P9130008-www-300x225.jpg\" alt=\"\" width=\"300\" height=\"225\" srcset=\"https:\/\/www.milosnicylasu.olsztyn.pl\/wp-content\/uploads\/2020\/09\/P9130008-www-300x225.jpg 300w, https:\/\/www.milosnicylasu.olsztyn.pl\/wp-content\/uploads\/2020\/09\/P9130008-www-768x576.jpg 768w, https:\/\/www.milosnicylasu.olsztyn.pl\/wp-content\/uploads\/2020\/09\/P9130008-www.jpg 1024w\" sizes=\"auto, (max-width: 300px) 100vw, 300px\" \/><\/a><\/p>\n","protected":false},"excerpt":{"rendered":"<p>Tylko 500 m2, a jaki ciekawy kawa\u0142ek \u015bwiata. I nie wiadomo kto jest gospodarzem a kto go\u015bciem. Dzi\u015b kilka zda\u0144 o wieczernicy olsz\u00f3wce, kt\u00f3r\u0105 zobaczyli\u015bmy w po\u0142owie sierpnia&#8230;&#8230;. Wieczernica olsz\u00f3wka G\u0105sienica, kt\u00f3ra wygl\u0105da, jakby\u015bmy mieli do czynienia z jakim\u015b egzotycznym gatunkiem. Po ca\u0142o\u015bci jest smoli\u015bcie czarna z jaskrawymi, \u017c\u00f3\u0142tymi plamami na wierzchu ka\u017cdego segmentu. Dodatkowo, [&hellip;]<\/p>\n","protected":false},"author":2,"featured_media":0,"comment_status":"open","ping_status":"open","sticky":false,"template":"","format":"standard","meta":{"footnotes":""},"categories":[1,9,17],"tags":[],"class_list":["post-7261","post","type-post","status-publish","format-standard","hentry","category-bez-kategorii","category-ciekawostki","category-edukacja-w-terenie"],"_links":{"self":[{"href":"https:\/\/www.milosnicylasu.olsztyn.pl\/index.php?rest_route=\/wp\/v2\/posts\/7261","targetHints":{"allow":["GET"]}}],"collection":[{"href":"https:\/\/www.milosnicylasu.olsztyn.pl\/index.php?rest_route=\/wp\/v2\/posts"}],"about":[{"href":"https:\/\/www.milosnicylasu.olsztyn.pl\/index.php?rest_route=\/wp\/v2\/types\/post"}],"author":[{"embeddable":true,"href":"https:\/\/www.milosnicylasu.olsztyn.pl\/index.php?rest_route=\/wp\/v2\/users\/2"}],"replies":[{"embeddable":true,"href":"https:\/\/www.milosnicylasu.olsztyn.pl\/index.php?rest_route=%2Fwp%2Fv2%2Fcomments&post=7261"}],"version-history":[{"count":2,"href":"https:\/\/www.milosnicylasu.olsztyn.pl\/index.php?rest_route=\/wp\/v2\/posts\/7261\/revisions"}],"predecessor-version":[{"id":7265,"href":"https:\/\/www.milosnicylasu.olsztyn.pl\/index.php?rest_route=\/wp\/v2\/posts\/7261\/revisions\/7265"}],"wp:attachment":[{"href":"https:\/\/www.milosnicylasu.olsztyn.pl\/index.php?rest_route=%2Fwp%2Fv2%2Fmedia&parent=7261"}],"wp:term":[{"taxonomy":"category","embeddable":true,"href":"https:\/\/www.milosnicylasu.olsztyn.pl\/index.php?rest_route=%2Fwp%2Fv2%2Fcategories&post=7261"},{"taxonomy":"post_tag","embeddable":true,"href":"https:\/\/www.milosnicylasu.olsztyn.pl\/index.php?rest_route=%2Fwp%2Fv2%2Ftags&post=7261"}],"curies":[{"name":"wp","href":"https:\/\/api.w.org\/{rel}","templated":true}]}}