{"id":7311,"date":"2022-09-22T09:50:10","date_gmt":"2022-09-22T07:50:10","guid":{"rendered":"https:\/\/www.milosnicylasu.olsztyn.pl\/?p=7311"},"modified":"2022-09-22T10:03:56","modified_gmt":"2022-09-22T08:03:56","slug":"zaproszenie-7","status":"publish","type":"post","link":"https:\/\/www.milosnicylasu.olsztyn.pl\/?p=7311","title":{"rendered":"Zaproszenie"},"content":{"rendered":"<p><a href=\"https:\/\/www.milosnicylasu.olsztyn.pl\/wp-content\/uploads\/2022\/06\/DSCN9357-www.jpg\" data-rel=\"lightbox-image-0\" data-magnific_type=\"image\" data-rl_title=\"\" data-rl_caption=\"\" title=\"\"><img loading=\"lazy\" decoding=\"async\" class=\"size-medium wp-image-7198 alignleft\" src=\"https:\/\/www.milosnicylasu.olsztyn.pl\/wp-content\/uploads\/2022\/06\/DSCN9357-www-300x225.jpg\" alt=\"\" width=\"300\" height=\"225\" srcset=\"https:\/\/www.milosnicylasu.olsztyn.pl\/wp-content\/uploads\/2022\/06\/DSCN9357-www-300x225.jpg 300w, https:\/\/www.milosnicylasu.olsztyn.pl\/wp-content\/uploads\/2022\/06\/DSCN9357-www-768x576.jpg 768w, https:\/\/www.milosnicylasu.olsztyn.pl\/wp-content\/uploads\/2022\/06\/DSCN9357-www.jpg 1024w\" sizes=\"auto, (max-width: 300px) 100vw, 300px\" \/><\/a><strong>Koniec wakacji. Zaczyna si\u0119 rok akademicki i zapraszamy na zaj\u0119cia. Pierwsze spotkanie odb\u0119dzie si\u0119 6 pa\u017adziernika 2022 roku, jak zwykle o godzinie 15.00 w zaprzyja\u017anionej Regionalnej Dyrekcji Las\u00f3w Pa\u0144stwowych w Olsztynie. I na pocz\u0105tku wielka niespodzianka. Pierwszym wyk\u0142adowc\u0105 po wakacjach b\u0119dzie Pan Marian Szymkiewicz &#8211; dyrektor Muzeum Przyrody w Olsztynie. Jego wyk\u0142ady cieszy\u0142y si\u0119 zawsze wielk\u0105 popularno\u015bci\u0105, jeste\u015bmy wdzi\u0119czni, \u017ce mimo wielu obowi\u0105zk\u00f3w znalaz\u0142 czas dla nas.<\/strong><\/p>\n<p><strong><a href=\"https:\/\/www.milosnicylasu.olsztyn.pl\/wp-content\/uploads\/2021\/10\/DSCN8429-www.jpg\" data-rel=\"lightbox-image-1\" data-magnific_type=\"image\" data-rl_title=\"\" data-rl_caption=\"\" title=\"\"><img loading=\"lazy\" decoding=\"async\" class=\"size-medium wp-image-6616 alignright\" src=\"https:\/\/www.milosnicylasu.olsztyn.pl\/wp-content\/uploads\/2021\/10\/DSCN8429-www-300x225.jpg\" alt=\"\" width=\"300\" height=\"225\" srcset=\"https:\/\/www.milosnicylasu.olsztyn.pl\/wp-content\/uploads\/2021\/10\/DSCN8429-www-300x225.jpg 300w, https:\/\/www.milosnicylasu.olsztyn.pl\/wp-content\/uploads\/2021\/10\/DSCN8429-www-768x576.jpg 768w, https:\/\/www.milosnicylasu.olsztyn.pl\/wp-content\/uploads\/2021\/10\/DSCN8429-www.jpg 1024w\" sizes=\"auto, (max-width: 300px) 100vw, 300px\" \/><\/a>Podczas spotkania prezes Ko\u0142a zaprosi nas na wycieczk\u0119 do rozbudowanego Muzeum Bitwy pod Grunwaldem . Uroczyste otwarcie z udzia\u0142em zaproszonych go\u015bci nast\u0105pi\u0142o 21 wrze\u015bnia, wi\u0119c byliby\u015bmy jednymi z pierwszych zwiedzaj\u0105cych. Inwestycja kosztowa\u0142a ok 40 mln z\u0142 i podobno robi wra\u017cenie. Zobaczymy!<\/strong><\/p>\n<p><strong>Na zebraniu porozmawiamy o innych zamierzeniach. Prosimy o propozycje.<\/strong><\/p>\n<p><strong>Mamy nadziej\u0119, \u017ce wszyscy pami\u0119tamy\u00a0 o zebraniu- przecie\u017c nie mamy sklerozy &#8211; ale tak na wszelki wypadek mo\u017cemy przypomnie\u0107 osobom z kt\u00f3rymi mamy kontakt. <\/strong><\/p>\n<p><strong>Pozdrawiamy wszystkich cz\u0142onk\u00f3w i sympatyk\u00f3w\u00a0 Ko\u0142a<\/strong><\/p>\n<p><strong>Zarz\u0105d Ko\u0142a Mi\u0142o\u015bnik\u00f3w Lasu i Militari\u00f3w LOK przy ATW w Olsztynie<a href=\"https:\/\/www.milosnicylasu.olsztyn.pl\/wp-content\/uploads\/2021\/09\/20210912_181955-www.jpg\" data-rel=\"lightbox-image-2\" data-magnific_type=\"image\" data-rl_title=\"\" data-rl_caption=\"\" title=\"\"><img loading=\"lazy\" decoding=\"async\" class=\"size-medium wp-image-6548 alignleft\" src=\"https:\/\/www.milosnicylasu.olsztyn.pl\/wp-content\/uploads\/2021\/09\/20210912_181955-www-225x300.jpg\" alt=\"\" width=\"225\" height=\"300\" srcset=\"https:\/\/www.milosnicylasu.olsztyn.pl\/wp-content\/uploads\/2021\/09\/20210912_181955-www-225x300.jpg 225w, https:\/\/www.milosnicylasu.olsztyn.pl\/wp-content\/uploads\/2021\/09\/20210912_181955-www.jpg 768w\" sizes=\"auto, (max-width: 225px) 100vw, 225px\" \/><\/a><\/strong><\/p>\n<p>&nbsp;<\/p>\n<p><strong>A grzyby to by\u0142y, ale w zesz\u0142ym roku!<a href=\"https:\/\/www.milosnicylasu.olsztyn.pl\/wp-content\/uploads\/2021\/07\/20210719_175925-www.jpg\" data-rel=\"lightbox-image-3\" data-magnific_type=\"image\" data-rl_title=\"\" data-rl_caption=\"\" title=\"\"><img loading=\"lazy\" decoding=\"async\" class=\"size-medium wp-image-6435 alignright\" src=\"https:\/\/www.milosnicylasu.olsztyn.pl\/wp-content\/uploads\/2021\/07\/20210719_175925-www-300x225.jpg\" alt=\"\" width=\"300\" height=\"225\" srcset=\"https:\/\/www.milosnicylasu.olsztyn.pl\/wp-content\/uploads\/2021\/07\/20210719_175925-www-300x225.jpg 300w, https:\/\/www.milosnicylasu.olsztyn.pl\/wp-content\/uploads\/2021\/07\/20210719_175925-www-768x576.jpg 768w, https:\/\/www.milosnicylasu.olsztyn.pl\/wp-content\/uploads\/2021\/07\/20210719_175925-www.jpg 1024w\" sizes=\"auto, (max-width: 300px) 100vw, 300px\" \/><\/a><\/strong><\/p>\n","protected":false},"excerpt":{"rendered":"<p>Koniec wakacji. Zaczyna si\u0119 rok akademicki i zapraszamy na zaj\u0119cia. Pierwsze spotkanie odb\u0119dzie si\u0119 6 pa\u017adziernika 2022 roku, jak zwykle o godzinie 15.00 w zaprzyja\u017anionej Regionalnej Dyrekcji Las\u00f3w Pa\u0144stwowych w Olsztynie. I na pocz\u0105tku wielka niespodzianka. Pierwszym wyk\u0142adowc\u0105 po wakacjach b\u0119dzie Pan Marian Szymkiewicz &#8211; dyrektor Muzeum Przyrody w Olsztynie. Jego wyk\u0142ady cieszy\u0142y si\u0119 zawsze [&hellip;]<\/p>\n","protected":false},"author":2,"featured_media":0,"comment_status":"open","ping_status":"open","sticky":false,"template":"","format":"standard","meta":{"footnotes":""},"categories":[1,17,4,3],"tags":[],"class_list":["post-7311","post","type-post","status-publish","format-standard","hentry","category-bez-kategorii","category-edukacja-w-terenie","category-wystawy","category-zebrania"],"_links":{"self":[{"href":"https:\/\/www.milosnicylasu.olsztyn.pl\/index.php?rest_route=\/wp\/v2\/posts\/7311","targetHints":{"allow":["GET"]}}],"collection":[{"href":"https:\/\/www.milosnicylasu.olsztyn.pl\/index.php?rest_route=\/wp\/v2\/posts"}],"about":[{"href":"https:\/\/www.milosnicylasu.olsztyn.pl\/index.php?rest_route=\/wp\/v2\/types\/post"}],"author":[{"embeddable":true,"href":"https:\/\/www.milosnicylasu.olsztyn.pl\/index.php?rest_route=\/wp\/v2\/users\/2"}],"replies":[{"embeddable":true,"href":"https:\/\/www.milosnicylasu.olsztyn.pl\/index.php?rest_route=%2Fwp%2Fv2%2Fcomments&post=7311"}],"version-history":[{"count":5,"href":"https:\/\/www.milosnicylasu.olsztyn.pl\/index.php?rest_route=\/wp\/v2\/posts\/7311\/revisions"}],"predecessor-version":[{"id":7316,"href":"https:\/\/www.milosnicylasu.olsztyn.pl\/index.php?rest_route=\/wp\/v2\/posts\/7311\/revisions\/7316"}],"wp:attachment":[{"href":"https:\/\/www.milosnicylasu.olsztyn.pl\/index.php?rest_route=%2Fwp%2Fv2%2Fmedia&parent=7311"}],"wp:term":[{"taxonomy":"category","embeddable":true,"href":"https:\/\/www.milosnicylasu.olsztyn.pl\/index.php?rest_route=%2Fwp%2Fv2%2Fcategories&post=7311"},{"taxonomy":"post_tag","embeddable":true,"href":"https:\/\/www.milosnicylasu.olsztyn.pl\/index.php?rest_route=%2Fwp%2Fv2%2Ftags&post=7311"}],"curies":[{"name":"wp","href":"https:\/\/api.w.org\/{rel}","templated":true}]}}