{"id":732,"date":"2013-12-01T08:58:43","date_gmt":"2013-12-01T07:58:43","guid":{"rendered":"http:\/\/www.milosnicylasu.olsztyn.pl\/?p=732"},"modified":"2013-12-01T09:12:05","modified_gmt":"2013-12-01T08:12:05","slug":"rajd-andrzejkowy","status":"publish","type":"post","link":"https:\/\/www.milosnicylasu.olsztyn.pl\/?p=732","title":{"rendered":"Rajd Andrzejkowy"},"content":{"rendered":"<p>&nbsp;<\/p>\n<p><em><strong>Nie p\u0142acz,\u017ce co\u015b si\u0119 sko\u0144czy\u0142o,tylko u\u015bmiechaj si\u0119,\u017ce Ci si\u0119 to przytrafi\u0142o&#8230;&#8230;..<\/strong><\/em><\/p>\n<p><a href=\"http:\/\/www.milosnicylasu.olsztyn.pl\/wp-content\/uploads\/2013\/12\/PB300264-www.jpg\" data-rel=\"lightbox-image-0\" data-magnific_type=\"image\" data-rl_title=\"\" data-rl_caption=\"\" title=\"\"><img loading=\"lazy\" decoding=\"async\" class=\"alignleft size-medium wp-image-733\" alt=\"PB300264-www\" src=\"http:\/\/www.milosnicylasu.olsztyn.pl\/wp-content\/uploads\/2013\/12\/PB300264-www-300x225.jpg\" width=\"300\" height=\"225\" srcset=\"https:\/\/www.milosnicylasu.olsztyn.pl\/wp-content\/uploads\/2013\/12\/PB300264-www-300x225.jpg 300w, https:\/\/www.milosnicylasu.olsztyn.pl\/wp-content\/uploads\/2013\/12\/PB300264-www-400x300.jpg 400w, https:\/\/www.milosnicylasu.olsztyn.pl\/wp-content\/uploads\/2013\/12\/PB300264-www.jpg 1024w\" sizes=\"auto, (max-width: 300px) 100vw, 300px\" \/><\/a><\/p>\n<p>W sobot\u0119, 30 listopada odby\u0142 si\u0119 Rajd Andrzejkowy, w kt\u00f3rym uczestniczy\u0142o wielu cz\u0142onk\u00f3w naszego Ko\u0142a, w tym dwie nowe Kole\u017canki &#8211; Danuta Balicka-Burcz i Barbara Ajchsztat, kt\u00f3re zosta\u0142y uroczy\u015bcie przyj\u0119te do naszego grona podczas biesiady andrzejkowej. <a href=\"http:\/\/www.milosnicylasu.olsztyn.pl\/wp-content\/uploads\/2013\/12\/PB300234-www.jpg\" data-rel=\"lightbox-image-1\" data-magnific_type=\"image\" data-rl_title=\"\" data-rl_caption=\"\" title=\"\"><img loading=\"lazy\" decoding=\"async\" class=\"size-medium wp-image-734 alignright\" alt=\"PB300234-www\" src=\"http:\/\/www.milosnicylasu.olsztyn.pl\/wp-content\/uploads\/2013\/12\/PB300234-www-300x225.jpg\" width=\"300\" height=\"225\" srcset=\"https:\/\/www.milosnicylasu.olsztyn.pl\/wp-content\/uploads\/2013\/12\/PB300234-www-300x225.jpg 300w, https:\/\/www.milosnicylasu.olsztyn.pl\/wp-content\/uploads\/2013\/12\/PB300234-www-400x300.jpg 400w, https:\/\/www.milosnicylasu.olsztyn.pl\/wp-content\/uploads\/2013\/12\/PB300234-www.jpg 1024w\" sizes=\"auto, (max-width: 300px) 100vw, 300px\" \/><\/a><\/p>\n<p>Prognozy pogody straszy\u0142y nas od pocz\u0105tku tygodnia, a w sobot\u0119 rano okaza\u0142o si\u0119, \u017ce&#8230;. jest pochmurnie, troch\u0119 wietrznie, ale nie pada. P\u00f3\u017aniej, troszk\u0119 m\u017cy\u0142o, ale to ju\u017c pod koniec imprezy. Nie by\u0142o mrozu i \u015bniegu &#8211; by\u0142 dach nad g\u0142ow\u0105, \u015bwie\u017ce powietrze a przede wszystkim dobre humory i wzajemna \u017cyczliwo\u015b\u0107.<\/p>\n<p><a href=\"http:\/\/www.milosnicylasu.olsztyn.pl\/wp-content\/uploads\/2013\/12\/PB300258-www.jpg\" data-rel=\"lightbox-image-2\" data-magnific_type=\"image\" data-rl_title=\"\" data-rl_caption=\"\" title=\"\"><img loading=\"lazy\" decoding=\"async\" class=\"alignleft size-medium wp-image-735\" alt=\"PB300258-www\" src=\"http:\/\/www.milosnicylasu.olsztyn.pl\/wp-content\/uploads\/2013\/12\/PB300258-www-300x225.jpg\" width=\"300\" height=\"225\" srcset=\"https:\/\/www.milosnicylasu.olsztyn.pl\/wp-content\/uploads\/2013\/12\/PB300258-www-300x225.jpg 300w, https:\/\/www.milosnicylasu.olsztyn.pl\/wp-content\/uploads\/2013\/12\/PB300258-www-400x300.jpg 400w, https:\/\/www.milosnicylasu.olsztyn.pl\/wp-content\/uploads\/2013\/12\/PB300258-www.jpg 1024w\" sizes=\"auto, (max-width: 300px) 100vw, 300px\" \/><\/a>\u00a0\u00a0By\u0142o tak sympatycznie, \u017ce\u00a0nikomu nie \u00a0spieszy\u0142o si\u0119 do domu, pomimo pogarszaj\u0105cej si\u0119 aury. Biesiadowali\u015bmy, \u015bpiewali\u015bmy&#8230;&#8230;.. A po kilku godzinach wr\u00f3cili\u015bmy lasem do Olsztyna.<\/p>\n<p>Kolejny rajd &#8211; w grudniu &#8211; zapraszamy cz\u0142onk\u00f3w Ko\u0142a i wszystkich, kt\u00f3rzy kochaj\u0105 las, przyrod\u0119, spotkania z drugim cz\u0142owiekiem.<\/p>\n<p>G\u0142\u00f3wnym organizatorem by\u0142 Anatol Leszczy\u0144ski, kt\u00f3ry uzgodni\u0142 z zarz\u0105dem Ogrodu Dzia\u0142kowego &#8222;Na Wyspie&#8221; mo\u017cliwo\u015b\u0107 \u00a0spotkania w &#8222;prezes\u00f3wce&#8221;, zrobi\u0142 niezb\u0119dne zakupy, udost\u0119pni\u0142 sw\u00f3j domek dzia\u0142kowy, w kt\u00f3rym mo\u017cna by\u0142o przygotowa\u0107 herbat\u0119, kaw\u0119.\u00a0W organizacj\u0119 rajdu, w\u0142\u0105czy\u0142o si\u0119 wielu innych\u00a0uczestnik\u00f3w, kt\u00f3rzy upiekli ciasto, przynie\u015bli dodatki do kie\u0142basek \/np. grzybki\/,\u00a0gotowali ciep\u0142e napoje, piekli\u00a0kie\u0142baski.\u00a0Dzi\u0119ki nim spotkanie nabra\u0142o charakteru bardzo rodzinnego.<\/p>\n<p><strong>Dzi\u0119kujemy!\u00a0I do zobaczenia na zebraniu 5 grudnia i w soboty na szlakach.<\/strong><\/p>\n","protected":false},"excerpt":{"rendered":"<p>&nbsp; Nie p\u0142acz,\u017ce co\u015b si\u0119 sko\u0144czy\u0142o,tylko u\u015bmiechaj si\u0119,\u017ce Ci si\u0119 to przytrafi\u0142o&#8230;&#8230;.. W sobot\u0119, 30 listopada odby\u0142 si\u0119 Rajd Andrzejkowy, w kt\u00f3rym uczestniczy\u0142o wielu cz\u0142onk\u00f3w naszego Ko\u0142a, w tym dwie nowe Kole\u017canki &#8211; Danuta Balicka-Burcz i Barbara Ajchsztat, kt\u00f3re zosta\u0142y uroczy\u015bcie przyj\u0119te do naszego grona podczas biesiady andrzejkowej. Prognozy pogody straszy\u0142y nas od pocz\u0105tku tygodnia, [&hellip;]<\/p>\n","protected":false},"author":1,"featured_media":0,"comment_status":"open","ping_status":"open","sticky":false,"template":"","format":"standard","meta":{"footnotes":""},"categories":[1,2],"tags":[],"class_list":["post-732","post","type-post","status-publish","format-standard","hentry","category-bez-kategorii","category-rajdy"],"_links":{"self":[{"href":"https:\/\/www.milosnicylasu.olsztyn.pl\/index.php?rest_route=\/wp\/v2\/posts\/732","targetHints":{"allow":["GET"]}}],"collection":[{"href":"https:\/\/www.milosnicylasu.olsztyn.pl\/index.php?rest_route=\/wp\/v2\/posts"}],"about":[{"href":"https:\/\/www.milosnicylasu.olsztyn.pl\/index.php?rest_route=\/wp\/v2\/types\/post"}],"author":[{"embeddable":true,"href":"https:\/\/www.milosnicylasu.olsztyn.pl\/index.php?rest_route=\/wp\/v2\/users\/1"}],"replies":[{"embeddable":true,"href":"https:\/\/www.milosnicylasu.olsztyn.pl\/index.php?rest_route=%2Fwp%2Fv2%2Fcomments&post=732"}],"version-history":[{"count":7,"href":"https:\/\/www.milosnicylasu.olsztyn.pl\/index.php?rest_route=\/wp\/v2\/posts\/732\/revisions"}],"predecessor-version":[{"id":742,"href":"https:\/\/www.milosnicylasu.olsztyn.pl\/index.php?rest_route=\/wp\/v2\/posts\/732\/revisions\/742"}],"wp:attachment":[{"href":"https:\/\/www.milosnicylasu.olsztyn.pl\/index.php?rest_route=%2Fwp%2Fv2%2Fmedia&parent=732"}],"wp:term":[{"taxonomy":"category","embeddable":true,"href":"https:\/\/www.milosnicylasu.olsztyn.pl\/index.php?rest_route=%2Fwp%2Fv2%2Fcategories&post=732"},{"taxonomy":"post_tag","embeddable":true,"href":"https:\/\/www.milosnicylasu.olsztyn.pl\/index.php?rest_route=%2Fwp%2Fv2%2Ftags&post=732"}],"curies":[{"name":"wp","href":"https:\/\/api.w.org\/{rel}","templated":true}]}}