{"id":7350,"date":"2022-10-04T07:41:15","date_gmt":"2022-10-04T05:41:15","guid":{"rendered":"https:\/\/www.milosnicylasu.olsztyn.pl\/?p=7350"},"modified":"2022-10-05T07:41:38","modified_gmt":"2022-10-05T05:41:38","slug":"mlody-duch-tanca","status":"publish","type":"post","link":"https:\/\/www.milosnicylasu.olsztyn.pl\/?p=7350","title":{"rendered":"M\u0142ody Duch Ta\u0144ca"},"content":{"rendered":"<p><strong><a href=\"https:\/\/www.milosnicylasu.olsztyn.pl\/wp-content\/uploads\/2022\/10\/DSCN9804-www.jpg\" data-rel=\"lightbox-image-0\" data-magnific_type=\"image\" data-rl_title=\"\" data-rl_caption=\"\" title=\"\"><img loading=\"lazy\" decoding=\"async\" class=\"size-medium wp-image-7351 alignleft\" src=\"https:\/\/www.milosnicylasu.olsztyn.pl\/wp-content\/uploads\/2022\/10\/DSCN9804-www-225x300.jpg\" alt=\"\" width=\"225\" height=\"300\" srcset=\"https:\/\/www.milosnicylasu.olsztyn.pl\/wp-content\/uploads\/2022\/10\/DSCN9804-www-225x300.jpg 225w, https:\/\/www.milosnicylasu.olsztyn.pl\/wp-content\/uploads\/2022\/10\/DSCN9804-www.jpg 768w\" sizes=\"auto, (max-width: 225px) 100vw, 225px\" \/><\/a><\/strong><\/p>\n<p><strong>M\u0142ody Duch Ta\u0144ca to taneczny projekt polsko-japo\u0144ski, kt\u00f3ry dwukrotnie go\u015bci\u0142 na japo\u0144skich scenach, a w Polsce by\u0142a to ju\u017c pi\u0105ta edycja. Wykonawcami s\u0105 m\u0142odzi arty\u015bci ze szk\u00f3\u0142 baletowych w Polsce i Japonii. Tegoroczna edycja by\u0142a po\u015bwi\u0119cona przede wszystkim \u201epolskim dzieciom syberyjskim\u201d &#8211; tematowi do\u015b\u0107 ma\u0142o znanemu w naszym kraju.<\/strong><\/p>\n<p><strong>Spektakl nawi\u0105zuje do obchod\u00f3w 100. rocznicy przyp\u0142yni\u0119cia do Japonii polskich dzieci syberyjskich. Japo\u0144czycy pomogli prawie 900 dzieciom polskich zes\u0142a\u0144c\u00f3w na Syberii. Projekt jest wyrazem podzi\u0119kowania za wspania\u0142y gest Japonii.<\/strong><\/p>\n<p><strong>Spektakl zaprezentowany zosta\u0142 do muzyki m.in. polskich (Paderewski, Wieniawski, Moniuszko czy Chopin) oraz japo\u0144skich kompozytor\u00f3w (Zukeran, Hirai, Hisaishi, Yamada).<\/strong><\/p>\n<p>&nbsp;<\/p>\n<p>&nbsp;<\/p>\n<p><strong> Mieli\u015bmy ogromn\u0105 przyjemno\u015b\u0107\u00a0 w Filharmonii Olszty\u0144skiej ogl\u0105dn\u0105\u0107 dwa wyst\u0119py z tego projektu, kt\u00f3ry na celu ma po\u0142\u0105czenie kultury polskiej i japo\u0144skiej w wyj\u0105tkowym spektaklu baletowym, w kt\u00f3rym wzi\u0119\u0142a udzia\u0142 m\u0142odzie\u017c z Polski i Japonii.<a href=\"https:\/\/www.milosnicylasu.olsztyn.pl\/wp-content\/uploads\/2022\/10\/DSCN9800-www.jpg\" data-rel=\"lightbox-image-1\" data-magnific_type=\"image\" data-rl_title=\"\" data-rl_caption=\"\" title=\"\"><img loading=\"lazy\" decoding=\"async\" class=\"size-medium wp-image-7353 alignright\" src=\"https:\/\/www.milosnicylasu.olsztyn.pl\/wp-content\/uploads\/2022\/10\/DSCN9800-www-300x225.jpg\" alt=\"\" width=\"300\" height=\"225\" srcset=\"https:\/\/www.milosnicylasu.olsztyn.pl\/wp-content\/uploads\/2022\/10\/DSCN9800-www-300x225.jpg 300w, https:\/\/www.milosnicylasu.olsztyn.pl\/wp-content\/uploads\/2022\/10\/DSCN9800-www-768x576.jpg 768w, https:\/\/www.milosnicylasu.olsztyn.pl\/wp-content\/uploads\/2022\/10\/DSCN9800-www.jpg 1024w\" sizes=\"auto, (max-width: 300px) 100vw, 300px\" \/><\/a><\/strong><\/p>\n<p><strong>Spektakl w re\u017cyserii Wies\u0142awa Dudka \u201eDzieci Syberyjskie\u201d jest wzruszaj\u0105c\u0105 impresj\u0105 baletow\u0105\u00a0 w choreografii Zofii Czechlewskiej, Krystyny Fr\u0105ckowiak, Wies\u0142awa Dudka.<\/strong><\/p>\n<p><strong>Prawie 900 polskich dziewcz\u0105t i ch\u0142opc\u00f3w znalaz\u0142o si\u0119 na pocz\u0105tku XX w. na Syberii i w Mand\u017curii bez \u015brodk\u00f3w do \u017cycia i dachu nad g\u0142ow\u0105. By\u0142y to dzieci zes\u0142a\u0144c\u00f3w, uchod\u017ac\u00f3w z okresu I wojny \u015bwiatowej oraz robotnik\u00f3w, kt\u00f3rzy szukali pracy w Rosji. \u2013 Robotnicy ci pracowali g\u0142\u00f3wnie przy budowie Kolei Transsyberyjskiej\u2013 W wyniku rewolucji pa\u017adziernikowej i wojny domowej w Rosji dzieci straci\u0142y dach nad g\u0142ow\u0105 i musia\u0142y zmierzy\u0107 si\u0119 z bied\u0105. Zosta\u0142y uratowane przez Ann\u0119 Bielkiewicz i lekarza J\u00f3zefa Jak\u00f3bkiewicza, kt\u00f3rzy za\u0142o\u017cyli Polski Komitet Ratunkowy Dzieci Dalekiego Wschodu i zaj\u0119li si\u0119 ich ewakuacj\u0105 z Rosji do Japonii.<\/strong><\/p>\n<p><strong><em>&#8222;Zbierali\u015bmy dzieci z przytu\u0142k\u00f3w, z wagon\u00f3w kolejowych, z etap\u00f3w i koszar, z ochron i przytu\u0142k\u00f3w polskich, zaopiekowali\u015bmy si\u0119 r\u00f3wnie\u017c dzie\u0107mi rodzin zrujnowanych anarchi\u0105, kt\u00f3re nie maj\u0105c mo\u017cliwo\u015bci ratowania siebie, pragn\u0119\u0142y uratowa\u0107 cho\u0107by dzieci swoje&#8221; \u2013 wspomina\u0142 Jak\u00f3bkiewicz<\/em><\/strong><\/p>\n<p><strong>Stan zdrowia cz\u0119\u015bci dzieci by\u0142 tak z\u0142y, \u017ce musia\u0142y one trafi\u0107 do szpitala. Te, kt\u00f3rych zdrowie by\u0142o w lepszym stanie, wys\u0142ano do o\u015brodka Fukudenkai w pobli\u017cu Tokio.<\/strong><\/p>\n<p><strong>Najtrudniejsz\u0105 rzecz\u0105 dla Fukudenkai by\u0142o szybkie zorganizowanie infrastruktury, takiej jak zakwaterowanie, aby przyj\u0105\u0107 tak wiele dzieci w kr\u00f3tkim czasie<\/strong><\/p>\n<p><strong>W o\u015brodku dzieci uczy\u0142y si\u0119, chodzi\u0142y na wycieczki, wypoczywa\u0142y. Niekt\u00f3re z nich przebywa\u0142y r\u00f3wnie\u017c pod opiek\u0105 piel\u0119gniarek. Jedna z nich, Fumi Matsuzawa, zmar\u0142a w wieku 20 lat po tym, jak zarazi\u0142a si\u0119 od dzieci tyfusem. Na Syberii w tamtym okresie szala\u0142a ta choroba, dlatego te\u017c wyst\u0119powa\u0142a ona w\u015br\u00f3d dzieci, kt\u00f3rymi zajmowano si\u0119 w Fukudenkai.<\/strong><\/p>\n<p><strong>&#8222;Jej posta\u0107 wyry\u0142a si\u0119 w sercach Polak\u00f3w&#8221; \u2013 przeczyta\u0107 mo\u017cemy o Matsuzawie na stronie o\u015brodka Fukudenkai. <\/strong><\/p>\n<p><strong>\u00a0Wszystkie dzieci opu\u015bci\u0142y ostatecznie Japoni\u0119. Kilkoro po pobycie w Japonii trafi\u0142o do Stan\u00f3w Zjednoczonych, wi\u0119kszo\u015b\u0107 do Polski. Nie by\u0142o dzieci, kt\u00f3re pozosta\u0142y w Japonii, jednak niekt\u00f3re z nich aktywnie zaanga\u017cowa\u0142y si\u0119 w dzia\u0142ania maj\u0105ce na celu opowiedzenie o Japonii i kulturze japo\u0144skiej w Polsce.<a href=\"https:\/\/www.milosnicylasu.olsztyn.pl\/wp-content\/uploads\/2022\/10\/DSCN9802-www.jpg\" data-rel=\"lightbox-image-2\" data-magnific_type=\"image\" data-rl_title=\"\" data-rl_caption=\"\" title=\"\"><img loading=\"lazy\" decoding=\"async\" class=\"size-medium wp-image-7352 alignleft\" src=\"https:\/\/www.milosnicylasu.olsztyn.pl\/wp-content\/uploads\/2022\/10\/DSCN9802-www-300x225.jpg\" alt=\"\" width=\"300\" height=\"225\" srcset=\"https:\/\/www.milosnicylasu.olsztyn.pl\/wp-content\/uploads\/2022\/10\/DSCN9802-www-300x225.jpg 300w, https:\/\/www.milosnicylasu.olsztyn.pl\/wp-content\/uploads\/2022\/10\/DSCN9802-www-768x576.jpg 768w, https:\/\/www.milosnicylasu.olsztyn.pl\/wp-content\/uploads\/2022\/10\/DSCN9802-www.jpg 1024w\" sizes=\"auto, (max-width: 300px) 100vw, 300px\" \/><\/a><\/strong><\/p>\n<p><strong>\u00a0<\/strong><\/p>\n<p>&nbsp;<\/p>\n","protected":false},"excerpt":{"rendered":"<p>M\u0142ody Duch Ta\u0144ca to taneczny projekt polsko-japo\u0144ski, kt\u00f3ry dwukrotnie go\u015bci\u0142 na japo\u0144skich scenach, a w Polsce by\u0142a to ju\u017c pi\u0105ta edycja. Wykonawcami s\u0105 m\u0142odzi arty\u015bci ze szk\u00f3\u0142 baletowych w Polsce i Japonii. Tegoroczna edycja by\u0142a po\u015bwi\u0119cona przede wszystkim \u201epolskim dzieciom syberyjskim\u201d &#8211; tematowi do\u015b\u0107 ma\u0142o znanemu w naszym kraju. Spektakl nawi\u0105zuje do obchod\u00f3w 100. rocznicy [&hellip;]<\/p>\n","protected":false},"author":2,"featured_media":0,"comment_status":"open","ping_status":"open","sticky":false,"template":"","format":"standard","meta":{"footnotes":""},"categories":[1,9],"tags":[],"class_list":["post-7350","post","type-post","status-publish","format-standard","hentry","category-bez-kategorii","category-ciekawostki"],"_links":{"self":[{"href":"https:\/\/www.milosnicylasu.olsztyn.pl\/index.php?rest_route=\/wp\/v2\/posts\/7350","targetHints":{"allow":["GET"]}}],"collection":[{"href":"https:\/\/www.milosnicylasu.olsztyn.pl\/index.php?rest_route=\/wp\/v2\/posts"}],"about":[{"href":"https:\/\/www.milosnicylasu.olsztyn.pl\/index.php?rest_route=\/wp\/v2\/types\/post"}],"author":[{"embeddable":true,"href":"https:\/\/www.milosnicylasu.olsztyn.pl\/index.php?rest_route=\/wp\/v2\/users\/2"}],"replies":[{"embeddable":true,"href":"https:\/\/www.milosnicylasu.olsztyn.pl\/index.php?rest_route=%2Fwp%2Fv2%2Fcomments&post=7350"}],"version-history":[{"count":4,"href":"https:\/\/www.milosnicylasu.olsztyn.pl\/index.php?rest_route=\/wp\/v2\/posts\/7350\/revisions"}],"predecessor-version":[{"id":7359,"href":"https:\/\/www.milosnicylasu.olsztyn.pl\/index.php?rest_route=\/wp\/v2\/posts\/7350\/revisions\/7359"}],"wp:attachment":[{"href":"https:\/\/www.milosnicylasu.olsztyn.pl\/index.php?rest_route=%2Fwp%2Fv2%2Fmedia&parent=7350"}],"wp:term":[{"taxonomy":"category","embeddable":true,"href":"https:\/\/www.milosnicylasu.olsztyn.pl\/index.php?rest_route=%2Fwp%2Fv2%2Fcategories&post=7350"},{"taxonomy":"post_tag","embeddable":true,"href":"https:\/\/www.milosnicylasu.olsztyn.pl\/index.php?rest_route=%2Fwp%2Fv2%2Ftags&post=7350"}],"curies":[{"name":"wp","href":"https:\/\/api.w.org\/{rel}","templated":true}]}}