{"id":7360,"date":"2022-10-05T07:57:26","date_gmt":"2022-10-05T05:57:26","guid":{"rendered":"https:\/\/www.milosnicylasu.olsztyn.pl\/?p=7360"},"modified":"2022-10-05T08:07:33","modified_gmt":"2022-10-05T06:07:33","slug":"zapraszamy-do-grunwaldu","status":"publish","type":"post","link":"https:\/\/www.milosnicylasu.olsztyn.pl\/?p=7360","title":{"rendered":"Zapraszamy do Grunwaldu"},"content":{"rendered":"<p><strong>Oczywi\u015bcie zapraszamy jeszcze raz na pierwsze po wakacjach spotkanie w czwartek, godz.15.00,\u00a0 w RDLP w Olsztynie oraz ciekawy wyk\u0142ad Pana Mariana Szymkiewicza <a href=\"https:\/\/www.milosnicylasu.olsztyn.pl\/wp-content\/uploads\/2022\/03\/DSCN8871-www.jpg\" data-rel=\"lightbox-image-0\" data-magnific_type=\"image\" data-rl_title=\"\" data-rl_caption=\"\" title=\"\"><img loading=\"lazy\" decoding=\"async\" class=\"size-medium wp-image-6919 alignleft\" src=\"https:\/\/www.milosnicylasu.olsztyn.pl\/wp-content\/uploads\/2022\/03\/DSCN8871-www-300x225.jpg\" alt=\"\" width=\"300\" height=\"225\" srcset=\"https:\/\/www.milosnicylasu.olsztyn.pl\/wp-content\/uploads\/2022\/03\/DSCN8871-www-300x225.jpg 300w, https:\/\/www.milosnicylasu.olsztyn.pl\/wp-content\/uploads\/2022\/03\/DSCN8871-www-768x576.jpg 768w, https:\/\/www.milosnicylasu.olsztyn.pl\/wp-content\/uploads\/2022\/03\/DSCN8871-www.jpg 1024w\" sizes=\"auto, (max-width: 300px) 100vw, 300px\" \/><\/a>&#8211; bardzo ciekaw\u0105 posta\u0107 i naszego wielkiego przyjaciela. Podczas zebrania prezes Anatol Leszczy\u0144ski om\u00f3wi zamierzenia Ko\u0142a Mi\u0142o\u015bnik\u00f3w Lasu i Militari\u00f3w na najbli\u017cszy okres, a Basia Bruzgo b\u0119dzie zapisywa\u0107 na wycieczk\u0119 do Grunwaldu, kt\u00f3ra odb\u0119dzie si\u0119 15 pa\u017adziernika, koszt 90 z\u0142. \/ przejazd autokarem, bilet wst\u0119pu, przewodnik, ubezpieczenie\/. Podobno rozbudowa obiektu kosztowa\u0142a ok.40 mln z\u0142, zobaczymy czy by\u0142o warto wyda\u0107 taka kas\u0119 ? <\/strong><\/p>\n","protected":false},"excerpt":{"rendered":"<p>Oczywi\u015bcie zapraszamy jeszcze raz na pierwsze po wakacjach spotkanie w czwartek, godz.15.00,\u00a0 w RDLP w Olsztynie oraz ciekawy wyk\u0142ad Pana Mariana Szymkiewicza &#8211; bardzo ciekaw\u0105 posta\u0107 i naszego wielkiego przyjaciela. Podczas zebrania prezes Anatol Leszczy\u0144ski om\u00f3wi zamierzenia Ko\u0142a Mi\u0142o\u015bnik\u00f3w Lasu i Militari\u00f3w na najbli\u017cszy okres, a Basia Bruzgo b\u0119dzie zapisywa\u0107 na wycieczk\u0119 do Grunwaldu, kt\u00f3ra [&hellip;]<\/p>\n","protected":false},"author":2,"featured_media":0,"comment_status":"open","ping_status":"open","sticky":false,"template":"","format":"standard","meta":{"footnotes":""},"categories":[1,9,17,3],"tags":[],"class_list":["post-7360","post","type-post","status-publish","format-standard","hentry","category-bez-kategorii","category-ciekawostki","category-edukacja-w-terenie","category-zebrania"],"_links":{"self":[{"href":"https:\/\/www.milosnicylasu.olsztyn.pl\/index.php?rest_route=\/wp\/v2\/posts\/7360","targetHints":{"allow":["GET"]}}],"collection":[{"href":"https:\/\/www.milosnicylasu.olsztyn.pl\/index.php?rest_route=\/wp\/v2\/posts"}],"about":[{"href":"https:\/\/www.milosnicylasu.olsztyn.pl\/index.php?rest_route=\/wp\/v2\/types\/post"}],"author":[{"embeddable":true,"href":"https:\/\/www.milosnicylasu.olsztyn.pl\/index.php?rest_route=\/wp\/v2\/users\/2"}],"replies":[{"embeddable":true,"href":"https:\/\/www.milosnicylasu.olsztyn.pl\/index.php?rest_route=%2Fwp%2Fv2%2Fcomments&post=7360"}],"version-history":[{"count":3,"href":"https:\/\/www.milosnicylasu.olsztyn.pl\/index.php?rest_route=\/wp\/v2\/posts\/7360\/revisions"}],"predecessor-version":[{"id":7363,"href":"https:\/\/www.milosnicylasu.olsztyn.pl\/index.php?rest_route=\/wp\/v2\/posts\/7360\/revisions\/7363"}],"wp:attachment":[{"href":"https:\/\/www.milosnicylasu.olsztyn.pl\/index.php?rest_route=%2Fwp%2Fv2%2Fmedia&parent=7360"}],"wp:term":[{"taxonomy":"category","embeddable":true,"href":"https:\/\/www.milosnicylasu.olsztyn.pl\/index.php?rest_route=%2Fwp%2Fv2%2Fcategories&post=7360"},{"taxonomy":"post_tag","embeddable":true,"href":"https:\/\/www.milosnicylasu.olsztyn.pl\/index.php?rest_route=%2Fwp%2Fv2%2Ftags&post=7360"}],"curies":[{"name":"wp","href":"https:\/\/api.w.org\/{rel}","templated":true}]}}