{"id":7364,"date":"2022-10-07T08:45:06","date_gmt":"2022-10-07T06:45:06","guid":{"rendered":"https:\/\/www.milosnicylasu.olsztyn.pl\/?p=7364"},"modified":"2022-10-07T08:50:29","modified_gmt":"2022-10-07T06:50:29","slug":"nowe-gatunki-zwierzat-wykryte-na-terenie-warmii-i-mazur-jako-efekt-postepujacych-zmian-klimatycznych","status":"publish","type":"post","link":"https:\/\/www.milosnicylasu.olsztyn.pl\/?p=7364","title":{"rendered":"Nowe gatunki zwierz\u0105t wykryte na terenie Warmii i Mazur jako efekt post\u0119puj\u0105cych zmian klimatycznych"},"content":{"rendered":"<p><a href=\"https:\/\/www.milosnicylasu.olsztyn.pl\/wp-content\/uploads\/2022\/10\/PA060011-www.jpg\" data-rel=\"lightbox-image-0\" data-magnific_type=\"image\" data-rl_title=\"\" data-rl_caption=\"\" title=\"\"><img loading=\"lazy\" decoding=\"async\" class=\"size-medium wp-image-7365 alignleft\" src=\"https:\/\/www.milosnicylasu.olsztyn.pl\/wp-content\/uploads\/2022\/10\/PA060011-www-300x225.jpg\" alt=\"\" width=\"300\" height=\"225\" srcset=\"https:\/\/www.milosnicylasu.olsztyn.pl\/wp-content\/uploads\/2022\/10\/PA060011-www-300x225.jpg 300w, https:\/\/www.milosnicylasu.olsztyn.pl\/wp-content\/uploads\/2022\/10\/PA060011-www-768x576.jpg 768w, https:\/\/www.milosnicylasu.olsztyn.pl\/wp-content\/uploads\/2022\/10\/PA060011-www.jpg 1024w\" sizes=\"auto, (max-width: 300px) 100vw, 300px\" \/><\/a><\/p>\n<p><strong>6 pa\u017adziernika 2022 roku\u00a0 cz\u0142onkowie Ko\u0142a Mi\u0142o\u015bnik\u00f3w Lasu i Militari\u00f3w LOK przy ATW w Olsztynie w przyjaznej nam Regionalnej Dyrekcji Las\u00f3w Pa\u0144stwowych w Olsztynie rozpocz\u0119li\u00a0 14 rok akademicki. Troch\u0119 to dziwne, \u017ce tyle lat studiujemy, ale\u2026..zagadnie\u0144 zwi\u0105zanych z przyrod\u0105, z militariami jest tak wiele, \u017ce nie da\u0142o si\u0119 tego ogarn\u0105\u0107 przez 5 lat.<\/strong><\/p>\n<p><a href=\"https:\/\/www.milosnicylasu.olsztyn.pl\/wp-content\/uploads\/2022\/10\/PA060014-www.jpg\" data-rel=\"lightbox-image-1\" data-magnific_type=\"image\" data-rl_title=\"\" data-rl_caption=\"\" title=\"\"><img loading=\"lazy\" decoding=\"async\" class=\"size-medium wp-image-7366\" src=\"https:\/\/www.milosnicylasu.olsztyn.pl\/wp-content\/uploads\/2022\/10\/PA060014-www-300x225.jpg\" alt=\"\" width=\"300\" height=\"225\" srcset=\"https:\/\/www.milosnicylasu.olsztyn.pl\/wp-content\/uploads\/2022\/10\/PA060014-www-300x225.jpg 300w, https:\/\/www.milosnicylasu.olsztyn.pl\/wp-content\/uploads\/2022\/10\/PA060014-www-768x576.jpg 768w, https:\/\/www.milosnicylasu.olsztyn.pl\/wp-content\/uploads\/2022\/10\/PA060014-www.jpg 1024w\" sizes=\"auto, (max-width: 300px) 100vw, 300px\" \/><\/a><\/p>\n<p><strong>I zacz\u0119li\u015bmy \u201e z przytupem\u201d . Na pocz\u0105tek, nasz ulubiony wyk\u0142adowca,\u00a0 kierownik\u00a0 Muzeum Przyrody w Olsztynie\u00a0 Pan Marian Szymkiewicz z bardzo ciekawym tematem:<\/strong><\/p>\n<p><strong>Nowe gatunki zwierz\u0105t wykryte na terenie Warmii i Mazur jako efekt post\u0119puj\u0105cych zmian klimatycznych<\/strong><strong>\u201d <\/strong><\/p>\n<p><strong>Globalne ocieplenie kojarzy si\u0119 nam g\u0142\u00f3wnie z topniej\u0105cymi masami lodu. Tymczasem skutkiem zmian klimatycznych s\u0105 tak\u017ce anomalie pogodowe, takie jak dotkliwe upa\u0142y, skutkuj\u0105ce suszami, niebezpiecznie silne wiatry \u00a0czy opady nawalne, powoduj\u0105ce powodzie. Te zjawiska coraz cz\u0119\u015bciej powoduj\u0105 zmiany w \u015brodowisku zwierz\u0105t, jedne z nich nie potrafi\u0105 przystosowa\u0107 si\u0119 do nowych warunk\u00f3w, inne coraz cz\u0119\u015bciej pojawiaj\u0105 si\u0119 na terenie Warmii i Mazur. A jak ciekawie si\u0119 nazywaj\u0105! Np.:<\/strong><\/p>\n<p><strong>pa\u017a \u017ceglarz, smukwa kosmata, sinica nadbrze\u017cna, \u00a0n\u0119k \u015bwierszczojad, \u00a0\u0142amocha\u00a0 chrz\u0105szcz,\u00a0 tygrzyk paskowany, d\u0142ugoskrzydlak sierpacz, osa klecanka<br \/>\n<\/strong><\/p>\n<p><a href=\"https:\/\/www.milosnicylasu.olsztyn.pl\/wp-content\/uploads\/2022\/10\/PA060022-www.jpg\" data-rel=\"lightbox-image-2\" data-magnific_type=\"image\" data-rl_title=\"\" data-rl_caption=\"\" title=\"\"><img loading=\"lazy\" decoding=\"async\" class=\"size-medium wp-image-7367\" src=\"https:\/\/www.milosnicylasu.olsztyn.pl\/wp-content\/uploads\/2022\/10\/PA060022-www-300x225.jpg\" alt=\"\" width=\"300\" height=\"225\" srcset=\"https:\/\/www.milosnicylasu.olsztyn.pl\/wp-content\/uploads\/2022\/10\/PA060022-www-300x225.jpg 300w, https:\/\/www.milosnicylasu.olsztyn.pl\/wp-content\/uploads\/2022\/10\/PA060022-www-768x576.jpg 768w, https:\/\/www.milosnicylasu.olsztyn.pl\/wp-content\/uploads\/2022\/10\/PA060022-www.jpg 1024w\" sizes=\"auto, (max-width: 300px) 100vw, 300px\" \/><\/a><\/p>\n<p><a href=\"https:\/\/www.milosnicylasu.olsztyn.pl\/wp-content\/uploads\/2022\/10\/PA060024-www.jpg\" data-rel=\"lightbox-image-3\" data-magnific_type=\"image\" data-rl_title=\"\" data-rl_caption=\"\" title=\"\"><img loading=\"lazy\" decoding=\"async\" class=\"size-medium wp-image-7368 aligncenter\" src=\"https:\/\/www.milosnicylasu.olsztyn.pl\/wp-content\/uploads\/2022\/10\/PA060024-www-300x225.jpg\" alt=\"\" width=\"300\" height=\"225\" srcset=\"https:\/\/www.milosnicylasu.olsztyn.pl\/wp-content\/uploads\/2022\/10\/PA060024-www-300x225.jpg 300w, https:\/\/www.milosnicylasu.olsztyn.pl\/wp-content\/uploads\/2022\/10\/PA060024-www-768x576.jpg 768w, https:\/\/www.milosnicylasu.olsztyn.pl\/wp-content\/uploads\/2022\/10\/PA060024-www.jpg 1024w\" sizes=\"auto, (max-width: 300px) 100vw, 300px\" \/><\/a><\/p>\n<p><a href=\"https:\/\/www.milosnicylasu.olsztyn.pl\/wp-content\/uploads\/2022\/10\/PA060026-www.jpg\" data-rel=\"lightbox-image-4\" data-magnific_type=\"image\" data-rl_title=\"\" data-rl_caption=\"\" title=\"\"><img loading=\"lazy\" decoding=\"async\" class=\"size-medium wp-image-7369 alignright\" src=\"https:\/\/www.milosnicylasu.olsztyn.pl\/wp-content\/uploads\/2022\/10\/PA060026-www-300x225.jpg\" alt=\"\" width=\"300\" height=\"225\" srcset=\"https:\/\/www.milosnicylasu.olsztyn.pl\/wp-content\/uploads\/2022\/10\/PA060026-www-300x225.jpg 300w, https:\/\/www.milosnicylasu.olsztyn.pl\/wp-content\/uploads\/2022\/10\/PA060026-www-768x576.jpg 768w, https:\/\/www.milosnicylasu.olsztyn.pl\/wp-content\/uploads\/2022\/10\/PA060026-www.jpg 1024w\" sizes=\"auto, (max-width: 300px) 100vw, 300px\" \/><\/a><\/p>\n<p><strong>By\u0142o oczywi\u015bcie tych zwierz\u0105tek wi\u0119cej, ale nie wszystkie zapisa\u0142am. Wszystkie maj\u0105 swoj\u0105 drog\u0119 \u017cyciow\u0105 od pocz\u0119cia , rozw\u00f3j , zapewnienie potomstwa\u2026. Maj\u0105 swoje zwyczaje\u2026<\/strong><\/p>\n<p><a href=\"https:\/\/www.milosnicylasu.olsztyn.pl\/wp-content\/uploads\/2022\/10\/PA060017-www.jpg\" data-rel=\"lightbox-image-5\" data-magnific_type=\"image\" data-rl_title=\"\" data-rl_caption=\"\" title=\"\"><img loading=\"lazy\" decoding=\"async\" class=\"size-medium wp-image-7372\" src=\"https:\/\/www.milosnicylasu.olsztyn.pl\/wp-content\/uploads\/2022\/10\/PA060017-www-300x225.jpg\" alt=\"\" width=\"300\" height=\"225\" srcset=\"https:\/\/www.milosnicylasu.olsztyn.pl\/wp-content\/uploads\/2022\/10\/PA060017-www-300x225.jpg 300w, https:\/\/www.milosnicylasu.olsztyn.pl\/wp-content\/uploads\/2022\/10\/PA060017-www-768x576.jpg 768w, https:\/\/www.milosnicylasu.olsztyn.pl\/wp-content\/uploads\/2022\/10\/PA060017-www.jpg 1024w\" sizes=\"auto, (max-width: 300px) 100vw, 300px\" \/><\/a><\/p>\n<p><strong>Wyk\u0142ad by\u0142 ilustrowany zdj\u0119ciami, kt\u00f3re Pan Marian zrobi\u0142 podczas d\u0142ugich w\u0119dr\u00f3wek o kt\u00f3rych nam opowiedzia\u0142. Mo\u017cna s\u0142ucha\u0107 bez ko\u0144ca. Ciekawostk\u0105 by\u0142a \u00a0\u00a0cisza na sali. Zwykle po wakacjach student\u00f3w trzeba uspokaja\u0107 podczas wyk\u0142adu. Nie widzieli si\u0119 przecie\u017c trzy miesi\u0105ce, a tyle si\u0119 dzia\u0142o! Tym razem prezes Anatol Leszczy\u0144ski nie musia\u0142 interweniowa\u0107 \u2013 by\u0142a cisza.<\/strong><\/p>\n<p><strong>Dzi\u0119kujemy Panu Marianowi za wyk\u0142ad, za wielk\u0105 pasj\u0119, kt\u00f3r\u0105 w niesamowity spos\u00f3b potrafi przekaza\u0107. Z niecierpliwo\u015bci\u0105 \u00a0czekamy na nast\u0119pne \u00a0spotkanie, kt\u00f3re nam zreszt\u0105 obieca\u0142\u2026\u2026..<\/strong><\/p>\n","protected":false},"excerpt":{"rendered":"<p>6 pa\u017adziernika 2022 roku\u00a0 cz\u0142onkowie Ko\u0142a Mi\u0142o\u015bnik\u00f3w Lasu i Militari\u00f3w LOK przy ATW w Olsztynie w przyjaznej nam Regionalnej Dyrekcji Las\u00f3w Pa\u0144stwowych w Olsztynie rozpocz\u0119li\u00a0 14 rok akademicki. Troch\u0119 to dziwne, \u017ce tyle lat studiujemy, ale\u2026..zagadnie\u0144 zwi\u0105zanych z przyrod\u0105, z militariami jest tak wiele, \u017ce nie da\u0142o si\u0119 tego ogarn\u0105\u0107 przez 5 lat. I zacz\u0119li\u015bmy [&hellip;]<\/p>\n","protected":false},"author":2,"featured_media":0,"comment_status":"open","ping_status":"open","sticky":false,"template":"","format":"standard","meta":{"footnotes":""},"categories":[1,9,3],"tags":[],"class_list":["post-7364","post","type-post","status-publish","format-standard","hentry","category-bez-kategorii","category-ciekawostki","category-zebrania"],"_links":{"self":[{"href":"https:\/\/www.milosnicylasu.olsztyn.pl\/index.php?rest_route=\/wp\/v2\/posts\/7364","targetHints":{"allow":["GET"]}}],"collection":[{"href":"https:\/\/www.milosnicylasu.olsztyn.pl\/index.php?rest_route=\/wp\/v2\/posts"}],"about":[{"href":"https:\/\/www.milosnicylasu.olsztyn.pl\/index.php?rest_route=\/wp\/v2\/types\/post"}],"author":[{"embeddable":true,"href":"https:\/\/www.milosnicylasu.olsztyn.pl\/index.php?rest_route=\/wp\/v2\/users\/2"}],"replies":[{"embeddable":true,"href":"https:\/\/www.milosnicylasu.olsztyn.pl\/index.php?rest_route=%2Fwp%2Fv2%2Fcomments&post=7364"}],"version-history":[{"count":5,"href":"https:\/\/www.milosnicylasu.olsztyn.pl\/index.php?rest_route=\/wp\/v2\/posts\/7364\/revisions"}],"predecessor-version":[{"id":7375,"href":"https:\/\/www.milosnicylasu.olsztyn.pl\/index.php?rest_route=\/wp\/v2\/posts\/7364\/revisions\/7375"}],"wp:attachment":[{"href":"https:\/\/www.milosnicylasu.olsztyn.pl\/index.php?rest_route=%2Fwp%2Fv2%2Fmedia&parent=7364"}],"wp:term":[{"taxonomy":"category","embeddable":true,"href":"https:\/\/www.milosnicylasu.olsztyn.pl\/index.php?rest_route=%2Fwp%2Fv2%2Fcategories&post=7364"},{"taxonomy":"post_tag","embeddable":true,"href":"https:\/\/www.milosnicylasu.olsztyn.pl\/index.php?rest_route=%2Fwp%2Fv2%2Ftags&post=7364"}],"curies":[{"name":"wp","href":"https:\/\/api.w.org\/{rel}","templated":true}]}}