{"id":7389,"date":"2022-10-11T12:42:11","date_gmt":"2022-10-11T10:42:11","guid":{"rendered":"https:\/\/www.milosnicylasu.olsztyn.pl\/?p=7389"},"modified":"2022-10-11T14:37:37","modified_gmt":"2022-10-11T12:37:37","slug":"wielcy-podroznicy-ptaki-ladowe-potrafia-podczas-swoich-wedrowek-przemierzyc-nawet-4-tysiace-kilometrow","status":"publish","type":"post","link":"https:\/\/www.milosnicylasu.olsztyn.pl\/?p=7389","title":{"rendered":"Wielcy podr\u00f3\u017cnicy \u2013 ptaki l\u0105dowe potrafi\u0105 podczas swoich w\u0119dr\u00f3wek przemierzy\u0107 nawet 4 tysi\u0105ce kilometr\u00f3w."},"content":{"rendered":"<p><a href=\"https:\/\/www.milosnicylasu.olsztyn.pl\/wp-content\/uploads\/2021\/07\/P7040069-www.jpg\" data-rel=\"lightbox-image-0\" data-magnific_type=\"image\" data-rl_title=\"\" data-rl_caption=\"\" title=\"\"><img loading=\"lazy\" decoding=\"async\" class=\"size-medium wp-image-6386 alignleft\" src=\"https:\/\/www.milosnicylasu.olsztyn.pl\/wp-content\/uploads\/2021\/07\/P7040069-www-300x225.jpg\" alt=\"\" width=\"300\" height=\"225\" srcset=\"https:\/\/www.milosnicylasu.olsztyn.pl\/wp-content\/uploads\/2021\/07\/P7040069-www-300x225.jpg 300w, https:\/\/www.milosnicylasu.olsztyn.pl\/wp-content\/uploads\/2021\/07\/P7040069-www-768x576.jpg 768w, https:\/\/www.milosnicylasu.olsztyn.pl\/wp-content\/uploads\/2021\/07\/P7040069-www.jpg 1024w\" sizes=\"auto, (max-width: 300px) 100vw, 300px\" \/><\/a><\/p>\n<p><strong>Lubimy w\u0119drowa\u0107, nawet bardzo. Po letniej przerwie s\u0142uchamy o wyprawach naszych kole\u017canek, koleg\u00f3w. Cz\u0119\u015b\u0107 z nas zwiedza\u0142a Polsk\u0119, niekt\u00f3rzy byli nawet\u00a0 w Stanach. Mamy nadziej\u0119, \u017ce przygotuj\u0105 prezentacj\u0119 zdj\u0119\u0107 ze swoich wypraw i przedstawi\u0105 na kolejnych czwartkowych spotkaniach.\u00a0<\/strong><\/p>\n<p><strong>A dzi\u015b troszk\u0119 informacji o ptakach. Od kilku dni widzimy na niebie klucze dzikich g\u0119si i s\u0142yszymy ich g\u0142osy. Troch\u0119 zrobi\u0142o si\u0119 smutno, ptak\u00f3w coraz mniej&#8230;&#8230;.ale przecie\u017c wr\u00f3c\u0105 wiosn\u0105&#8230;&#8230;&#8230;<\/strong><\/p>\n<p><a href=\"https:\/\/www.milosnicylasu.olsztyn.pl\/wp-content\/uploads\/2021\/07\/P7040087-www.jpg\" data-rel=\"lightbox-image-1\" data-magnific_type=\"image\" data-rl_title=\"\" data-rl_caption=\"\" title=\"\"><img loading=\"lazy\" decoding=\"async\" class=\"size-medium wp-image-6388 alignright\" src=\"https:\/\/www.milosnicylasu.olsztyn.pl\/wp-content\/uploads\/2021\/07\/P7040087-www-300x225.jpg\" alt=\"\" width=\"300\" height=\"225\" srcset=\"https:\/\/www.milosnicylasu.olsztyn.pl\/wp-content\/uploads\/2021\/07\/P7040087-www-300x225.jpg 300w, https:\/\/www.milosnicylasu.olsztyn.pl\/wp-content\/uploads\/2021\/07\/P7040087-www-768x576.jpg 768w, https:\/\/www.milosnicylasu.olsztyn.pl\/wp-content\/uploads\/2021\/07\/P7040087-www.jpg 1024w\" sizes=\"auto, (max-width: 300px) 100vw, 300px\" \/><\/a><\/p>\n<p><strong>\u00a0Wiele gatunk\u00f3w spotykanych podczas letnich spacer\u00f3w po lasach czy polach to ptaki odlatuj\u0105ce na zim\u0119 do cieplejszych kraj\u00f3w. Migracje ptak\u00f3w to zjawisko ca\u0142kowicie naturalne. Nie ogranicza si\u0119 ono wy\u0142\u0105cznie do naszego kraju. Wiadomo jednak, \u017ce niekt\u00f3re gatunki ptak\u00f3w przylatuj\u0105 wiosn\u0105, a jesieni\u0105 i zim\u0105 znikaj\u0105 na horyzoncie.<\/strong><\/p>\n<p><strong>\u00a0Ptaki odlatuj\u0105 do ciep\u0142ych kraj\u00f3w, poniewa\u017c zimy w Polsce s\u0105 dla nich zbyt ch\u0142odne. Zmiany warunk\u00f3w atmosferycznych rzeczywi\u015bcie s\u0105 powodem ptasich w\u0119dr\u00f3wek.\u00a0<\/strong><\/p>\n<p><strong>Znacz\u0105ce och\u0142odzenie si\u0119 pogody powoduje, \u017ce ptaki maj\u0105 znacznie utrudniony dost\u0119p do po\u017cywienia. Naturalnym zachowaniem dla nich jest poszukiwanie miejsca, w kt\u00f3rym b\u0119d\u0105 mog\u0142y przeczeka\u0107 najch\u0142odniejsze miesi\u0105ce. Wybieraj\u0105 kraje, w kt\u00f3rych zima jest \u0142agodna, albo (z naszej perspektywy) w og\u00f3le jej nie ma.\u00a0<\/strong><\/p>\n<p><strong>Niekt\u00f3re gatunki podr\u00f3\u017cuj\u0105 noc\u0105, inne natomiast lec\u0105 w ci\u0105gu dnia. W zale\u017cno\u015bci od pory, ptaki kieruj\u0105 si\u0119 po\u0142o\u017ceniem s\u0142o\u0144ca lub gwiazd. Niekt\u00f3re z nich sugeruj\u0105 si\u0119 kszta\u0142tem linii brzegowej. Wa\u017cnym drogowskazem jest tak\u017ce pole magnetyczne Ziemi. Mo\u017cna za\u0142o\u017cy\u0107, \u017ce ptaki maj\u0105 perfekcyjnie dzia\u0142aj\u0105ce, naturalne wewn\u0119trzne kompasy.\u00a0<\/strong><\/p>\n<div id=\"attachment_6056\" style=\"width: 209px\" class=\"wp-caption alignleft\"><a href=\"https:\/\/www.milosnicylasu.olsztyn.pl\/wp-content\/uploads\/2021\/02\/DSCN0462-www.jpg\" data-rel=\"lightbox-image-2\" data-magnific_type=\"image\" data-rl_title=\"\" data-rl_caption=\"\" title=\"\"><img loading=\"lazy\" decoding=\"async\" aria-describedby=\"caption-attachment-6056\" class=\"size-medium wp-image-6056\" src=\"https:\/\/www.milosnicylasu.olsztyn.pl\/wp-content\/uploads\/2021\/02\/DSCN0462-www-199x300.jpg\" alt=\"\" width=\"199\" height=\"300\" srcset=\"https:\/\/www.milosnicylasu.olsztyn.pl\/wp-content\/uploads\/2021\/02\/DSCN0462-www-199x300.jpg 199w, https:\/\/www.milosnicylasu.olsztyn.pl\/wp-content\/uploads\/2021\/02\/DSCN0462-www.jpg 680w\" sizes=\"auto, (max-width: 199px) 100vw, 199px\" \/><\/a><p id=\"caption-attachment-6056\" class=\"wp-caption-text\">Sowa Jarz\u0119bata<\/p><\/div>\n<p><strong>Od dawna wiemy, \u017ce pod koniec lata ptaki zaczynaj\u0105 zjada\u0107 wi\u0119ksze ilo\u015bci po\u017cywienia. Pozwala im to zgromadzi\u0107 warstw\u0119 t\u0142uszczu przek\u0142adaj\u0105c\u0105 si\u0119 na dodatkowe zasoby energii spalane w trakcie lotu.\u00a0<\/strong><\/p>\n<p><strong>Niedawno ornitolodzy zaobserwowali, \u017ce przed wylotem ptaki pij\u0105 r\u00f3wnie\u017c wi\u0119cej wody. Dowiedziono tak\u017ce, \u017ce potrafi\u0105 okresowo zmniejsza\u0107 niekt\u00f3re ze swoich organ\u00f3w wewn\u0119trznych. Wszystko po to, aby maksymalnie ograniczy\u0107 niepotrzebny ci\u0119\u017car. Wyj\u0105tkiem jest jeden organ \u2013\u00a0serce. To z kolei staje si\u0119 wi\u0119ksze, aby zwi\u0119kszy\u0107 wydolno\u015b\u0107 podczas lotu<\/strong><\/p>\n<p><strong>Niekt\u00f3re ptaki podczas w\u0119dr\u00f3wek lec\u0105 w charakterystycznym kluczu, kt\u00f3ry cz\u0119sto mo\u017cemy zobaczy\u0107 na niebie. Post\u0119puj\u0105 tak na przyk\u0142ad kaczki lub g\u0119si. Z czego to wynika? To bardzo sprytna strategia, kt\u00f3ra ma na celu ograniczenie zu\u017cywanej energii.\u00a0<\/strong><\/p>\n<p><strong>Ptak, kt\u00f3ry leci na przedzie klucza swoim dziobem rozcina powietrze, kt\u00f3re rozchodzi si\u0119 w kszta\u0142cie litery V. Dzi\u0119ki temu ptakom, kt\u00f3re s\u0105 za nim, leci si\u0119 \u0142atwiej. Pierwszy ptak w kluczu musi zu\u017cy\u0107 najwi\u0119cej energii, dlatego w trakcie lotu cz\u0119sto dochodzi do rotacji lidera.\u00a0<\/strong><\/p>\n<p><strong>Ptaki w\u0119drowne s\u0105 mistrzami aerodynamiki. Wiedz\u0119 o tym, jak przygotowa\u0107 si\u0119 do lotu oraz co robi\u0107 w jego trakcie, przekazuj\u0105 sobie w genach. Dzi\u0119ki temu nawet m\u0142ode zwierz\u0119ta od zawsze wiedz\u0105, co maj\u0105 robi\u0107.<\/strong><\/p>\n<p><strong>\u00a0Migracje ptak\u00f3w do ciep\u0142ych kraj\u00f3w rozpoczynaj\u0105 si\u0119 ju\u017c pod koniec lata. W\u00f3wczas do drogi zbieraj\u0105 si\u0119 najmniejsze gatunki, kt\u00f3re najgorzej znosz\u0105 ch\u0142odne temperatury \u2013 s\u0105 to na przyk\u0142ad jerzyki.<\/strong><\/p>\n<p><a href=\"https:\/\/www.milosnicylasu.olsztyn.pl\/wp-content\/uploads\/2019\/02\/P2240004-www.jpg\" data-rel=\"lightbox-image-3\" data-magnific_type=\"image\" data-rl_title=\"\" data-rl_caption=\"\" title=\"\"><img loading=\"lazy\" decoding=\"async\" class=\"size-medium wp-image-4609 alignright\" src=\"https:\/\/www.milosnicylasu.olsztyn.pl\/wp-content\/uploads\/2019\/02\/P2240004-www-300x225.jpg\" alt=\"\" width=\"300\" height=\"225\" srcset=\"https:\/\/www.milosnicylasu.olsztyn.pl\/wp-content\/uploads\/2019\/02\/P2240004-www-300x225.jpg 300w, https:\/\/www.milosnicylasu.olsztyn.pl\/wp-content\/uploads\/2019\/02\/P2240004-www-768x576.jpg 768w, https:\/\/www.milosnicylasu.olsztyn.pl\/wp-content\/uploads\/2019\/02\/P2240004-www.jpg 1024w, https:\/\/www.milosnicylasu.olsztyn.pl\/wp-content\/uploads\/2019\/02\/P2240004-www-400x300.jpg 400w\" sizes=\"auto, (max-width: 300px) 100vw, 300px\" \/><\/a><\/p>\n<p><strong>W tym okresie odlatuje tak\u017ce wi\u0119kszo\u015b\u0107 bocian\u00f3w. Niekt\u00f3re z nich zostaj\u0105 jednak z nami do pocz\u0105tku wrze\u015bnia. Nasze narodowe ptaki zimuj\u0105 na terenie niemal ca\u0142ej Afryki \u2013 od Egiptu do RPA. <a href=\"https:\/\/www.milosnicylasu.olsztyn.pl\/wp-content\/uploads\/2020\/11\/DSC00527-3-www.jpg\" data-rel=\"lightbox-image-4\" data-magnific_type=\"image\" data-rl_title=\"\" data-rl_caption=\"\" title=\"\"><img loading=\"lazy\" decoding=\"async\" class=\"size-medium wp-image-5775 alignright\" src=\"https:\/\/www.milosnicylasu.olsztyn.pl\/wp-content\/uploads\/2020\/11\/DSC00527-3-www-300x200.jpg\" alt=\"\" width=\"300\" height=\"200\" srcset=\"https:\/\/www.milosnicylasu.olsztyn.pl\/wp-content\/uploads\/2020\/11\/DSC00527-3-www-300x200.jpg 300w, https:\/\/www.milosnicylasu.olsztyn.pl\/wp-content\/uploads\/2020\/11\/DSC00527-3-www-768x512.jpg 768w, https:\/\/www.milosnicylasu.olsztyn.pl\/wp-content\/uploads\/2020\/11\/DSC00527-3-www.jpg 1024w\" sizes=\"auto, (max-width: 300px) 100vw, 300px\" \/><\/a><\/strong><\/p>\n<p><strong>Najbardziej wytrwa\u0142e gatunki odlatuj\u0105 dopiero w listopadzie. Dotyczy to przede wszystkim tych ptak\u00f3w, kt\u00f3re na zimowiska nie oddalaj\u0105 si\u0119 zbyt daleko (lec\u0105 w europejskie rejony Morza \u015ar\u00f3dziemnego). Dobrym przyk\u0142adem s\u0105 g\u0119si, kt\u00f3re mo\u017cna zaobserwowa\u0107 na niebie w\u0142a\u015bnie w tym okresie.\u00a0<\/strong><\/p>\n<p><strong>Ptaki odlatuj\u0105ce na zim\u0119 z Polski<\/strong><\/p>\n<ul>\n<li><strong>bocian bia\u0142y;<\/strong><\/li>\n<li><strong>b\u0142otniak;<\/strong><\/li>\n<li><strong>kuku\u0142ka;<\/strong><\/li>\n<li><strong>czajka;<\/strong><\/li>\n<li><strong>\u017curaw;<\/strong><\/li>\n<li><strong>g\u0119\u015b g\u0119gawa;<\/strong><\/li>\n<li><strong>wilga;<\/strong><\/li>\n<li><strong>s\u0142owik;<\/strong><\/li>\n<li><strong>dudek;<\/strong><\/li>\n<li><strong>skowronek;<\/strong><\/li>\n<li><strong>go\u0142\u0105b grzywacz;<\/strong><\/li>\n<li><strong>grubodzi\u00f3b;<\/strong><\/li>\n<li><strong>gawron;<\/strong><\/li>\n<li><strong>jemio\u0142uszka.<\/strong><\/li>\n<\/ul>\n<p><strong>Ptaki, kt\u00f3re zostaj\u0105 na zim\u0119 w Polsce<\/strong><\/p>\n<ul>\n<li><strong>\u0142ab\u0119d\u017a;<\/strong><\/li>\n<li><strong>sroka;<\/strong><\/li>\n<li><strong>dzi\u0119cio\u0142;<\/strong><\/li>\n<li><strong>sikorka bogatka;<\/strong><\/li>\n<li><strong>kos;<\/strong><\/li>\n<li><strong>kawka;<\/strong><\/li>\n<li><strong>wrona;<\/strong><\/li>\n<li><strong>wr\u00f3bel;<\/strong><\/li>\n<li><strong>s\u00f3jka;<\/strong><\/li>\n<li><strong>sowa uszatka;<\/strong><\/li>\n<li><strong>go\u0142\u0105b skalny.<\/strong><\/li>\n<\/ul>\n<p>&nbsp;<\/p>\n","protected":false},"excerpt":{"rendered":"<p>Lubimy w\u0119drowa\u0107, nawet bardzo. Po letniej przerwie s\u0142uchamy o wyprawach naszych kole\u017canek, koleg\u00f3w. Cz\u0119\u015b\u0107 z nas zwiedza\u0142a Polsk\u0119, niekt\u00f3rzy byli nawet\u00a0 w Stanach. Mamy nadziej\u0119, \u017ce przygotuj\u0105 prezentacj\u0119 zdj\u0119\u0107 ze swoich wypraw i przedstawi\u0105 na kolejnych czwartkowych spotkaniach.\u00a0 A dzi\u015b troszk\u0119 informacji o ptakach. Od kilku dni widzimy na niebie klucze dzikich g\u0119si i s\u0142yszymy [&hellip;]<\/p>\n","protected":false},"author":2,"featured_media":0,"comment_status":"open","ping_status":"open","sticky":false,"template":"","format":"standard","meta":{"footnotes":""},"categories":[1,9,17],"tags":[],"class_list":["post-7389","post","type-post","status-publish","format-standard","hentry","category-bez-kategorii","category-ciekawostki","category-edukacja-w-terenie"],"_links":{"self":[{"href":"https:\/\/www.milosnicylasu.olsztyn.pl\/index.php?rest_route=\/wp\/v2\/posts\/7389","targetHints":{"allow":["GET"]}}],"collection":[{"href":"https:\/\/www.milosnicylasu.olsztyn.pl\/index.php?rest_route=\/wp\/v2\/posts"}],"about":[{"href":"https:\/\/www.milosnicylasu.olsztyn.pl\/index.php?rest_route=\/wp\/v2\/types\/post"}],"author":[{"embeddable":true,"href":"https:\/\/www.milosnicylasu.olsztyn.pl\/index.php?rest_route=\/wp\/v2\/users\/2"}],"replies":[{"embeddable":true,"href":"https:\/\/www.milosnicylasu.olsztyn.pl\/index.php?rest_route=%2Fwp%2Fv2%2Fcomments&post=7389"}],"version-history":[{"count":7,"href":"https:\/\/www.milosnicylasu.olsztyn.pl\/index.php?rest_route=\/wp\/v2\/posts\/7389\/revisions"}],"predecessor-version":[{"id":7398,"href":"https:\/\/www.milosnicylasu.olsztyn.pl\/index.php?rest_route=\/wp\/v2\/posts\/7389\/revisions\/7398"}],"wp:attachment":[{"href":"https:\/\/www.milosnicylasu.olsztyn.pl\/index.php?rest_route=%2Fwp%2Fv2%2Fmedia&parent=7389"}],"wp:term":[{"taxonomy":"category","embeddable":true,"href":"https:\/\/www.milosnicylasu.olsztyn.pl\/index.php?rest_route=%2Fwp%2Fv2%2Fcategories&post=7389"},{"taxonomy":"post_tag","embeddable":true,"href":"https:\/\/www.milosnicylasu.olsztyn.pl\/index.php?rest_route=%2Fwp%2Fv2%2Ftags&post=7389"}],"curies":[{"name":"wp","href":"https:\/\/api.w.org\/{rel}","templated":true}]}}