{"id":7399,"date":"2022-10-16T10:27:41","date_gmt":"2022-10-16T08:27:41","guid":{"rendered":"https:\/\/www.milosnicylasu.olsztyn.pl\/?p=7399"},"modified":"2022-10-16T10:40:58","modified_gmt":"2022-10-16T08:40:58","slug":"7399","status":"publish","type":"post","link":"https:\/\/www.milosnicylasu.olsztyn.pl\/?p=7399","title":{"rendered":"Grunwald Muzeum"},"content":{"rendered":"<p><a href=\"https:\/\/www.milosnicylasu.olsztyn.pl\/wp-content\/uploads\/2022\/10\/PA150005-www.jpg\" data-rel=\"lightbox-image-0\" data-magnific_type=\"image\" data-rl_title=\"\" data-rl_caption=\"\" title=\"\"><img loading=\"lazy\" decoding=\"async\" class=\"size-medium wp-image-7400 alignleft\" src=\"https:\/\/www.milosnicylasu.olsztyn.pl\/wp-content\/uploads\/2022\/10\/PA150005-www-300x225.jpg\" alt=\"\" width=\"300\" height=\"225\" srcset=\"https:\/\/www.milosnicylasu.olsztyn.pl\/wp-content\/uploads\/2022\/10\/PA150005-www-300x225.jpg 300w, https:\/\/www.milosnicylasu.olsztyn.pl\/wp-content\/uploads\/2022\/10\/PA150005-www-768x576.jpg 768w, https:\/\/www.milosnicylasu.olsztyn.pl\/wp-content\/uploads\/2022\/10\/PA150005-www.jpg 1024w\" sizes=\"auto, (max-width: 300px) 100vw, 300px\" \/><\/a><\/p>\n<p><strong>Bitwa pod Grunwaldem to jedna z najwi\u0119kszych bitew w historii \u015bredniowiecznej Europy, stoczona 15 lipca 1410 roku. Bitwa ta zako\u0144czy\u0142a si\u0119 zwyci\u0119stwem wojsk polsko-litewskich i pogromem si\u0142 krzy\u017cackich, nie zosta\u0142a jednak wykorzystana do ca\u0142kowitego zniszczenia zakonu.<\/strong><\/p>\n<p><a href=\"https:\/\/www.milosnicylasu.olsztyn.pl\/wp-content\/uploads\/2022\/10\/PA150007-www.jpg\" data-rel=\"lightbox-image-1\" data-magnific_type=\"image\" data-rl_title=\"\" data-rl_caption=\"\" title=\"\"><img loading=\"lazy\" decoding=\"async\" class=\"size-medium wp-image-7416 alignright\" src=\"https:\/\/www.milosnicylasu.olsztyn.pl\/wp-content\/uploads\/2022\/10\/PA150007-www-300x225.jpg\" alt=\"\" width=\"300\" height=\"225\" srcset=\"https:\/\/www.milosnicylasu.olsztyn.pl\/wp-content\/uploads\/2022\/10\/PA150007-www-300x225.jpg 300w, https:\/\/www.milosnicylasu.olsztyn.pl\/wp-content\/uploads\/2022\/10\/PA150007-www-768x576.jpg 768w, https:\/\/www.milosnicylasu.olsztyn.pl\/wp-content\/uploads\/2022\/10\/PA150007-www.jpg 1024w\" sizes=\"auto, (max-width: 300px) 100vw, 300px\" \/><\/a><\/p>\n<p>&nbsp;<\/p>\n<p><strong>W dniu 21 wrze\u015bnia 2022 roku otwarta zosta\u0142a nowa siedziba Muzeum Bitwy pod Grunwaldem w St\u0119barku, kt\u00f3rego dawna niemiecka nazwa to Tannenberg.<\/strong><\/p>\n<p><strong>\u00a0\u00a0\u00a0\u00a0\u00a0\u00a0\u00a0\u00a0\u00a0\u00a0\u00a0\u00a0\u00a0\u00a0\u00a0\u00a0 15 pa\u017adziernika br. cz\u0142onkowie Ko\u0142a Mi\u0142o\u015bnik\u00f3w Lasu i Militari\u00f3w LOK przy ATW w Olsztynie pojechali przekona\u0107 si\u0119, czy ta inwestycja by\u0142a warta tylu milion\u00f3w ? , bo:\u00a0 <\/strong><\/p>\n<p><strong>Projekt pod nazw\u0105 \u201eRozbudowa, przebudowa i remont budynku Muzeum Bitwy pod Grunwaldem w St\u0119barku\u201d by\u0142 realizowany w latach 2014-2020. Jego ca\u0142kowity koszt to 48,9 mln z\u0142, przy czym 15,065 mln z\u0142 to dofinansowanie z Europejskiego Funduszu Rozwoju Regionalnego. Ministerstwo Kultury i Dziedzictwa Narodowego z kolei udzieli\u0142o wsparcia finansowego w wysoko\u015bci 21,3 mln z\u0142. W rezultacie realizacji projektu znacz\u0105co zwi\u0119kszy\u0142a si\u0119 powierzchnia Muzeum: z 275 m<sup>2<\/sup> do prawie 4 000 m<sup>2<\/sup>.<\/strong><\/p>\n<p><a href=\"https:\/\/www.milosnicylasu.olsztyn.pl\/wp-content\/uploads\/2022\/10\/PA150008-www.jpg\" data-rel=\"lightbox-image-2\" data-magnific_type=\"image\" data-rl_title=\"\" data-rl_caption=\"\" title=\"\"><img loading=\"lazy\" decoding=\"async\" class=\"size-medium wp-image-7402 alignleft\" src=\"https:\/\/www.milosnicylasu.olsztyn.pl\/wp-content\/uploads\/2022\/10\/PA150008-www-300x225.jpg\" alt=\"\" width=\"300\" height=\"225\" srcset=\"https:\/\/www.milosnicylasu.olsztyn.pl\/wp-content\/uploads\/2022\/10\/PA150008-www-300x225.jpg 300w, https:\/\/www.milosnicylasu.olsztyn.pl\/wp-content\/uploads\/2022\/10\/PA150008-www-768x576.jpg 768w, https:\/\/www.milosnicylasu.olsztyn.pl\/wp-content\/uploads\/2022\/10\/PA150008-www.jpg 1024w\" sizes=\"auto, (max-width: 300px) 100vw, 300px\" \/><\/a><\/p>\n<p><strong>W nowo powsta\u0142ym budynku Muzeum Bitwy pod Grunwaldem w St\u0119barku\u201d w Muzeum znalaz\u0142o si\u0119 miejsce dla bogatej w eksponaty nowej wystawy sta\u0142ej, kt\u00f3rej koszt wyni\u00f3s\u0142 8,9 mln z\u0142 przy dofinansowaniu z Ministerstwa Kultury i Dziedzictwa Narodowego w wysoko\u015bci 6,25 mln z\u0142.<\/strong><\/p>\n<p><a href=\"https:\/\/www.milosnicylasu.olsztyn.pl\/wp-content\/uploads\/2022\/10\/PA150038-www.jpg\" data-rel=\"lightbox-image-3\" data-magnific_type=\"image\" data-rl_title=\"\" data-rl_caption=\"\" title=\"\"><img loading=\"lazy\" decoding=\"async\" class=\"size-medium wp-image-7409 alignright\" src=\"https:\/\/www.milosnicylasu.olsztyn.pl\/wp-content\/uploads\/2022\/10\/PA150038-www-300x225.jpg\" alt=\"\" width=\"300\" height=\"225\" srcset=\"https:\/\/www.milosnicylasu.olsztyn.pl\/wp-content\/uploads\/2022\/10\/PA150038-www-300x225.jpg 300w, https:\/\/www.milosnicylasu.olsztyn.pl\/wp-content\/uploads\/2022\/10\/PA150038-www-768x576.jpg 768w, https:\/\/www.milosnicylasu.olsztyn.pl\/wp-content\/uploads\/2022\/10\/PA150038-www.jpg 1024w\" sizes=\"auto, (max-width: 300px) 100vw, 300px\" \/><\/a><\/p>\n<p><a href=\"https:\/\/www.milosnicylasu.olsztyn.pl\/wp-content\/uploads\/2022\/10\/PA150018-www.jpg\" data-rel=\"lightbox-image-4\" data-magnific_type=\"image\" data-rl_title=\"\" data-rl_caption=\"\" title=\"\"><img loading=\"lazy\" decoding=\"async\" class=\"size-medium wp-image-7403 aligncenter\" src=\"https:\/\/www.milosnicylasu.olsztyn.pl\/wp-content\/uploads\/2022\/10\/PA150018-www-300x225.jpg\" alt=\"\" width=\"300\" height=\"225\" srcset=\"https:\/\/www.milosnicylasu.olsztyn.pl\/wp-content\/uploads\/2022\/10\/PA150018-www-300x225.jpg 300w, https:\/\/www.milosnicylasu.olsztyn.pl\/wp-content\/uploads\/2022\/10\/PA150018-www-768x576.jpg 768w, https:\/\/www.milosnicylasu.olsztyn.pl\/wp-content\/uploads\/2022\/10\/PA150018-www.jpg 1024w\" sizes=\"auto, (max-width: 300px) 100vw, 300px\" \/><\/a><\/p>\n<p><strong>Zosta\u0142y na niej przedstawione zwi\u0105zane z bitw\u0105 pod Grunwaldem wydarzenia, kt\u00f3re mia\u0142y miejsce te\u017c przed sam\u0105 bitw\u0105. Sama wystawa zosta\u0142a podzielona na 10 blok\u00f3w tematycznych, s\u0105 to: \u201eZakon, Polska i Litwa przed Wielk\u0105 Wojn\u0105\u201d, \u201ePrzyczyny bezpo\u015brednie rozpocz\u0119cia dzia\u0142a\u0144 wojennych\u201d, \u201ePlany i problemy\u201d, \u201eWyprawa wojenna i Bitwa pod Grunwaldem\u201d , \u201eBitwa pod Grunwaldem\u201d, \u201eObl\u0119\u017cenie Malborka\u201d, \u201eTradycja Grunwaldzka\u201d , \u201eEkspozycja chor\u0105gwi rycerskich\u201d, \u201eZabytki archeologiczne\u201d oraz \u201eKaplica\u201d.<\/strong><\/p>\n<p><a href=\"https:\/\/www.milosnicylasu.olsztyn.pl\/wp-content\/uploads\/2022\/10\/PA150013-www.jpg\" data-rel=\"lightbox-image-5\" data-magnific_type=\"image\" data-rl_title=\"\" data-rl_caption=\"\" title=\"\"><img loading=\"lazy\" decoding=\"async\" class=\"size-medium wp-image-7404 aligncenter\" src=\"https:\/\/www.milosnicylasu.olsztyn.pl\/wp-content\/uploads\/2022\/10\/PA150013-www-300x225.jpg\" alt=\"\" width=\"300\" height=\"225\" srcset=\"https:\/\/www.milosnicylasu.olsztyn.pl\/wp-content\/uploads\/2022\/10\/PA150013-www-300x225.jpg 300w, https:\/\/www.milosnicylasu.olsztyn.pl\/wp-content\/uploads\/2022\/10\/PA150013-www-768x576.jpg 768w, https:\/\/www.milosnicylasu.olsztyn.pl\/wp-content\/uploads\/2022\/10\/PA150013-www.jpg 1024w\" sizes=\"auto, (max-width: 300px) 100vw, 300px\" \/><\/a><\/p>\n<p><strong>W nowej siedzibie Muzeum\u00a0 czeka\u0142o na nas \u00a0wiele atrakcji. Przede wszystkim w Muzeum znajduje si\u0119 sala rycerska. Mo\u017cna by\u0142o r\u00f3wnie\u017c zobaczy\u0107 filmy nagrane technik\u0105 360 stopni. Do naszej dyspozycji by\u0142y r\u00f3wnie\u017c interaktywne mapy. <\/strong><\/p>\n<p><a href=\"https:\/\/www.milosnicylasu.olsztyn.pl\/wp-content\/uploads\/2022\/10\/PA150036-www.jpg\" data-rel=\"lightbox-image-6\" data-magnific_type=\"image\" data-rl_title=\"\" data-rl_caption=\"\" title=\"\"><img loading=\"lazy\" decoding=\"async\" class=\"size-medium wp-image-7405 alignleft\" src=\"https:\/\/www.milosnicylasu.olsztyn.pl\/wp-content\/uploads\/2022\/10\/PA150036-www-300x225.jpg\" alt=\"\" width=\"300\" height=\"225\" srcset=\"https:\/\/www.milosnicylasu.olsztyn.pl\/wp-content\/uploads\/2022\/10\/PA150036-www-300x225.jpg 300w, https:\/\/www.milosnicylasu.olsztyn.pl\/wp-content\/uploads\/2022\/10\/PA150036-www-768x576.jpg 768w, https:\/\/www.milosnicylasu.olsztyn.pl\/wp-content\/uploads\/2022\/10\/PA150036-www.jpg 1024w\" sizes=\"auto, (max-width: 300px) 100vw, 300px\" \/><\/a><\/p>\n<p><strong>W samym \u015brodku mamy pokazan\u0105 map\u0119 pola bitwy, do tego s\u0105 ekrany dotykowe, gdzie mogli\u015bmy przejrze\u0107 przebieg bitwy pod Grunwaldem. W siedmiu etapach zobaczyli\u015bmy jak wojska przemieszcza\u0142y si\u0119 \u00a0w czasie bitwy. Aplikacja krok po kroku nam pokazuje wszystko. I tak oto wsp\u00f3\u0142czesna technika pozwala nam jeszcze lepiej zrozumie\u0107 przesz\u0142o\u015b\u0107.<\/strong><\/p>\n<p><a href=\"https:\/\/www.milosnicylasu.olsztyn.pl\/wp-content\/uploads\/2022\/10\/PA150025-www.jpg\" data-rel=\"lightbox-image-7\" data-magnific_type=\"image\" data-rl_title=\"\" data-rl_caption=\"\" title=\"\"><img loading=\"lazy\" decoding=\"async\" class=\"size-medium wp-image-7407 alignright\" src=\"https:\/\/www.milosnicylasu.olsztyn.pl\/wp-content\/uploads\/2022\/10\/PA150025-www-300x225.jpg\" alt=\"\" width=\"300\" height=\"225\" srcset=\"https:\/\/www.milosnicylasu.olsztyn.pl\/wp-content\/uploads\/2022\/10\/PA150025-www-300x225.jpg 300w, https:\/\/www.milosnicylasu.olsztyn.pl\/wp-content\/uploads\/2022\/10\/PA150025-www-768x576.jpg 768w, https:\/\/www.milosnicylasu.olsztyn.pl\/wp-content\/uploads\/2022\/10\/PA150025-www.jpg 1024w\" sizes=\"auto, (max-width: 300px) 100vw, 300px\" \/><\/a><\/p>\n<p><a href=\"https:\/\/www.milosnicylasu.olsztyn.pl\/wp-content\/uploads\/2022\/10\/PA150024-www.jpg\" data-rel=\"lightbox-image-8\" data-magnific_type=\"image\" data-rl_title=\"\" data-rl_caption=\"\" title=\"\"><img loading=\"lazy\" decoding=\"async\" class=\"size-medium wp-image-7406 aligncenter\" src=\"https:\/\/www.milosnicylasu.olsztyn.pl\/wp-content\/uploads\/2022\/10\/PA150024-www-300x225.jpg\" alt=\"\" width=\"300\" height=\"225\" srcset=\"https:\/\/www.milosnicylasu.olsztyn.pl\/wp-content\/uploads\/2022\/10\/PA150024-www-300x225.jpg 300w, https:\/\/www.milosnicylasu.olsztyn.pl\/wp-content\/uploads\/2022\/10\/PA150024-www-768x576.jpg 768w, https:\/\/www.milosnicylasu.olsztyn.pl\/wp-content\/uploads\/2022\/10\/PA150024-www.jpg 1024w\" sizes=\"auto, (max-width: 300px) 100vw, 300px\" \/><\/a><\/p>\n<p><strong>\u00a0Na postawione na pocz\u0105tku pytanie, ka\u017cdy z uczestnik\u00f3w zwiedzania\u00a0 powinien odpowiedzie\u0107 sam.\u00a0 Chyba jednak by\u0142o warto zobaczy\u0107 nowy obiekt na miejscu, z historii kt\u00f3rego powinni\u015bmy by\u0107 dumni. Przecie\u017c wygrali\u015bmy i to z tak pot\u0119\u017cnym przeciwnikiem &#8211; Zakonem Krzy\u017cackim, kt\u00f3ry by\u0142 \u015bwietnie zorganizowany, bardzo bogaty, panosz\u0105cy si\u0119 wr\u0119cz na terenie Europy, szczeg\u00f3lnie w Polsce i na Litwie. Ta bitwa da\u0142a pocz\u0105tek ich ko\u0144ca. Co by by\u0142o gdyby\u015bmy przegrali? &#8230;&#8230;..<\/strong><\/p>\n<p><strong>W ci\u0105gu zwiedzania towarzyszy\u0142 nam sympatyczny, m\u0142ody z du\u017c\u0105 wiedz\u0105\u00a0 przewodnik pan Dominik Lisowski. Dzi\u0119ki niemu przypomnieli\u015bmy sobie i dowiedzieli\u015bmy si\u0119 wiele z historii Grunwaldu.<\/strong><\/p>\n<p><a href=\"https:\/\/www.milosnicylasu.olsztyn.pl\/wp-content\/uploads\/2022\/10\/PA150046-www.jpg\" data-rel=\"lightbox-image-9\" data-magnific_type=\"image\" data-rl_title=\"\" data-rl_caption=\"\" title=\"\"><img loading=\"lazy\" decoding=\"async\" class=\"size-medium wp-image-7408 alignleft\" src=\"https:\/\/www.milosnicylasu.olsztyn.pl\/wp-content\/uploads\/2022\/10\/PA150046-www-300x225.jpg\" alt=\"\" width=\"300\" height=\"225\" srcset=\"https:\/\/www.milosnicylasu.olsztyn.pl\/wp-content\/uploads\/2022\/10\/PA150046-www-300x225.jpg 300w, https:\/\/www.milosnicylasu.olsztyn.pl\/wp-content\/uploads\/2022\/10\/PA150046-www-768x576.jpg 768w, https:\/\/www.milosnicylasu.olsztyn.pl\/wp-content\/uploads\/2022\/10\/PA150046-www.jpg 1024w\" sizes=\"auto, (max-width: 300px) 100vw, 300px\" \/><\/a><\/p>\n<p><strong>Wycieczk\u0119 zaplanowa\u0142, zorganizowa\u0142 Anatol Leszczy\u0144ski, finansami zaj\u0119\u0142a si\u0119 Basia Bruzgo, przy pomocy Maryli Bonis\u0142awskiej. Dzi\u0119kujemy.<\/strong><\/p>\n","protected":false},"excerpt":{"rendered":"<p>Bitwa pod Grunwaldem to jedna z najwi\u0119kszych bitew w historii \u015bredniowiecznej Europy, stoczona 15 lipca 1410 roku. Bitwa ta zako\u0144czy\u0142a si\u0119 zwyci\u0119stwem wojsk polsko-litewskich i pogromem si\u0142 krzy\u017cackich, nie zosta\u0142a jednak wykorzystana do ca\u0142kowitego zniszczenia zakonu. &nbsp; W dniu 21 wrze\u015bnia 2022 roku otwarta zosta\u0142a nowa siedziba Muzeum Bitwy pod Grunwaldem w St\u0119barku, kt\u00f3rego dawna [&hellip;]<\/p>\n","protected":false},"author":2,"featured_media":0,"comment_status":"open","ping_status":"open","sticky":false,"template":"","format":"standard","meta":{"footnotes":""},"categories":[1,9,17,5],"tags":[],"class_list":["post-7399","post","type-post","status-publish","format-standard","hentry","category-bez-kategorii","category-ciekawostki","category-edukacja-w-terenie","category-wycieczki"],"_links":{"self":[{"href":"https:\/\/www.milosnicylasu.olsztyn.pl\/index.php?rest_route=\/wp\/v2\/posts\/7399","targetHints":{"allow":["GET"]}}],"collection":[{"href":"https:\/\/www.milosnicylasu.olsztyn.pl\/index.php?rest_route=\/wp\/v2\/posts"}],"about":[{"href":"https:\/\/www.milosnicylasu.olsztyn.pl\/index.php?rest_route=\/wp\/v2\/types\/post"}],"author":[{"embeddable":true,"href":"https:\/\/www.milosnicylasu.olsztyn.pl\/index.php?rest_route=\/wp\/v2\/users\/2"}],"replies":[{"embeddable":true,"href":"https:\/\/www.milosnicylasu.olsztyn.pl\/index.php?rest_route=%2Fwp%2Fv2%2Fcomments&post=7399"}],"version-history":[{"count":8,"href":"https:\/\/www.milosnicylasu.olsztyn.pl\/index.php?rest_route=\/wp\/v2\/posts\/7399\/revisions"}],"predecessor-version":[{"id":7418,"href":"https:\/\/www.milosnicylasu.olsztyn.pl\/index.php?rest_route=\/wp\/v2\/posts\/7399\/revisions\/7418"}],"wp:attachment":[{"href":"https:\/\/www.milosnicylasu.olsztyn.pl\/index.php?rest_route=%2Fwp%2Fv2%2Fmedia&parent=7399"}],"wp:term":[{"taxonomy":"category","embeddable":true,"href":"https:\/\/www.milosnicylasu.olsztyn.pl\/index.php?rest_route=%2Fwp%2Fv2%2Fcategories&post=7399"},{"taxonomy":"post_tag","embeddable":true,"href":"https:\/\/www.milosnicylasu.olsztyn.pl\/index.php?rest_route=%2Fwp%2Fv2%2Ftags&post=7399"}],"curies":[{"name":"wp","href":"https:\/\/api.w.org\/{rel}","templated":true}]}}