{"id":7420,"date":"2022-10-20T16:04:34","date_gmt":"2022-10-20T14:04:34","guid":{"rendered":"https:\/\/www.milosnicylasu.olsztyn.pl\/?p=7420"},"modified":"2022-10-20T16:05:40","modified_gmt":"2022-10-20T14:05:40","slug":"zaproszenie-do-muzeum-przyrody-5","status":"publish","type":"post","link":"https:\/\/www.milosnicylasu.olsztyn.pl\/?p=7420","title":{"rendered":"Zaproszenie do Muzeum Przyrody"},"content":{"rendered":"<p><strong>Dzie\u0144 dobry<\/strong><\/p>\n<p><strong>Zapraszamy do Muzeum Przyrody na wyk\u0142ad z cyklu \u201eSpotkania z przyrod\u0105\u201d &#8211; \u201ePtaki wodno \u2013 b\u0142otne okolic Dobrego Miasta \u2013 stan i zagro\u017cenia\u201d. Wyk\u0142ad wyg\u0142osi p. Andrzej Waszczuk \u201eSzczurek\u201d w dniu 26.10.2022 r. (\u015broda), godz. 17:30. Wst\u0119p wolny.<\/strong><\/p>\n<p><strong>Pozdrawiam<\/strong><\/p>\n<p><strong>Beata Bonis\u0142awska<\/strong><\/p>\n","protected":false},"excerpt":{"rendered":"<p>Dzie\u0144 dobry Zapraszamy do Muzeum Przyrody na wyk\u0142ad z cyklu \u201eSpotkania z przyrod\u0105\u201d &#8211; \u201ePtaki wodno \u2013 b\u0142otne okolic Dobrego Miasta \u2013 stan i zagro\u017cenia\u201d. Wyk\u0142ad wyg\u0142osi p. Andrzej Waszczuk \u201eSzczurek\u201d w dniu 26.10.2022 r. (\u015broda), godz. 17:30. Wst\u0119p wolny. Pozdrawiam Beata Bonis\u0142awska<\/p>\n","protected":false},"author":2,"featured_media":0,"comment_status":"open","ping_status":"open","sticky":false,"template":"","format":"standard","meta":{"footnotes":""},"categories":[1,9],"tags":[],"class_list":["post-7420","post","type-post","status-publish","format-standard","hentry","category-bez-kategorii","category-ciekawostki"],"_links":{"self":[{"href":"https:\/\/www.milosnicylasu.olsztyn.pl\/index.php?rest_route=\/wp\/v2\/posts\/7420","targetHints":{"allow":["GET"]}}],"collection":[{"href":"https:\/\/www.milosnicylasu.olsztyn.pl\/index.php?rest_route=\/wp\/v2\/posts"}],"about":[{"href":"https:\/\/www.milosnicylasu.olsztyn.pl\/index.php?rest_route=\/wp\/v2\/types\/post"}],"author":[{"embeddable":true,"href":"https:\/\/www.milosnicylasu.olsztyn.pl\/index.php?rest_route=\/wp\/v2\/users\/2"}],"replies":[{"embeddable":true,"href":"https:\/\/www.milosnicylasu.olsztyn.pl\/index.php?rest_route=%2Fwp%2Fv2%2Fcomments&post=7420"}],"version-history":[{"count":3,"href":"https:\/\/www.milosnicylasu.olsztyn.pl\/index.php?rest_route=\/wp\/v2\/posts\/7420\/revisions"}],"predecessor-version":[{"id":7423,"href":"https:\/\/www.milosnicylasu.olsztyn.pl\/index.php?rest_route=\/wp\/v2\/posts\/7420\/revisions\/7423"}],"wp:attachment":[{"href":"https:\/\/www.milosnicylasu.olsztyn.pl\/index.php?rest_route=%2Fwp%2Fv2%2Fmedia&parent=7420"}],"wp:term":[{"taxonomy":"category","embeddable":true,"href":"https:\/\/www.milosnicylasu.olsztyn.pl\/index.php?rest_route=%2Fwp%2Fv2%2Fcategories&post=7420"},{"taxonomy":"post_tag","embeddable":true,"href":"https:\/\/www.milosnicylasu.olsztyn.pl\/index.php?rest_route=%2Fwp%2Fv2%2Ftags&post=7420"}],"curies":[{"name":"wp","href":"https:\/\/api.w.org\/{rel}","templated":true}]}}