{"id":7424,"date":"2022-10-22T07:20:09","date_gmt":"2022-10-22T05:20:09","guid":{"rendered":"https:\/\/www.milosnicylasu.olsztyn.pl\/?p=7424"},"modified":"2022-10-22T07:35:22","modified_gmt":"2022-10-22T05:35:22","slug":"na-grzyby-2","status":"publish","type":"post","link":"https:\/\/www.milosnicylasu.olsztyn.pl\/?p=7424","title":{"rendered":"Na grzyby?"},"content":{"rendered":"<p><a href=\"https:\/\/www.milosnicylasu.olsztyn.pl\/wp-content\/uploads\/2021\/09\/20210912_181955-www.jpg\" data-rel=\"lightbox-image-0\" data-magnific_type=\"image\" data-rl_title=\"\" data-rl_caption=\"\" title=\"\"><img loading=\"lazy\" decoding=\"async\" class=\"size-medium wp-image-6548 alignleft\" src=\"https:\/\/www.milosnicylasu.olsztyn.pl\/wp-content\/uploads\/2021\/09\/20210912_181955-www-225x300.jpg\" alt=\"\" width=\"225\" height=\"300\" srcset=\"https:\/\/www.milosnicylasu.olsztyn.pl\/wp-content\/uploads\/2021\/09\/20210912_181955-www-225x300.jpg 225w, https:\/\/www.milosnicylasu.olsztyn.pl\/wp-content\/uploads\/2021\/09\/20210912_181955-www.jpg 768w\" sizes=\"auto, (max-width: 225px) 100vw, 225px\" \/><\/a><strong><a href=\"https:\/\/www.milosnicylasu.olsztyn.pl\/wp-content\/uploads\/2021\/10\/DSCN8383-www.jpg\" data-rel=\"lightbox-image-1\" data-magnific_type=\"image\" data-rl_title=\"\" data-rl_caption=\"\" title=\"\"><img loading=\"lazy\" decoding=\"async\" class=\"size-medium wp-image-6611 aligncenter\" src=\"https:\/\/www.milosnicylasu.olsztyn.pl\/wp-content\/uploads\/2021\/10\/DSCN8383-www-300x225.jpg\" alt=\"\" width=\"300\" height=\"225\" srcset=\"https:\/\/www.milosnicylasu.olsztyn.pl\/wp-content\/uploads\/2021\/10\/DSCN8383-www-300x225.jpg 300w, https:\/\/www.milosnicylasu.olsztyn.pl\/wp-content\/uploads\/2021\/10\/DSCN8383-www-768x576.jpg 768w, https:\/\/www.milosnicylasu.olsztyn.pl\/wp-content\/uploads\/2021\/10\/DSCN8383-www.jpg 1024w\" sizes=\"auto, (max-width: 300px) 100vw, 300px\" \/><\/a>O lesie\u00a0 na<\/strong> w<strong>eso\u0142o:<\/strong><br \/>\n<strong>Wybra\u0142 si\u0119 Kowalski na grzyby, Chodzi po lesie i chodzi. Tu borowik, a tam rydz, tu podgrzybki wygl\u0105daj\u0105 ze mchu, to znowu pod brzozami pyszni si\u0119 ko\u017alarz\u2026 Nie wiadomo kiedy i ca\u0142y kosz pe\u0142en. Szcz\u0119\u015bliwy chce wraca\u0107 do domu. Ale, ale\u2026 W kt\u00f3r\u0105 stron\u0119 ma i\u015b\u0107? Zgubi\u0142 si\u0119 biedaczysko. Na szcz\u0119\u015bcie mia\u0142 telefon. Wyj\u0105\u0142 kom\u00f3rk\u0119 , wybra\u0142 numer 112 i m\u00f3wi do dyspozytora:<a href=\"https:\/\/www.milosnicylasu.olsztyn.pl\/wp-content\/uploads\/2021\/08\/IMG-20210819-WA0002-www.jpg\" data-rel=\"lightbox-image-2\" data-magnific_type=\"image\" data-rl_title=\"\" data-rl_caption=\"\" title=\"\"><img loading=\"lazy\" decoding=\"async\" class=\"size-medium wp-image-6498 alignright\" src=\"https:\/\/www.milosnicylasu.olsztyn.pl\/wp-content\/uploads\/2021\/08\/IMG-20210819-WA0002-www-225x300.jpg\" alt=\"\" width=\"225\" height=\"300\" srcset=\"https:\/\/www.milosnicylasu.olsztyn.pl\/wp-content\/uploads\/2021\/08\/IMG-20210819-WA0002-www-225x300.jpg 225w, https:\/\/www.milosnicylasu.olsztyn.pl\/wp-content\/uploads\/2021\/08\/IMG-20210819-WA0002-www.jpg 768w\" sizes=\"auto, (max-width: 225px) 100vw, 225px\" \/><\/a><\/strong><br \/>\n<strong>\u2013 Zgubi\u0142em si\u0119 w lesie!<\/strong><br \/>\n<strong>-To krzycz pan , mo\u017ce kto\u015b us\u0142yszy i pomo\u017ce \u2013 pada odpowied\u017a.<\/strong><br \/>\n<strong>Biedak wrzeszczy z ca\u0142ych si\u0142:<\/strong><br \/>\n<strong>\u2013 Pomooocy! Pomooocy! Pomooocy!<\/strong><br \/>\n<strong>Nagle kto\u015b go tr\u0105ca w rami\u0119. Odwraca si\u0119, a tu nied\u017awied\u017a:<\/strong><br \/>\n<strong>\u2013 Czego tak wrzeszczysz? \u2013 pyta.<\/strong><br \/>\n<strong>\u2013 Zgubi\u0142em si\u0119 w lesie, to mo\u017ce kto\u015b mnie us\u0142yszy, przyjdzie i pomo\u017ce.<\/strong><br \/>\n<strong>\u2013 Us\u0142ysza\u0142em, przyszed\u0142em i co? Pomog\u0142o ci to?<a href=\"https:\/\/www.milosnicylasu.olsztyn.pl\/wp-content\/uploads\/2021\/08\/IMG-20210819-WA0004-www.jpg\" data-rel=\"lightbox-image-3\" data-magnific_type=\"image\" data-rl_title=\"\" data-rl_caption=\"\" title=\"\"><img loading=\"lazy\" decoding=\"async\" class=\"size-medium wp-image-6497 alignright\" src=\"https:\/\/www.milosnicylasu.olsztyn.pl\/wp-content\/uploads\/2021\/08\/IMG-20210819-WA0004-www-225x300.jpg\" alt=\"\" width=\"225\" height=\"300\" srcset=\"https:\/\/www.milosnicylasu.olsztyn.pl\/wp-content\/uploads\/2021\/08\/IMG-20210819-WA0004-www-225x300.jpg 225w, https:\/\/www.milosnicylasu.olsztyn.pl\/wp-content\/uploads\/2021\/08\/IMG-20210819-WA0004-www.jpg 768w\" sizes=\"auto, (max-width: 225px) 100vw, 225px\" \/><\/a><\/strong><br \/>\n<strong>__________________________________________________<\/strong><\/p>\n<div class=\"txt\">\n<div class=\"t\"><strong>Poszed\u0142 sobie facet na grzyby do lasu i tak spaceruje, spaceruje po tym lesie i nagle wdepn\u0105\u0142 w g\u00f3wno. No nic zdarza si\u0119 jak to w lesie, no idzie dalej i znowu wdepn\u0105\u0142 w g\u00f3wno, troch\u0119 wkurzony ale idzie dalej i znowu g\u00f3wno, wyciera buta o traw\u0119 idzie dalej, a tam znowu g\u00f3wno, wkurzony mocno ju\u017c nawet nie wyciera but\u00f3w. Co chwila g\u00f3wno, brnie tak w ten las g\u00f3wna ju\u017c prawie po kostki. Nagle spotyka le\u015bniczego.<\/strong><br \/>\n<strong>&#8211; Panie sk\u0105d tu tyle g\u00f3wien<\/strong><br \/>\n<strong>&#8211; A bo widzi pan kiedy\u015b w tym lesie by\u0142a wie\u017ca, w kt\u00f3rej uwi\u0119ziona by\u0142a ksi\u0119\u017cniczka i wielu \u015bmia\u0142k\u00f3w pr\u00f3bowa\u0142o j\u0105 uratowa\u0107 ale \u017caden nie da\u0142 rady si\u0119 wspi\u0105\u0107, a\u017c pewnego razu przyszed\u0142 jeden rycerz wspi\u0105\u0142 si\u0119 i uwolni\u0142 ksi\u0119\u017cniczk\u0119 ale schodz\u0105c spad\u0142 i z\u0142ama\u0142 sobie kark.<\/strong><br \/>\n<strong>&#8211; No dobra Panie ale co to ma wsp\u00f3lnego z g\u00f3wnami?<\/strong><br \/>\n<strong>&#8211; G\u00f3wna? A nie wiem pewnie kto\u015b nasra\u0142.<\/strong><\/div>\n<\/div>\n","protected":false},"excerpt":{"rendered":"<p>O lesie\u00a0 na weso\u0142o: Wybra\u0142 si\u0119 Kowalski na grzyby, Chodzi po lesie i chodzi. Tu borowik, a tam rydz, tu podgrzybki wygl\u0105daj\u0105 ze mchu, to znowu pod brzozami pyszni si\u0119 ko\u017alarz\u2026 Nie wiadomo kiedy i ca\u0142y kosz pe\u0142en. Szcz\u0119\u015bliwy chce wraca\u0107 do domu. Ale, ale\u2026 W kt\u00f3r\u0105 stron\u0119 ma i\u015b\u0107? Zgubi\u0142 si\u0119 biedaczysko. Na szcz\u0119\u015bcie [&hellip;]<\/p>\n","protected":false},"author":2,"featured_media":0,"comment_status":"open","ping_status":"open","sticky":false,"template":"","format":"standard","meta":{"footnotes":""},"categories":[1,9,16],"tags":[],"class_list":["post-7424","post","type-post","status-publish","format-standard","hentry","category-bez-kategorii","category-ciekawostki","category-zarty"],"_links":{"self":[{"href":"https:\/\/www.milosnicylasu.olsztyn.pl\/index.php?rest_route=\/wp\/v2\/posts\/7424","targetHints":{"allow":["GET"]}}],"collection":[{"href":"https:\/\/www.milosnicylasu.olsztyn.pl\/index.php?rest_route=\/wp\/v2\/posts"}],"about":[{"href":"https:\/\/www.milosnicylasu.olsztyn.pl\/index.php?rest_route=\/wp\/v2\/types\/post"}],"author":[{"embeddable":true,"href":"https:\/\/www.milosnicylasu.olsztyn.pl\/index.php?rest_route=\/wp\/v2\/users\/2"}],"replies":[{"embeddable":true,"href":"https:\/\/www.milosnicylasu.olsztyn.pl\/index.php?rest_route=%2Fwp%2Fv2%2Fcomments&post=7424"}],"version-history":[{"count":3,"href":"https:\/\/www.milosnicylasu.olsztyn.pl\/index.php?rest_route=\/wp\/v2\/posts\/7424\/revisions"}],"predecessor-version":[{"id":7427,"href":"https:\/\/www.milosnicylasu.olsztyn.pl\/index.php?rest_route=\/wp\/v2\/posts\/7424\/revisions\/7427"}],"wp:attachment":[{"href":"https:\/\/www.milosnicylasu.olsztyn.pl\/index.php?rest_route=%2Fwp%2Fv2%2Fmedia&parent=7424"}],"wp:term":[{"taxonomy":"category","embeddable":true,"href":"https:\/\/www.milosnicylasu.olsztyn.pl\/index.php?rest_route=%2Fwp%2Fv2%2Fcategories&post=7424"},{"taxonomy":"post_tag","embeddable":true,"href":"https:\/\/www.milosnicylasu.olsztyn.pl\/index.php?rest_route=%2Fwp%2Fv2%2Ftags&post=7424"}],"curies":[{"name":"wp","href":"https:\/\/api.w.org\/{rel}","templated":true}]}}