{"id":7433,"date":"2022-10-23T06:57:31","date_gmt":"2022-10-23T04:57:31","guid":{"rendered":"https:\/\/www.milosnicylasu.olsztyn.pl\/?p=7433"},"modified":"2022-10-23T07:02:47","modified_gmt":"2022-10-23T05:02:47","slug":"kolejny-pazdziernikowy-rajd-konkurs","status":"publish","type":"post","link":"https:\/\/www.milosnicylasu.olsztyn.pl\/?p=7433","title":{"rendered":"Kolejny pa\u017adziernikowy rajd, konkurs"},"content":{"rendered":"<p><strong><a href=\"https:\/\/www.milosnicylasu.olsztyn.pl\/wp-content\/uploads\/2005\/07\/20211024_pazdziernik.jpg\" data-rel=\"lightbox-image-0\" data-magnific_type=\"image\" data-rl_title=\"\" data-rl_caption=\"\" title=\"\"><img loading=\"lazy\" decoding=\"async\" class=\"size-medium wp-image-7349 alignleft\" src=\"https:\/\/www.milosnicylasu.olsztyn.pl\/wp-content\/uploads\/2005\/07\/20211024_pazdziernik-300x86.jpg\" alt=\"baner\" width=\"300\" height=\"86\" srcset=\"https:\/\/www.milosnicylasu.olsztyn.pl\/wp-content\/uploads\/2005\/07\/20211024_pazdziernik-300x86.jpg 300w, https:\/\/www.milosnicylasu.olsztyn.pl\/wp-content\/uploads\/2005\/07\/20211024_pazdziernik-1024x293.jpg 1024w, https:\/\/www.milosnicylasu.olsztyn.pl\/wp-content\/uploads\/2005\/07\/20211024_pazdziernik-768x220.jpg 768w, https:\/\/www.milosnicylasu.olsztyn.pl\/wp-content\/uploads\/2005\/07\/20211024_pazdziernik-1536x440.jpg 1536w, https:\/\/www.milosnicylasu.olsztyn.pl\/wp-content\/uploads\/2005\/07\/20211024_pazdziernik.jpg 1920w\" sizes=\"auto, (max-width: 300px) 100vw, 300px\" \/><\/a>Za nami kolejny, jesienny rajd -22\u00a0 pa\u017adziernika 2022 roku. I o dziwo przy sprzyjaj\u0105cej aurze. Okaza\u0142o si\u0119, \u017ce nie tylko &#8221; telewizja k\u0142amie&#8221;. Wiele wiadomo\u015bci internetowych i kom\u00f3rkowych przewidywa\u0142o deszcz. Co odwa\u017cniejsi wybrali si\u0119 jednak na rajd bior\u0105c parasole, pelerynki &#8211; zupe\u0142nie niepotrzebnie. Przeszli\u015bmy tradycyjn\u0105 tras\u0119 po w\u0142o\u015bciach Le\u015bnictwa Stary Dw\u00f3r , odpocz\u0119li\u015bmy przy wiacie. Dzi\u0119ki Antoniemu Jarczykowi, kt\u00f3ry wcze\u015bniej przyjecha\u0142 i rozpali\u0142 ognisko, mogli\u015bmy upiec kie\u0142baski . Dzi\u0119ki prezesowi , kt\u00f3ry przygotowa\u0142 konkurs z wiadomo\u015bci o Grunwaldzie, przypomnieli\u015bmy sobie wiele fakt\u00f3w dotycz\u0105cych jednej z najwi\u0119kszych bitew \u015bredniowiecznej Europy. Zwyci\u0119\u017cczyni\u0105 konkursu okaza\u0142a si\u0119 Stefania Jarczyk Gratulujemy! <a href=\"https:\/\/www.milosnicylasu.olsztyn.pl\/wp-content\/uploads\/2020\/10\/DSCN6629-www.jpg\" data-rel=\"lightbox-image-1\" data-magnific_type=\"image\" data-rl_title=\"\" data-rl_caption=\"\" title=\"\"><img loading=\"lazy\" decoding=\"async\" class=\"size-medium wp-image-5703 alignleft\" src=\"https:\/\/www.milosnicylasu.olsztyn.pl\/wp-content\/uploads\/2020\/10\/DSCN6629-www-225x300.jpg\" alt=\"\" width=\"225\" height=\"300\" srcset=\"https:\/\/www.milosnicylasu.olsztyn.pl\/wp-content\/uploads\/2020\/10\/DSCN6629-www-225x300.jpg 225w, https:\/\/www.milosnicylasu.olsztyn.pl\/wp-content\/uploads\/2020\/10\/DSCN6629-www.jpg 768w\" sizes=\"auto, (max-width: 225px) 100vw, 225px\" \/><\/a><a href=\"https:\/\/www.milosnicylasu.olsztyn.pl\/wp-content\/uploads\/2022\/10\/DSCN9819-www.jpg\" data-rel=\"lightbox-image-2\" data-magnific_type=\"image\" data-rl_title=\"\" data-rl_caption=\"\" title=\"\"><img loading=\"lazy\" decoding=\"async\" class=\"size-medium wp-image-7380 alignright\" src=\"https:\/\/www.milosnicylasu.olsztyn.pl\/wp-content\/uploads\/2022\/10\/DSCN9819-www-300x225.jpg\" alt=\"\" width=\"300\" height=\"225\" srcset=\"https:\/\/www.milosnicylasu.olsztyn.pl\/wp-content\/uploads\/2022\/10\/DSCN9819-www-300x225.jpg 300w, https:\/\/www.milosnicylasu.olsztyn.pl\/wp-content\/uploads\/2022\/10\/DSCN9819-www-768x576.jpg 768w, https:\/\/www.milosnicylasu.olsztyn.pl\/wp-content\/uploads\/2022\/10\/DSCN9819-www.jpg 1024w\" sizes=\"auto, (max-width: 300px) 100vw, 300px\" \/><\/a><\/strong><\/p>\n<p><strong>Jest jesie\u0144, w lesie jest uroczo. Co prawda gorzej z muzyk\u0105 &#8211; nie s\u0142ycha\u0107 wielu ptak\u00f3w, jelenie te\u017c chyba ju\u017c po rykowisku, ale drzewa cudnie szumi\u0105, li\u015bcie opadaj\u0105c szeleszcz\u0105&#8230;&#8230;&#8230;, a przede wszystkim jest bardzo kolorowo. Nie wiem dlaczego wiersze o jesieni s\u0105 takie smutne. Znalaz\u0142am jednak jeden z tych takich l\u017cejszych:<\/strong><\/p>\n<div id=\"lyric-header\" class=\"container\">\n<div class=\"row justify-content-center\">\n<div class=\"col-12 col-lg-8\">\n<h1><strong>Bursztynowy ptaszek<\/strong><\/h1>\n<\/div>\n<div class=\"col-12 col-lg-8\">\n<div class=\"meta--author-wrapper w-100 d-md-flex justify-content-between align-items-center\">\n<div><strong>Autor:<a class=\"author\" title=\"Tadeusz R\u00f3\u017cewicz\" href=\"https:\/\/poezja.org\/wz\/Tadeusz_Rozewicz\/\">Tadeusz R\u00f3\u017cewicz<\/a><\/strong><\/div>\n<\/div>\n<\/div>\n<\/div>\n<\/div>\n<div class=\"container\">\n<div class=\"row justify-content-center lyric-entry \">\n<div class=\"col-12 col-lg-8\">\n<div>\n<p><strong>Je\u00adsie\u0144 <\/strong><br \/>\n<strong>pta\u00adszek bursz\u00adty\u00adno\u00adwy <\/strong><br \/>\n<strong>przej\u00adrzy\u00adsty <\/strong><br \/>\n<strong>z ga\u00ad\u0142\u0105z\u00adki na ga\u00ad\u0142\u0105z\u00adk\u0119 <\/strong><br \/>\n<strong>nosi kro\u00adpl\u0119 z\u0142o\u00adta. <\/strong><\/p>\n<p><strong>Je\u00adsie\u0144 <\/strong><br \/>\n<strong>pta\u00adszek ru\u00adbi\u00adno\u00adwy <\/strong><br \/>\n<strong>\u015bwie\u00adtli\u00adsty <\/strong><br \/>\n<strong>z ga\u00ad\u0142\u0105z\u00adki na ga\u00ad\u0142\u0105z\u00adk\u0119 <\/strong><br \/>\n<strong>nosi kro\u00adpl\u0119 krwi. <\/strong><\/p>\n<p><strong>Je\u00adsie\u0144 <\/strong><br \/>\n<strong>pta\u00adszek la\u00adzu\u00adro\u00adwy <\/strong><br \/>\n<strong>umie\u00adra <\/strong><br \/>\n<strong>z ga\u00ad\u0142\u0105z\u00adki na ga\u00ad\u0142\u0105z\u00adk\u0119 <\/strong><br \/>\n<strong>kro\u00adpla desz\u00adczu spa\u00adda.<\/strong><\/p>\n<\/div>\n<\/div>\n<\/div>\n<p>&nbsp;<\/p>\n<\/div>\n","protected":false},"excerpt":{"rendered":"<p>Za nami kolejny, jesienny rajd -22\u00a0 pa\u017adziernika 2022 roku. I o dziwo przy sprzyjaj\u0105cej aurze. Okaza\u0142o si\u0119, \u017ce nie tylko &#8221; telewizja k\u0142amie&#8221;. Wiele wiadomo\u015bci internetowych i kom\u00f3rkowych przewidywa\u0142o deszcz. Co odwa\u017cniejsi wybrali si\u0119 jednak na rajd bior\u0105c parasole, pelerynki &#8211; zupe\u0142nie niepotrzebnie. Przeszli\u015bmy tradycyjn\u0105 tras\u0119 po w\u0142o\u015bciach Le\u015bnictwa Stary Dw\u00f3r , odpocz\u0119li\u015bmy przy wiacie. [&hellip;]<\/p>\n","protected":false},"author":2,"featured_media":0,"comment_status":"open","ping_status":"open","sticky":false,"template":"","format":"standard","meta":{"footnotes":""},"categories":[1,9,15,13,2],"tags":[],"class_list":["post-7433","post","type-post","status-publish","format-standard","hentry","category-bez-kategorii","category-ciekawostki","category-komkurs","category-konkursy","category-rajdy"],"_links":{"self":[{"href":"https:\/\/www.milosnicylasu.olsztyn.pl\/index.php?rest_route=\/wp\/v2\/posts\/7433","targetHints":{"allow":["GET"]}}],"collection":[{"href":"https:\/\/www.milosnicylasu.olsztyn.pl\/index.php?rest_route=\/wp\/v2\/posts"}],"about":[{"href":"https:\/\/www.milosnicylasu.olsztyn.pl\/index.php?rest_route=\/wp\/v2\/types\/post"}],"author":[{"embeddable":true,"href":"https:\/\/www.milosnicylasu.olsztyn.pl\/index.php?rest_route=\/wp\/v2\/users\/2"}],"replies":[{"embeddable":true,"href":"https:\/\/www.milosnicylasu.olsztyn.pl\/index.php?rest_route=%2Fwp%2Fv2%2Fcomments&post=7433"}],"version-history":[{"count":3,"href":"https:\/\/www.milosnicylasu.olsztyn.pl\/index.php?rest_route=\/wp\/v2\/posts\/7433\/revisions"}],"predecessor-version":[{"id":7437,"href":"https:\/\/www.milosnicylasu.olsztyn.pl\/index.php?rest_route=\/wp\/v2\/posts\/7433\/revisions\/7437"}],"wp:attachment":[{"href":"https:\/\/www.milosnicylasu.olsztyn.pl\/index.php?rest_route=%2Fwp%2Fv2%2Fmedia&parent=7433"}],"wp:term":[{"taxonomy":"category","embeddable":true,"href":"https:\/\/www.milosnicylasu.olsztyn.pl\/index.php?rest_route=%2Fwp%2Fv2%2Fcategories&post=7433"},{"taxonomy":"post_tag","embeddable":true,"href":"https:\/\/www.milosnicylasu.olsztyn.pl\/index.php?rest_route=%2Fwp%2Fv2%2Ftags&post=7433"}],"curies":[{"name":"wp","href":"https:\/\/api.w.org\/{rel}","templated":true}]}}