{"id":7439,"date":"2022-11-03T06:23:06","date_gmt":"2022-11-03T05:23:06","guid":{"rendered":"https:\/\/www.milosnicylasu.olsztyn.pl\/?p=7439"},"modified":"2022-11-03T06:23:19","modified_gmt":"2022-11-03T05:23:19","slug":"wiewiorka-szara-gatunek-inwazyjny","status":"publish","type":"post","link":"https:\/\/www.milosnicylasu.olsztyn.pl\/?p=7439","title":{"rendered":"Wiewi\u00f3rka szara -gatunek inwazyjny"},"content":{"rendered":"<p><strong>Wiewi\u00f3rki pospolite (\u0142ac. <em>Sciurus vulgaris<\/em>), jak sama nazwa wskazuje, wyst\u0119puj\u0105 powszechnie. W\u00a0Polsce mo\u017cna je spotka\u0107 na\u00a0terenie ca\u0142ego kraju<\/strong><\/p>\n<p><strong>Spotykamy je w lasach, parkach miejskich, na cmentarzach, w naszych ogrodach i na dzia\u0142kach. Jak wiele o nich wiemy?<\/strong><\/p>\n<p><strong>Na terenie Polski jedynym dziko \u017cyj\u0105cym gatunkiem wiewi\u00f3rki s\u0105 wiewi\u00f3rki pospolite, potocznie zwane r\u00f3wnie\u017c rudymi. Wiewi\u00f3rki szare (\u0142ac. <em>Sciurus carolinensis<\/em>) na\u00a0terenie Europy obecne s\u0105 w\u00a0Wielkiej Brytanii, Irlandii i\u00a0we\u00a0W\u0142oszech. Jest to\u00a0gatunek inwazyjny, czyli taki, kt\u00f3rego\u00a0wsiedlenie na\u00a0nowy teren w\u00a0du\u017cym stopniu zagra\u017ca populacjom rodzimych gatunk\u00f3w. Obecno\u015b\u0107 tego przybysza z\u00a0Ameryki P\u00f3\u0142nocnej powoduje, \u017ce\u00a0wyst\u0119puj\u0105ce na\u00a0tym samym terenie wiewi\u00f3rki pospolite przegrywaj\u0105 konkurencj\u0119, przez\u00a0co jest ich coraz mniej.<\/strong><\/p>\n<p><strong><a href=\"https:\/\/www.milosnicylasu.olsztyn.pl\/wp-content\/uploads\/2022\/11\/PB070777-www.jpg\" data-rel=\"lightbox-image-0\" data-magnific_type=\"image\" data-rl_title=\"\" data-rl_caption=\"\" title=\"\"><img loading=\"lazy\" decoding=\"async\" class=\"size-medium wp-image-7447 alignleft\" src=\"https:\/\/www.milosnicylasu.olsztyn.pl\/wp-content\/uploads\/2022\/11\/PB070777-www-300x225.jpg\" alt=\"\" width=\"300\" height=\"225\" srcset=\"https:\/\/www.milosnicylasu.olsztyn.pl\/wp-content\/uploads\/2022\/11\/PB070777-www-300x225.jpg 300w, https:\/\/www.milosnicylasu.olsztyn.pl\/wp-content\/uploads\/2022\/11\/PB070777-www-768x576.jpg 768w, https:\/\/www.milosnicylasu.olsztyn.pl\/wp-content\/uploads\/2022\/11\/PB070777-www.jpg 1024w\" sizes=\"auto, (max-width: 300px) 100vw, 300px\" \/><\/a><\/strong><\/p>\n<p><strong>A sk\u0105d wzi\u0119\u0142y si\u0119 wiewi\u00f3rki szare na terenie Europy? W Wielkiej Brytanii i Irlandii pojawi\u0142y si\u0119 pod koniec XIX wieku i by\u0142y one przywiezione z Ameryki P\u00f3\u0142nocnej jako prezenty \u015blubne i ozdoby ogrod\u00f3w. Szacuje si\u0119, ze przeprowadzono oko\u0142o 22 takich wsiedle\u0144, ostatnie w okresie mi\u0119dzywojennym. Od tego momentu populacja rodzimej wiewi\u00f3rki pospolitej na terenie Wysp Brytyjskich zacz\u0119\u0142a drastycznie si\u0119 zmniejsza\u0107, co trwa do tej pory. W wyniku rozwoju populacji konkurent\u00f3w z Ameryki, wiewi\u00f3rki pospolite wyst\u0119puj\u0105 obecnie g\u0142\u00f3wnie na terenie p\u00f3\u0142nocy Wielkiej Brytanii oraz zachodniej Irlandii, a zasi\u0119g ich wyst\u0119powania jest bez por\u00f3wnania mniejszy ni\u017c przed inwazj\u0105 wiewi\u00f3rek szarych.<\/strong><\/p>\n<p><a href=\"https:\/\/www.milosnicylasu.olsztyn.pl\/wp-content\/uploads\/2022\/11\/PB070782-www.jpg\" data-rel=\"lightbox-image-1\" data-magnific_type=\"image\" data-rl_title=\"\" data-rl_caption=\"\" title=\"\"><img loading=\"lazy\" decoding=\"async\" class=\"size-medium wp-image-7448 alignright\" src=\"https:\/\/www.milosnicylasu.olsztyn.pl\/wp-content\/uploads\/2022\/11\/PB070782-www-300x225.jpg\" alt=\"\" width=\"300\" height=\"225\" srcset=\"https:\/\/www.milosnicylasu.olsztyn.pl\/wp-content\/uploads\/2022\/11\/PB070782-www-300x225.jpg 300w, https:\/\/www.milosnicylasu.olsztyn.pl\/wp-content\/uploads\/2022\/11\/PB070782-www-768x576.jpg 768w, https:\/\/www.milosnicylasu.olsztyn.pl\/wp-content\/uploads\/2022\/11\/PB070782-www.jpg 1024w\" sizes=\"auto, (max-width: 300px) 100vw, 300px\" \/><\/a><\/p>\n<p><strong>Do W\u0142och wiewi\u00f3rki szare trafi\u0142y p\u00f3\u017aniej, wsiedlane by\u0142y wielokrotnie, pierwszy raz w czasie trwania II wojny \u015bwiatowej, a ostatnio w latach 90. ubieg\u0142ego wieku. Podobnie jak na Wyspy Brytyjskie, sprowadzane by\u0142y jako ozdoba park\u00f3w i ogrod\u00f3w. Obecnie wiewi\u00f3rki te z \u0142atwo\u015bci\u0105 zajmuj\u0105 tereny zamieszka\u0142e wcze\u015bniej przez wiewi\u00f3rki pospolite i kwesti\u0105 czasu jest ich rozprzestrzenienie si\u0119 na terenie Europy. Naukowcy i wiele organizacji podejmuj\u0105 szereg dzia\u0142a\u0144 w celu odnowienia populacji wiewi\u00f3rek pospolitych, co jednak jest bardzo trudne do osi\u0105gni\u0119cia.<\/strong><\/p>\n<p><strong>Zdj\u0119cia wiewi\u00f3rek szarych\u00a0 zrobi\u0142 Tolek Leszczy\u0144ski podczas pobytu w Londynie. Lubimy nasz\u0105 rud\u0105 wiewi\u00f3rk\u0119, kt\u00f3ra odwiedza nas na naszej dzia\u0142ce, nosimy jej orzechy&#8230;&#8230;&#8230;.ale zauroczy\u0142a nas\u00a0 te\u017c, nawet bardzo,\u00a0 ta szara.<\/strong><\/p>\n","protected":false},"excerpt":{"rendered":"<p>Wiewi\u00f3rki pospolite (\u0142ac. Sciurus vulgaris), jak sama nazwa wskazuje, wyst\u0119puj\u0105 powszechnie. W\u00a0Polsce mo\u017cna je spotka\u0107 na\u00a0terenie ca\u0142ego kraju Spotykamy je w lasach, parkach miejskich, na cmentarzach, w naszych ogrodach i na dzia\u0142kach. Jak wiele o nich wiemy? Na terenie Polski jedynym dziko \u017cyj\u0105cym gatunkiem wiewi\u00f3rki s\u0105 wiewi\u00f3rki pospolite, potocznie zwane r\u00f3wnie\u017c rudymi. Wiewi\u00f3rki szare (\u0142ac. [&hellip;]<\/p>\n","protected":false},"author":2,"featured_media":0,"comment_status":"open","ping_status":"open","sticky":false,"template":"","format":"standard","meta":{"footnotes":""},"categories":[1],"tags":[],"class_list":["post-7439","post","type-post","status-publish","format-standard","hentry","category-bez-kategorii"],"_links":{"self":[{"href":"https:\/\/www.milosnicylasu.olsztyn.pl\/index.php?rest_route=\/wp\/v2\/posts\/7439","targetHints":{"allow":["GET"]}}],"collection":[{"href":"https:\/\/www.milosnicylasu.olsztyn.pl\/index.php?rest_route=\/wp\/v2\/posts"}],"about":[{"href":"https:\/\/www.milosnicylasu.olsztyn.pl\/index.php?rest_route=\/wp\/v2\/types\/post"}],"author":[{"embeddable":true,"href":"https:\/\/www.milosnicylasu.olsztyn.pl\/index.php?rest_route=\/wp\/v2\/users\/2"}],"replies":[{"embeddable":true,"href":"https:\/\/www.milosnicylasu.olsztyn.pl\/index.php?rest_route=%2Fwp%2Fv2%2Fcomments&post=7439"}],"version-history":[{"count":2,"href":"https:\/\/www.milosnicylasu.olsztyn.pl\/index.php?rest_route=\/wp\/v2\/posts\/7439\/revisions"}],"predecessor-version":[{"id":7450,"href":"https:\/\/www.milosnicylasu.olsztyn.pl\/index.php?rest_route=\/wp\/v2\/posts\/7439\/revisions\/7450"}],"wp:attachment":[{"href":"https:\/\/www.milosnicylasu.olsztyn.pl\/index.php?rest_route=%2Fwp%2Fv2%2Fmedia&parent=7439"}],"wp:term":[{"taxonomy":"category","embeddable":true,"href":"https:\/\/www.milosnicylasu.olsztyn.pl\/index.php?rest_route=%2Fwp%2Fv2%2Fcategories&post=7439"},{"taxonomy":"post_tag","embeddable":true,"href":"https:\/\/www.milosnicylasu.olsztyn.pl\/index.php?rest_route=%2Fwp%2Fv2%2Ftags&post=7439"}],"curies":[{"name":"wp","href":"https:\/\/api.w.org\/{rel}","templated":true}]}}