{"id":744,"date":"2013-12-04T21:52:16","date_gmt":"2013-12-04T20:52:16","guid":{"rendered":"http:\/\/www.milosnicylasu.olsztyn.pl\/?p=744"},"modified":"2013-12-04T21:52:16","modified_gmt":"2013-12-04T20:52:16","slug":"zaproszenie-na-zebranie-2","status":"publish","type":"post","link":"https:\/\/www.milosnicylasu.olsztyn.pl\/?p=744","title":{"rendered":"Zaproszenie na zebranie"},"content":{"rendered":"<p>5 grudnia, o godzinie 15.00\u00a0w Regionalnej Dyrekcji Las\u00f3w Pa\u0144stwowych w Olsztynie odb\u0119dzie si\u0119 kolejne, w ramach czwartk\u00f3w ekologicznych, spotkanie Ko\u0142a . Wyk\u0142ad wyg\u0142osi przedstawiciel Regionalnej Dyrekcji Ochrony \u015arodowiska.\u00a0Serdecznie zapraszamy.<\/p>\n","protected":false},"excerpt":{"rendered":"<p>5 grudnia, o godzinie 15.00\u00a0w Regionalnej Dyrekcji Las\u00f3w Pa\u0144stwowych w Olsztynie odb\u0119dzie si\u0119 kolejne, w ramach czwartk\u00f3w ekologicznych, spotkanie Ko\u0142a . Wyk\u0142ad wyg\u0142osi przedstawiciel Regionalnej Dyrekcji Ochrony \u015arodowiska.\u00a0Serdecznie zapraszamy.<\/p>\n","protected":false},"author":1,"featured_media":0,"comment_status":"open","ping_status":"open","sticky":false,"template":"","format":"standard","meta":{"footnotes":""},"categories":[3],"tags":[],"class_list":["post-744","post","type-post","status-publish","format-standard","hentry","category-zebrania"],"_links":{"self":[{"href":"https:\/\/www.milosnicylasu.olsztyn.pl\/index.php?rest_route=\/wp\/v2\/posts\/744","targetHints":{"allow":["GET"]}}],"collection":[{"href":"https:\/\/www.milosnicylasu.olsztyn.pl\/index.php?rest_route=\/wp\/v2\/posts"}],"about":[{"href":"https:\/\/www.milosnicylasu.olsztyn.pl\/index.php?rest_route=\/wp\/v2\/types\/post"}],"author":[{"embeddable":true,"href":"https:\/\/www.milosnicylasu.olsztyn.pl\/index.php?rest_route=\/wp\/v2\/users\/1"}],"replies":[{"embeddable":true,"href":"https:\/\/www.milosnicylasu.olsztyn.pl\/index.php?rest_route=%2Fwp%2Fv2%2Fcomments&post=744"}],"version-history":[{"count":1,"href":"https:\/\/www.milosnicylasu.olsztyn.pl\/index.php?rest_route=\/wp\/v2\/posts\/744\/revisions"}],"predecessor-version":[{"id":745,"href":"https:\/\/www.milosnicylasu.olsztyn.pl\/index.php?rest_route=\/wp\/v2\/posts\/744\/revisions\/745"}],"wp:attachment":[{"href":"https:\/\/www.milosnicylasu.olsztyn.pl\/index.php?rest_route=%2Fwp%2Fv2%2Fmedia&parent=744"}],"wp:term":[{"taxonomy":"category","embeddable":true,"href":"https:\/\/www.milosnicylasu.olsztyn.pl\/index.php?rest_route=%2Fwp%2Fv2%2Fcategories&post=744"},{"taxonomy":"post_tag","embeddable":true,"href":"https:\/\/www.milosnicylasu.olsztyn.pl\/index.php?rest_route=%2Fwp%2Fv2%2Ftags&post=744"}],"curies":[{"name":"wp","href":"https:\/\/api.w.org\/{rel}","templated":true}]}}