{"id":7440,"date":"2022-10-29T20:05:28","date_gmt":"2022-10-29T18:05:28","guid":{"rendered":"https:\/\/www.milosnicylasu.olsztyn.pl\/?p=7440"},"modified":"2022-10-29T20:21:23","modified_gmt":"2022-10-29T18:21:23","slug":"pamietamy-o-zmarlych","status":"publish","type":"post","link":"https:\/\/www.milosnicylasu.olsztyn.pl\/?p=7440","title":{"rendered":"Pami\u0119tamy o zmar\u0142ych"},"content":{"rendered":"<p><strong><a href=\"https:\/\/www.milosnicylasu.olsztyn.pl\/wp-content\/uploads\/2022\/10\/DSCN9918-www.jpg\" data-rel=\"lightbox-image-0\" data-magnific_type=\"image\" data-rl_title=\"\" data-rl_caption=\"\" title=\"\"><img loading=\"lazy\" decoding=\"async\" class=\"size-medium wp-image-7442 alignleft\" src=\"https:\/\/www.milosnicylasu.olsztyn.pl\/wp-content\/uploads\/2022\/10\/DSCN9918-www-225x300.jpg\" alt=\"\" width=\"225\" height=\"300\" srcset=\"https:\/\/www.milosnicylasu.olsztyn.pl\/wp-content\/uploads\/2022\/10\/DSCN9918-www-225x300.jpg 225w, https:\/\/www.milosnicylasu.olsztyn.pl\/wp-content\/uploads\/2022\/10\/DSCN9918-www.jpg 768w\" sizes=\"auto, (max-width: 225px) 100vw, 225px\" \/><\/a>Ka\u017cdego roku, z okazji \u015awi\u0119ta Zmar\u0142ych, cz\u0142onkowie Ko\u0142a Mi\u0142o\u015bnik\u00f3w Lasu i Militari\u00f3w LOK przy ATW w Olsztynie odwiedzaj\u0105 miejsca poch\u00f3wku zmar\u0142ych o kt\u00f3rych ma\u0142o kto pami\u0119ta.W tym roku zapalili\u015bmy &#8222;\u015bwiate\u0142ka pami\u0119ci&#8221; 29 pa\u017adziernika 2022 roku, na terenie Le\u015bnictwa Stary Dw\u00f3r, w Nadle\u015bnictwie Kudypy.<a href=\"https:\/\/www.milosnicylasu.olsztyn.pl\/wp-content\/uploads\/2022\/10\/DSCN9909-www.jpg\" data-rel=\"lightbox-image-1\" data-magnific_type=\"image\" data-rl_title=\"\" data-rl_caption=\"\" title=\"\"><img loading=\"lazy\" decoding=\"async\" class=\"size-medium wp-image-7444 alignright\" src=\"https:\/\/www.milosnicylasu.olsztyn.pl\/wp-content\/uploads\/2022\/10\/DSCN9909-www-300x225.jpg\" alt=\"\" width=\"300\" height=\"225\" srcset=\"https:\/\/www.milosnicylasu.olsztyn.pl\/wp-content\/uploads\/2022\/10\/DSCN9909-www-300x225.jpg 300w, https:\/\/www.milosnicylasu.olsztyn.pl\/wp-content\/uploads\/2022\/10\/DSCN9909-www-768x576.jpg 768w, https:\/\/www.milosnicylasu.olsztyn.pl\/wp-content\/uploads\/2022\/10\/DSCN9909-www.jpg 1024w\" sizes=\"auto, (max-width: 300px) 100vw, 300px\" \/><\/a><\/strong><\/p>\n<p><strong>I kilka ciekawostek dotycz\u0105cych tego \u015awi\u0119ta.<\/strong><\/p>\n<p><strong>Dzie\u0144 Wszystkich \u015awi\u0119tych obchodzony jest w Ko\u015bciele katolickim od IX wieku. Wyznaczy\u0142 je na 1 listopada papie\u017c Grzegorz IV w 837 roku.<\/strong><\/p>\n<p><strong>Ko\u015bci\u00f3\u0142 wspomina w tym dniu nie tylko oficjalnie uznanych \u015bwi\u0119tych, czyli beatyfikowanych i kanonizowanych, ale tak\u017ce wszystkich wiernych zmar\u0142ych, kt\u00f3rych \u017cycie nacechowane by\u0142o \u015bwi\u0119to\u015bci\u0105. Ko\u015bci\u00f3\u0142 widzi w nich swych or\u0119downik\u00f3w u Boga i przyk\u0142ady do na\u015bladowania. Wstawiennictwa Wszystkich \u015awi\u0119tych wzywa si\u0119 w szczeg\u00f3lnie wa\u017cnych wydarzeniach z \u017cycia Ko\u015bcio\u0142a. \u015apiewa si\u0119 w\u00f3wczas Litani\u0119 do Wszystkich \u015awi\u0119tych, kt\u00f3ra nale\u017cy do najstarszych litanijnych modlitw Ko\u015bcio\u0142a.<\/strong><\/p>\n<p><strong>1 listopada ludzie przychodz\u0105 na cmentarze, aby zapali\u0107 znicze i pomodli\u0107 si\u0119 za zmar\u0142ych &#8211; najbli\u017cszych i przyjaci\u00f3\u0142. Jest to te\u017c \u015bwi\u0119to obchodzone przez cz\u0119\u015b\u0107 innych wyzna\u0144, a tak\u017ce zwyczaj praktykowany przez osoby bezwyznaniowe i niewierz\u0105ce, maj\u0105cy by\u0107 wyrazem pami\u0119ci oraz oddania czci i szacunku zmar\u0142ym.<\/strong><\/p>\n<p><strong>\u015awi\u0119to to by\u0142o r\u00f3wnie\u017c w czasach PRL dniem wolnym od pracy, ale oficjalnie starano si\u0119 nada\u0107 mu charakter \u015bwiecki i nazywano go dniem Wszystkich Zmar\u0142ych b\u0105d\u017a \u015awi\u0119tem Zmar\u0142ych.<\/strong><\/p>\n<p><strong>W Polsce jeszcze na pocz\u0105tku XX wieku podczas uroczysto\u015bci Wszystkich \u015awi\u0119tych szczeg\u00f3ln\u0105 czci\u0105 otaczano \u017cebrak\u00f3w i tzw. proszalnych dziad\u00f3w, siedz\u0105cych zazwyczaj przed wej\u015bciem do ko\u015bcio\u0142\u00f3w i na cmentarzach. Na t\u0119 okazj\u0119 gospodynie wypieka\u0142y specjalne ma\u0142e chlebki, zwane powa\u0142kami lub heretyczkami. Pieczono je dzie\u0144 lub dwa wcze\u015bniej, gdy\u017c 1 listopada, gdy dusze przodk\u00f3w wraca\u0142y do swoich dom\u00f3w, nie wolno by\u0142o rozpala\u0107 ognia. Piec mia\u0142 by\u0107 bowiem ulubionym miejscem przebywania duch\u00f3w. Uwa\u017cano, \u017ce je\u015bli kto\u015b tego dnia piecze chleb, domostwu grozi po\u017car.<\/strong><\/p>\n<p><strong>Zgodnie z tradycj\u0105 wypiekano tyle chlebk\u00f3w, ilu by\u0142o zmar\u0142ych w rodzinie. Wr\u0119czaj\u0105c chlebki \u017cebrakom, uwa\u017canym za osoby utrzymuj\u0105ce kontakt z za\u015bwiatami, proszono ich, aby modlili si\u0119 za dusze zmar\u0142ych. W niekt\u00f3rych regionach Polski dawano \u017cebrakom tak\u017ce kasz\u0119, mi\u0119so i ser. Chlebek ofiarowywany by\u0142 r\u00f3wnie\u017c ksi\u0119dzu, by modli\u0142 si\u0119 w intencji dusz tych zmar\u0142ych, o kt\u00f3rych nikt nie pami\u0119ta\u0142.<\/strong><\/p>\n<p><strong>Wieczorem 1 listopada rodzina gromadzi\u0142a si\u0119 w domu na modlitw\u0119 w intencji zmar\u0142ych. Gospodynie na stole od\u015bwi\u0119tnie przykrytym bia\u0142ym obrusem pozostawia\u0142y chlebki, aby zmarli &#8222;odwiedzaj\u0105cy&#8221; dom nie odeszli g\u0142odni. Zwyczaj &#8222;karmienia zmar\u0142ych&#8221; wyr\u00f3s\u0142 z tradycji przedchrze\u015bcija\u0144skiej, gdy na grobach stawiano chleb, mi\u00f3d i kasz\u0119. Cz\u0119sto urz\u0105dzano na cmentarzach lub w pobliskiej kaplicy uroczysto\u015bci &#8222;dziad\u00f3w&#8221;. Wywo\u0142ywano dusze zmar\u0142ych, zastawiano jad\u0142em sto\u0142y i \u015bpiewano &#8211; uwa\u017caj\u0105c, \u017ce to przyniesie ulg\u0119 duszom.<\/strong><\/p>\n<p><strong>Innym akcentem \u015bwi\u0119ta by\u0142o palenie ognisk. Pocz\u0105tkowo p\u0142on\u0119\u0142y one na rozstajach dr\u00f3g, wskazuj\u0105c kierunek w\u0119druj\u0105cym duszom, kt\u00f3re przy ogniu mog\u0142y si\u0119 ogrza\u0107. Na prze\u0142omie XVI i XVII wieku zacz\u0119to pali\u0107 ogie\u0144 na grobach.<\/strong><\/p>\n<p><strong>Nast\u0119pnego dnia po Wszystkich \u015awi\u0119tych (2 listopada) obchodzony jest dzie\u0144 wspominania zmar\u0142ych (Dzie\u0144 Zaduszny). Dla chrze\u015bcijan jest to dzie\u0144 modlitw za wszystkich wierz\u0105cych w Chrystusa, kt\u00f3rzy odeszli ju\u017c z tego \u015bwiata, ale przebywaj\u0105 w czy\u015b\u0107cu i potrzebuj\u0105 naszej modlitwy, by mogli dost\u0105pi\u0107 zbawienia.<\/strong><\/p>\n<p>&nbsp;<\/p>\n","protected":false},"excerpt":{"rendered":"<p>Ka\u017cdego roku, z okazji \u015awi\u0119ta Zmar\u0142ych, cz\u0142onkowie Ko\u0142a Mi\u0142o\u015bnik\u00f3w Lasu i Militari\u00f3w LOK przy ATW w Olsztynie odwiedzaj\u0105 miejsca poch\u00f3wku zmar\u0142ych o kt\u00f3rych ma\u0142o kto pami\u0119ta.W tym roku zapalili\u015bmy &#8222;\u015bwiate\u0142ka pami\u0119ci&#8221; 29 pa\u017adziernika 2022 roku, na terenie Le\u015bnictwa Stary Dw\u00f3r, w Nadle\u015bnictwie Kudypy. I kilka ciekawostek dotycz\u0105cych tego \u015awi\u0119ta. Dzie\u0144 Wszystkich \u015awi\u0119tych obchodzony jest w [&hellip;]<\/p>\n","protected":false},"author":2,"featured_media":0,"comment_status":"open","ping_status":"open","sticky":false,"template":"","format":"standard","meta":{"footnotes":""},"categories":[1,9,2],"tags":[],"class_list":["post-7440","post","type-post","status-publish","format-standard","hentry","category-bez-kategorii","category-ciekawostki","category-rajdy"],"_links":{"self":[{"href":"https:\/\/www.milosnicylasu.olsztyn.pl\/index.php?rest_route=\/wp\/v2\/posts\/7440","targetHints":{"allow":["GET"]}}],"collection":[{"href":"https:\/\/www.milosnicylasu.olsztyn.pl\/index.php?rest_route=\/wp\/v2\/posts"}],"about":[{"href":"https:\/\/www.milosnicylasu.olsztyn.pl\/index.php?rest_route=\/wp\/v2\/types\/post"}],"author":[{"embeddable":true,"href":"https:\/\/www.milosnicylasu.olsztyn.pl\/index.php?rest_route=\/wp\/v2\/users\/2"}],"replies":[{"embeddable":true,"href":"https:\/\/www.milosnicylasu.olsztyn.pl\/index.php?rest_route=%2Fwp%2Fv2%2Fcomments&post=7440"}],"version-history":[{"count":3,"href":"https:\/\/www.milosnicylasu.olsztyn.pl\/index.php?rest_route=\/wp\/v2\/posts\/7440\/revisions"}],"predecessor-version":[{"id":7445,"href":"https:\/\/www.milosnicylasu.olsztyn.pl\/index.php?rest_route=\/wp\/v2\/posts\/7440\/revisions\/7445"}],"wp:attachment":[{"href":"https:\/\/www.milosnicylasu.olsztyn.pl\/index.php?rest_route=%2Fwp%2Fv2%2Fmedia&parent=7440"}],"wp:term":[{"taxonomy":"category","embeddable":true,"href":"https:\/\/www.milosnicylasu.olsztyn.pl\/index.php?rest_route=%2Fwp%2Fv2%2Fcategories&post=7440"},{"taxonomy":"post_tag","embeddable":true,"href":"https:\/\/www.milosnicylasu.olsztyn.pl\/index.php?rest_route=%2Fwp%2Fv2%2Ftags&post=7440"}],"curies":[{"name":"wp","href":"https:\/\/api.w.org\/{rel}","templated":true}]}}