{"id":7451,"date":"2022-11-04T07:13:52","date_gmt":"2022-11-04T06:13:52","guid":{"rendered":"https:\/\/www.milosnicylasu.olsztyn.pl\/?p=7451"},"modified":"2022-11-04T16:24:42","modified_gmt":"2022-11-04T15:24:42","slug":"ciekawe-hobby-ktore-przenosi-do-dawnych-czasow-w-swiecie-rycerzy","status":"publish","type":"post","link":"https:\/\/www.milosnicylasu.olsztyn.pl\/?p=7451","title":{"rendered":"Ciekawe hobby , kt\u00f3re przenosi do dawnych czas\u00f3w &#8211; w \u015bwiecie rycerzy"},"content":{"rendered":"<p><strong><a href=\"https:\/\/www.milosnicylasu.olsztyn.pl\/wp-content\/uploads\/2022\/11\/Tunika-z-krzyzem-www.jpg\" data-rel=\"lightbox-image-0\" data-magnific_type=\"image\" data-rl_title=\"\" data-rl_caption=\"\" title=\"\"><img loading=\"lazy\" decoding=\"async\" class=\"size-medium wp-image-7455 alignleft\" src=\"https:\/\/www.milosnicylasu.olsztyn.pl\/wp-content\/uploads\/2022\/11\/Tunika-z-krzyzem-www-169x300.jpg\" alt=\"\" width=\"169\" height=\"300\" srcset=\"https:\/\/www.milosnicylasu.olsztyn.pl\/wp-content\/uploads\/2022\/11\/Tunika-z-krzyzem-www-169x300.jpg 169w, https:\/\/www.milosnicylasu.olsztyn.pl\/wp-content\/uploads\/2022\/11\/Tunika-z-krzyzem-www.jpg 576w\" sizes=\"auto, (max-width: 169px) 100vw, 169px\" \/><\/a>Na g\u0142owie he\u0142m z doczepion\u0105 kolczug\u0105. Do tego zbroja, odpowiednie buty, ko\u0142czan, ozdoby i najwa\u017cniejsze: miecz. Str\u00f3j rycerski gotowy. Hobby osadzone w tradycji \u015bredniowiecznej to nie tylko lekcja historii, ale tak\u017ce \u015bwietna forma sp\u0119dzania wolnego czasu. <\/strong><\/p>\n<p><strong>Podczas zebrania 3 listopada 2022 roku w Regionalnej Dyrekcji Las\u00f3w Pa\u0144stwowych w Olsztynie, cz\u0142onkowie Ko\u0142a Mi\u0142o\u015bnik\u00f3w Lasu i Militari\u00f3w LOK przy ATW w Olsztynie \u00a0spotkali si\u0119\u00a0 z Panem Jaros\u0142awem Turkiem i\u00a0 Panem Mariuszem Dawidowiczem &#8211; komendantem Stra\u017cy Le\u015bnej w Nadle\u015bnictwie Kudypy, kt\u00f3ry opowiada\u0142 o swojej pasji. Opowie\u015b\u0107 pozwoli\u0142a nam przenie\u015b\u0107 si\u0119 w czasy \u015bredniowiecza. Zobaczyli\u015bmy kolejne elementy ubrania, zbroj\u0119, miecz, sakiewk\u0119, pas\u00a0 \u2026\u2026Dowiedzieli\u015bmy si\u0119 z jakich materia\u0142\u00f3w i w jaki spos\u00f3b zosta\u0142o wykonane. Niekt\u00f3rzy z nas \u00a0pr\u00f3bowa\u0142a przymierzy\u0107 prezentowane elementy, ale by\u0142y bardzo ci\u0119\u017ckie. <a href=\"https:\/\/www.milosnicylasu.olsztyn.pl\/wp-content\/uploads\/2022\/11\/Miecz-www-1.jpg\" data-rel=\"lightbox-image-1\" data-magnific_type=\"image\" data-rl_title=\"\" data-rl_caption=\"\" title=\"\"><img loading=\"lazy\" decoding=\"async\" class=\"size-medium wp-image-7460 alignright\" src=\"https:\/\/www.milosnicylasu.olsztyn.pl\/wp-content\/uploads\/2022\/11\/Miecz-www-1-300x169.jpg\" alt=\"\" width=\"300\" height=\"169\" srcset=\"https:\/\/www.milosnicylasu.olsztyn.pl\/wp-content\/uploads\/2022\/11\/Miecz-www-1-300x169.jpg 300w, https:\/\/www.milosnicylasu.olsztyn.pl\/wp-content\/uploads\/2022\/11\/Miecz-www-1-768x432.jpg 768w, https:\/\/www.milosnicylasu.olsztyn.pl\/wp-content\/uploads\/2022\/11\/Miecz-www-1-730x410.jpg 730w, https:\/\/www.milosnicylasu.olsztyn.pl\/wp-content\/uploads\/2022\/11\/Miecz-www-1.jpg 1024w\" sizes=\"auto, (max-width: 300px) 100vw, 300px\" \/><\/a><\/strong><\/p>\n<p><strong>\u00a0<\/strong><strong>Rycerskie hobby nie jest tanie, ale niezwykle ekscytuj\u0105ce.<\/strong><strong> To w du\u017cej mierze aktywne dzia\u0142anie, czyli spotkania, rekonstrukcje, turnieje, podczas kt\u00f3rych prezentuje si\u0119 swoje okazy w prawdziwej konfrontacji. <\/strong><\/p>\n<p><strong>Cena zbroi waha si\u0119 od kilku do kilkunastu, a nawet kilkudziesi\u0119ciu tysi\u0119cy z\u0142otych. <\/strong><\/p>\n<p><a href=\"https:\/\/www.milosnicylasu.olsztyn.pl\/wp-content\/uploads\/2022\/11\/Nagolennik-www-1.jpg\" data-rel=\"lightbox-image-2\" data-magnific_type=\"image\" data-rl_title=\"\" data-rl_caption=\"\" title=\"\"><img loading=\"lazy\" decoding=\"async\" class=\"size-medium wp-image-7461 aligncenter\" src=\"https:\/\/www.milosnicylasu.olsztyn.pl\/wp-content\/uploads\/2022\/11\/Nagolennik-www-1-300x169.jpg\" alt=\"\" width=\"300\" height=\"169\" srcset=\"https:\/\/www.milosnicylasu.olsztyn.pl\/wp-content\/uploads\/2022\/11\/Nagolennik-www-1-300x169.jpg 300w, https:\/\/www.milosnicylasu.olsztyn.pl\/wp-content\/uploads\/2022\/11\/Nagolennik-www-1-768x432.jpg 768w, https:\/\/www.milosnicylasu.olsztyn.pl\/wp-content\/uploads\/2022\/11\/Nagolennik-www-1-730x410.jpg 730w, https:\/\/www.milosnicylasu.olsztyn.pl\/wp-content\/uploads\/2022\/11\/Nagolennik-www-1.jpg 1024w\" sizes=\"auto, (max-width: 300px) 100vw, 300px\" \/><\/a><\/p>\n<p><strong>W zesz\u0142ym roku odby\u0142o si\u0119 w Polsce kilkadziesi\u0105t turniej\u00f3w rycerskich. Podczas nich uczestnicy brali udzia\u0142 w walkach rycerskich, zawodach \u0142uczniczych, jazdy konnej. Mamy nawet Rycersk\u0105 Kadr\u0119 Polski licz\u0105c\u0105 si\u0119 w \u015bwiecie rekonstrukcji rycerskich. Dzia\u0142a te\u017c Liga Walk Rycerskich. Niekt\u00f3rzy zarazili si\u0119 \u201erycerstwem\u201d, ogl\u0105daj\u0105c \u201eKrzy\u017cak\u00f3w\u201d, \u201eWiking\u00f3w\u201d czy \u201eRobin Hooda\u201d, inni czytaj\u0105c opowie\u015bci p\u0142aszcza i szpady. Dzisiaj takich, kt\u00f3rzy w weekendy zrzucaj\u0105 garnitury, stroje robocze i wk\u0142adaj\u0105 kolczugi, he\u0142my oraz bior\u0105 miecze w r\u0119ce, s\u0105 tysi\u0105ce.<a href=\"https:\/\/www.milosnicylasu.olsztyn.pl\/wp-content\/uploads\/2022\/11\/Rekawica-www1.jpg\" data-rel=\"lightbox-image-3\" data-magnific_type=\"image\" data-rl_title=\"\" data-rl_caption=\"\" title=\"\"><img loading=\"lazy\" decoding=\"async\" class=\"size-medium wp-image-7462 alignright\" src=\"https:\/\/www.milosnicylasu.olsztyn.pl\/wp-content\/uploads\/2022\/11\/Rekawica-www1-300x169.jpg\" alt=\"\" width=\"300\" height=\"169\" srcset=\"https:\/\/www.milosnicylasu.olsztyn.pl\/wp-content\/uploads\/2022\/11\/Rekawica-www1-300x169.jpg 300w, https:\/\/www.milosnicylasu.olsztyn.pl\/wp-content\/uploads\/2022\/11\/Rekawica-www1-768x432.jpg 768w, https:\/\/www.milosnicylasu.olsztyn.pl\/wp-content\/uploads\/2022\/11\/Rekawica-www1-730x410.jpg 730w, https:\/\/www.milosnicylasu.olsztyn.pl\/wp-content\/uploads\/2022\/11\/Rekawica-www1.jpg 1024w\" sizes=\"auto, (max-width: 300px) 100vw, 300px\" \/><\/a><\/strong><\/p>\n<p><strong>Tradycja turniej\u00f3w rycerskich si\u0119ga \u015bredniowiecza, ich ojczyzn\u0105 jest Francja. W Polsce na pewno odbywa\u0142y si\u0119 ju\u017c w XIII wieku. Dzi\u015b takie turnieje to najpopularniejsza forma spotka\u0144 \u2013 mo\u017ce poza bitewnymi konstrukcjami \u2013 mi\u0142o\u015bnik\u00f3w rycerstwa, hobbyst\u00f3w lubi\u0105cych przebiera\u0107 si\u0119 w stroje ze \u015bredniowiecza, kolekcjoner\u00f3w.<\/strong><\/p>\n<p><strong>\u00a0\u00a0\u00a0\u00a0\u00a0\u00a0\u00a0\u00a0\u00a0\u00a0\u00a0 Dzi\u0119kujemy Panu Mariuszowi za spotkanie, za przekazan\u0105 wiedz\u0119. Mamy nadziej\u0119, na nast\u0119pny historyczny wyk\u0142ad\u2026.. a mo\u017ce wokalny wyst\u0119p?<\/strong><\/p>\n<p><strong>Dla tych co nie byli na wyk\u0142adzie wyja\u015bniam, \u017ce na koniec spotkania us\u0142yszeli\u015bmy w wykonaniu Pana Mariusza fragment pie\u015bni, kt\u00f3ra ko\u0144czy\u0142a bitw\u0119 pod Grunwaldem. Gratulujemy g\u0142osu !<\/strong><\/p>\n<p><strong>Zdj\u0119cia wykona\u0142 Jasiu Filipek.<\/strong><\/p>\n","protected":false},"excerpt":{"rendered":"<p>Na g\u0142owie he\u0142m z doczepion\u0105 kolczug\u0105. Do tego zbroja, odpowiednie buty, ko\u0142czan, ozdoby i najwa\u017cniejsze: miecz. Str\u00f3j rycerski gotowy. Hobby osadzone w tradycji \u015bredniowiecznej to nie tylko lekcja historii, ale tak\u017ce \u015bwietna forma sp\u0119dzania wolnego czasu. Podczas zebrania 3 listopada 2022 roku w Regionalnej Dyrekcji Las\u00f3w Pa\u0144stwowych w Olsztynie, cz\u0142onkowie Ko\u0142a Mi\u0142o\u015bnik\u00f3w Lasu i Militari\u00f3w [&hellip;]<\/p>\n","protected":false},"author":2,"featured_media":0,"comment_status":"open","ping_status":"open","sticky":false,"template":"","format":"standard","meta":{"footnotes":""},"categories":[1,9,3],"tags":[],"class_list":["post-7451","post","type-post","status-publish","format-standard","hentry","category-bez-kategorii","category-ciekawostki","category-zebrania"],"_links":{"self":[{"href":"https:\/\/www.milosnicylasu.olsztyn.pl\/index.php?rest_route=\/wp\/v2\/posts\/7451","targetHints":{"allow":["GET"]}}],"collection":[{"href":"https:\/\/www.milosnicylasu.olsztyn.pl\/index.php?rest_route=\/wp\/v2\/posts"}],"about":[{"href":"https:\/\/www.milosnicylasu.olsztyn.pl\/index.php?rest_route=\/wp\/v2\/types\/post"}],"author":[{"embeddable":true,"href":"https:\/\/www.milosnicylasu.olsztyn.pl\/index.php?rest_route=\/wp\/v2\/users\/2"}],"replies":[{"embeddable":true,"href":"https:\/\/www.milosnicylasu.olsztyn.pl\/index.php?rest_route=%2Fwp%2Fv2%2Fcomments&post=7451"}],"version-history":[{"count":8,"href":"https:\/\/www.milosnicylasu.olsztyn.pl\/index.php?rest_route=\/wp\/v2\/posts\/7451\/revisions"}],"predecessor-version":[{"id":7466,"href":"https:\/\/www.milosnicylasu.olsztyn.pl\/index.php?rest_route=\/wp\/v2\/posts\/7451\/revisions\/7466"}],"wp:attachment":[{"href":"https:\/\/www.milosnicylasu.olsztyn.pl\/index.php?rest_route=%2Fwp%2Fv2%2Fmedia&parent=7451"}],"wp:term":[{"taxonomy":"category","embeddable":true,"href":"https:\/\/www.milosnicylasu.olsztyn.pl\/index.php?rest_route=%2Fwp%2Fv2%2Fcategories&post=7451"},{"taxonomy":"post_tag","embeddable":true,"href":"https:\/\/www.milosnicylasu.olsztyn.pl\/index.php?rest_route=%2Fwp%2Fv2%2Ftags&post=7451"}],"curies":[{"name":"wp","href":"https:\/\/api.w.org\/{rel}","templated":true}]}}