{"id":746,"date":"2013-12-06T10:54:12","date_gmt":"2013-12-06T09:54:12","guid":{"rendered":"http:\/\/www.milosnicylasu.olsztyn.pl\/?p=746"},"modified":"2013-12-09T22:44:02","modified_gmt":"2013-12-09T21:44:02","slug":"grudniowe-zebranie-kola","status":"publish","type":"post","link":"https:\/\/www.milosnicylasu.olsztyn.pl\/?p=746","title":{"rendered":"Grudniowe zebranie Ko\u0142a"},"content":{"rendered":"<p><a href=\"http:\/\/www.milosnicylasu.olsztyn.pl\/wp-content\/uploads\/2013\/12\/PC050278-www.jpg\" data-rel=\"lightbox-image-0\" data-magnific_type=\"image\" data-rl_title=\"\" data-rl_caption=\"\" title=\"\"><img loading=\"lazy\" decoding=\"async\" class=\"alignleft size-medium wp-image-747\" style=\"width: 277px;\" alt=\"PC050278-www\" src=\"http:\/\/www.milosnicylasu.olsztyn.pl\/wp-content\/uploads\/2013\/12\/PC050278-www-300x225.jpg\" width=\"300\" height=\"198\" \/><\/a><a href=\"http:\/\/www.milosnicylasu.olsztyn.pl\/wp-content\/uploads\/2013\/12\/PC0502870-www.jpg\" data-rel=\"lightbox-image-1\" data-magnific_type=\"image\" data-rl_title=\"\" data-rl_caption=\"\" title=\"\"><img loading=\"lazy\" decoding=\"async\" class=\"size-medium wp-image-750 alignright\" alt=\"PC0502870-www\" src=\"http:\/\/www.milosnicylasu.olsztyn.pl\/wp-content\/uploads\/2013\/12\/PC0502870-www-300x225.jpg\" width=\"300\" height=\"225\" srcset=\"https:\/\/www.milosnicylasu.olsztyn.pl\/wp-content\/uploads\/2013\/12\/PC0502870-www-300x225.jpg 300w, https:\/\/www.milosnicylasu.olsztyn.pl\/wp-content\/uploads\/2013\/12\/PC0502870-www-400x300.jpg 400w, https:\/\/www.milosnicylasu.olsztyn.pl\/wp-content\/uploads\/2013\/12\/PC0502870-www.jpg 1024w\" sizes=\"auto, (max-width: 300px) 100vw, 300px\" \/><\/a><a href=\"http:\/\/www.milosnicylasu.olsztyn.pl\/wp-content\/uploads\/2013\/12\/PC050293.jpg\" data-rel=\"lightbox-image-2\" data-magnific_type=\"image\" data-rl_title=\"\" data-rl_caption=\"\" title=\"\"><img loading=\"lazy\" decoding=\"async\" class=\"size-medium wp-image-751 alignright\" alt=\"PC050293\" src=\"http:\/\/www.milosnicylasu.olsztyn.pl\/wp-content\/uploads\/2013\/12\/PC050293-300x225.jpg\" width=\"300\" height=\"225\" srcset=\"https:\/\/www.milosnicylasu.olsztyn.pl\/wp-content\/uploads\/2013\/12\/PC050293-300x225.jpg 300w, https:\/\/www.milosnicylasu.olsztyn.pl\/wp-content\/uploads\/2013\/12\/PC050293-1024x768.jpg 1024w, https:\/\/www.milosnicylasu.olsztyn.pl\/wp-content\/uploads\/2013\/12\/PC050293-400x300.jpg 400w, https:\/\/www.milosnicylasu.olsztyn.pl\/wp-content\/uploads\/2013\/12\/PC050293.jpg 1280w\" sizes=\"auto, (max-width: 300px) 100vw, 300px\" \/><\/a><a href=\"http:\/\/www.milosnicylasu.olsztyn.pl\/wp-content\/uploads\/2013\/12\/PC060309-www.jpg\" data-rel=\"lightbox-image-3\" data-magnific_type=\"image\" data-rl_title=\"\" data-rl_caption=\"\" title=\"\"><img loading=\"lazy\" decoding=\"async\" class=\"alignleft size-medium wp-image-760\" alt=\"PC060309-www\" src=\"http:\/\/www.milosnicylasu.olsztyn.pl\/wp-content\/uploads\/2013\/12\/PC060309-www-300x225.jpg\" width=\"300\" height=\"225\" srcset=\"https:\/\/www.milosnicylasu.olsztyn.pl\/wp-content\/uploads\/2013\/12\/PC060309-www-300x225.jpg 300w, https:\/\/www.milosnicylasu.olsztyn.pl\/wp-content\/uploads\/2013\/12\/PC060309-www-400x300.jpg 400w, https:\/\/www.milosnicylasu.olsztyn.pl\/wp-content\/uploads\/2013\/12\/PC060309-www.jpg 1024w\" sizes=\"auto, (max-width: 300px) 100vw, 300px\" \/><\/a>W ramach czwartk\u00f3w ekologicznych, 5 grudnia 2013r, \u00a0odby\u0142o si\u0119 zebranie Ko\u0142a Mi\u0142o\u015bnik\u00f3w Lasu i Militari\u00f3w LOK przy ATW w Olsztynie, na kt\u00f3re przyby\u0142o 68 os\u00f3b. W czasie spotkania bardzo ciekawy temat: &#8222;Chro\u0144my gatunki ro\u015blin naczyniowych na Warmii i Mazurach&#8221; przedstawi\u0142\u00a0\u00a0\u00a0 Pan W\u0142odzimierz Pisarek z Regionalnej Dyrekcji Ochrony \u015arodowiska w Olsztynie.<\/p>\n<p>Bardzo uroczystym momentem czwartkowego spotkania by\u0142o wr\u0119czenie naszym cz\u0142onkom krzy\u017cy &#8221; Za zas\u0142ugi dla Klub\u00f3w \u017bo\u0142nierzy Rezerwy&#8221;, kt\u00f3re wr\u0119czy\u0142 Pan Jerzy Kowalski prezes Warmi\u0144sko-Mazurskiej Organizacji Wojew\u00f3dzkiej LOK w Olsztynie. Krzy\u017cami zostali uhonorowani:<\/p>\n<ul>\n<li>Grzegorz Kluczek,<\/li>\n<li>S\u0142awomir Brokowski,<\/li>\n<li>W\u0142odzimierz Siemianowski,<\/li>\n<li>Waldemar Chrzanowski,<\/li>\n<li>Leszek Kranc,<\/li>\n<li>Zdzis\u0142aw Zakrzewski,<\/li>\n<li>Jan Sosnowski.<\/li>\n<\/ul>\n<p>&nbsp;<\/p>\n<p>&nbsp;<\/p>\n<p>Br\u0105zowym Medalem &#8221; Za zas\u0142ugi dla obronno\u015bci kraju&#8221;,nadanym\u00a0decyzj\u0105 Ministra Obrony Narodowej, zosta\u0142 wyr\u00f3\u017cniony \u00a0\u00a0Tomasz Kicowski.<\/p>\n<p>&nbsp;<\/p>\n<p>&nbsp;<\/p>\n<p>&nbsp;<\/p>\n<p>Ryszardowi Chudziakiewiczowi zosta\u0142 wr\u0119czony puchar prezesa Ko\u0142a &#8222;Dla najlepszego strzelca&#8221;, kt\u00f3ry\u00a0zdoby\u0142 w zawodach listopadowych.<\/p>\n<p>W sprawach organizacyjnych Anatol Leszczy\u0144ski om\u00f3wi\u0142 realizacj\u0119 planu pracy w listopadzie i zamierzenia w grudniu. Przedstawi\u0142 r\u00f3wnie\u017c plan pracy Ko\u0142a na 2014 rok, kt\u00f3ry zosta\u0142 przeg\u0142osowany. Wszyscy cz\u0142onkowie Ko\u0142a otrzymaj\u0105 plan pracy na zebraniu styczniowym.<\/p>\n<p>&nbsp;<\/p>\n","protected":false},"excerpt":{"rendered":"<p>W ramach czwartk\u00f3w ekologicznych, 5 grudnia 2013r, \u00a0odby\u0142o si\u0119 zebranie Ko\u0142a Mi\u0142o\u015bnik\u00f3w Lasu i Militari\u00f3w LOK przy ATW w Olsztynie, na kt\u00f3re przyby\u0142o 68 os\u00f3b. W czasie spotkania bardzo ciekawy temat: &#8222;Chro\u0144my gatunki ro\u015blin naczyniowych na Warmii i Mazurach&#8221; przedstawi\u0142\u00a0\u00a0\u00a0 Pan W\u0142odzimierz Pisarek z Regionalnej Dyrekcji Ochrony \u015arodowiska w Olsztynie. Bardzo uroczystym momentem czwartkowego spotkania [&hellip;]<\/p>\n","protected":false},"author":1,"featured_media":0,"comment_status":"open","ping_status":"open","sticky":false,"template":"","format":"standard","meta":{"footnotes":""},"categories":[6,3],"tags":[],"class_list":["post-746","post","type-post","status-publish","format-standard","hentry","category-odznaczenia","category-zebrania"],"_links":{"self":[{"href":"https:\/\/www.milosnicylasu.olsztyn.pl\/index.php?rest_route=\/wp\/v2\/posts\/746","targetHints":{"allow":["GET"]}}],"collection":[{"href":"https:\/\/www.milosnicylasu.olsztyn.pl\/index.php?rest_route=\/wp\/v2\/posts"}],"about":[{"href":"https:\/\/www.milosnicylasu.olsztyn.pl\/index.php?rest_route=\/wp\/v2\/types\/post"}],"author":[{"embeddable":true,"href":"https:\/\/www.milosnicylasu.olsztyn.pl\/index.php?rest_route=\/wp\/v2\/users\/1"}],"replies":[{"embeddable":true,"href":"https:\/\/www.milosnicylasu.olsztyn.pl\/index.php?rest_route=%2Fwp%2Fv2%2Fcomments&post=746"}],"version-history":[{"count":12,"href":"https:\/\/www.milosnicylasu.olsztyn.pl\/index.php?rest_route=\/wp\/v2\/posts\/746\/revisions"}],"predecessor-version":[{"id":766,"href":"https:\/\/www.milosnicylasu.olsztyn.pl\/index.php?rest_route=\/wp\/v2\/posts\/746\/revisions\/766"}],"wp:attachment":[{"href":"https:\/\/www.milosnicylasu.olsztyn.pl\/index.php?rest_route=%2Fwp%2Fv2%2Fmedia&parent=746"}],"wp:term":[{"taxonomy":"category","embeddable":true,"href":"https:\/\/www.milosnicylasu.olsztyn.pl\/index.php?rest_route=%2Fwp%2Fv2%2Fcategories&post=746"},{"taxonomy":"post_tag","embeddable":true,"href":"https:\/\/www.milosnicylasu.olsztyn.pl\/index.php?rest_route=%2Fwp%2Fv2%2Ftags&post=746"}],"curies":[{"name":"wp","href":"https:\/\/api.w.org\/{rel}","templated":true}]}}