{"id":7467,"date":"2022-11-05T08:37:10","date_gmt":"2022-11-05T07:37:10","guid":{"rendered":"https:\/\/www.milosnicylasu.olsztyn.pl\/?p=7467"},"modified":"2022-11-05T08:37:40","modified_gmt":"2022-11-05T07:37:40","slug":"uwaga-zmiana-terminu-sobotniego-spotkania","status":"publish","type":"post","link":"https:\/\/www.milosnicylasu.olsztyn.pl\/?p=7467","title":{"rendered":"Uwaga: zmiana terminu sobotniego spotkania"},"content":{"rendered":"<p><a href=\"https:\/\/www.milosnicylasu.olsztyn.pl\/wp-content\/uploads\/2020\/10\/PA190120-www.jpg\" data-rel=\"lightbox-image-0\" data-magnific_type=\"image\" data-rl_title=\"\" data-rl_caption=\"\" title=\"\"><img loading=\"lazy\" decoding=\"async\" class=\"size-medium wp-image-5671 alignleft\" src=\"https:\/\/www.milosnicylasu.olsztyn.pl\/wp-content\/uploads\/2020\/10\/PA190120-www-300x169.jpg\" alt=\"\" width=\"300\" height=\"169\" srcset=\"https:\/\/www.milosnicylasu.olsztyn.pl\/wp-content\/uploads\/2020\/10\/PA190120-www-300x169.jpg 300w, https:\/\/www.milosnicylasu.olsztyn.pl\/wp-content\/uploads\/2020\/10\/PA190120-www-768x432.jpg 768w, https:\/\/www.milosnicylasu.olsztyn.pl\/wp-content\/uploads\/2020\/10\/PA190120-www-730x410.jpg 730w, https:\/\/www.milosnicylasu.olsztyn.pl\/wp-content\/uploads\/2020\/10\/PA190120-www.jpg 1024w\" sizes=\"auto, (max-width: 300px) 100vw, 300px\" \/><\/a><\/p>\n<p><strong>Z uwagi na wyj\u0105tkowo deszczow\u0105 aur\u0119 przeniesione zosta\u0142o planowe spotkanie z 5 listopada na 12 listopada 2022 roku. Program nie zmienia si\u0119 &#8211; obchody \u015awi\u0119ta Niepodleg\u0142o\u015bci z konkursem pie\u015bni patriotycznych. Troch\u0119 przez przypadek osoby, kt\u00f3re zg\u0142osi\u0142y si\u0119\u00a0 do konkursu maj\u0105 jeszcze tydzie\u0144 na szlifowanie swoich talent\u00f3w&#8230;&#8230;..Ach co to b\u0119dzie za poziom!<\/strong><\/p>\n<p><strong>Pozdrawiamy wszystkich i do zobaczenia za tydzie\u0144!<\/strong><\/p>\n<p><strong>Mamy nadziej\u0119,\u017ce za tydzie\u0144 b\u0119dzie taka pi\u0119kna jesie\u0144 jak na zdj\u0119ciu Tolka<\/strong><\/p>\n<p>&nbsp;<\/p>\n<p>&nbsp;<\/p>\n","protected":false},"excerpt":{"rendered":"<p>Z uwagi na wyj\u0105tkowo deszczow\u0105 aur\u0119 przeniesione zosta\u0142o planowe spotkanie z 5 listopada na 12 listopada 2022 roku. Program nie zmienia si\u0119 &#8211; obchody \u015awi\u0119ta Niepodleg\u0142o\u015bci z konkursem pie\u015bni patriotycznych. Troch\u0119 przez przypadek osoby, kt\u00f3re zg\u0142osi\u0142y si\u0119\u00a0 do konkursu maj\u0105 jeszcze tydzie\u0144 na szlifowanie swoich talent\u00f3w&#8230;&#8230;..Ach co to b\u0119dzie za poziom! Pozdrawiamy wszystkich i do [&hellip;]<\/p>\n","protected":false},"author":2,"featured_media":0,"comment_status":"open","ping_status":"open","sticky":false,"template":"","format":"standard","meta":{"footnotes":""},"categories":[1,9,17],"tags":[],"class_list":["post-7467","post","type-post","status-publish","format-standard","hentry","category-bez-kategorii","category-ciekawostki","category-edukacja-w-terenie"],"_links":{"self":[{"href":"https:\/\/www.milosnicylasu.olsztyn.pl\/index.php?rest_route=\/wp\/v2\/posts\/7467","targetHints":{"allow":["GET"]}}],"collection":[{"href":"https:\/\/www.milosnicylasu.olsztyn.pl\/index.php?rest_route=\/wp\/v2\/posts"}],"about":[{"href":"https:\/\/www.milosnicylasu.olsztyn.pl\/index.php?rest_route=\/wp\/v2\/types\/post"}],"author":[{"embeddable":true,"href":"https:\/\/www.milosnicylasu.olsztyn.pl\/index.php?rest_route=\/wp\/v2\/users\/2"}],"replies":[{"embeddable":true,"href":"https:\/\/www.milosnicylasu.olsztyn.pl\/index.php?rest_route=%2Fwp%2Fv2%2Fcomments&post=7467"}],"version-history":[{"count":2,"href":"https:\/\/www.milosnicylasu.olsztyn.pl\/index.php?rest_route=\/wp\/v2\/posts\/7467\/revisions"}],"predecessor-version":[{"id":7469,"href":"https:\/\/www.milosnicylasu.olsztyn.pl\/index.php?rest_route=\/wp\/v2\/posts\/7467\/revisions\/7469"}],"wp:attachment":[{"href":"https:\/\/www.milosnicylasu.olsztyn.pl\/index.php?rest_route=%2Fwp%2Fv2%2Fmedia&parent=7467"}],"wp:term":[{"taxonomy":"category","embeddable":true,"href":"https:\/\/www.milosnicylasu.olsztyn.pl\/index.php?rest_route=%2Fwp%2Fv2%2Fcategories&post=7467"},{"taxonomy":"post_tag","embeddable":true,"href":"https:\/\/www.milosnicylasu.olsztyn.pl\/index.php?rest_route=%2Fwp%2Fv2%2Ftags&post=7467"}],"curies":[{"name":"wp","href":"https:\/\/api.w.org\/{rel}","templated":true}]}}