{"id":7473,"date":"2022-11-06T18:26:04","date_gmt":"2022-11-06T17:26:04","guid":{"rendered":"https:\/\/www.milosnicylasu.olsztyn.pl\/?p=7473"},"modified":"2022-11-07T05:00:16","modified_gmt":"2022-11-07T04:00:16","slug":"przemijanie-2","status":"publish","type":"post","link":"https:\/\/www.milosnicylasu.olsztyn.pl\/?p=7473","title":{"rendered":"Przemijanie&#8230;&#8230;&#8230;&#8230;&#8230;&#8230;&#8230;&#8230;.."},"content":{"rendered":"<p><a href=\"https:\/\/www.milosnicylasu.olsztyn.pl\/wp-content\/uploads\/2022\/11\/PA310003-www.jpg\" data-rel=\"lightbox-image-0\" data-magnific_type=\"image\" data-rl_title=\"\" data-rl_caption=\"\" title=\"\"><img loading=\"lazy\" decoding=\"async\" class=\"size-medium wp-image-7472 alignleft\" src=\"https:\/\/www.milosnicylasu.olsztyn.pl\/wp-content\/uploads\/2022\/11\/PA310003-www-300x225.jpg\" alt=\"\" width=\"300\" height=\"225\" srcset=\"https:\/\/www.milosnicylasu.olsztyn.pl\/wp-content\/uploads\/2022\/11\/PA310003-www-300x225.jpg 300w, https:\/\/www.milosnicylasu.olsztyn.pl\/wp-content\/uploads\/2022\/11\/PA310003-www-768x576.jpg 768w, https:\/\/www.milosnicylasu.olsztyn.pl\/wp-content\/uploads\/2022\/11\/PA310003-www.jpg 1024w\" sizes=\"auto, (max-width: 300px) 100vw, 300px\" \/><\/a><\/p>\n<p><strong>S\u0142oneczniki &#8211; tak wygl\u0105daj\u0105 dzisiaj, a jak wygl\u0105da\u0142y na wiosn\u0119, latem ? Pami\u0119tacie? Nie, to przypomn\u0119<\/strong><\/p>\n<p><a href=\"https:\/\/www.milosnicylasu.olsztyn.pl\/wp-content\/uploads\/2022\/08\/P7310110-www.jpg\" data-rel=\"lightbox-image-1\" data-magnific_type=\"image\" data-rl_title=\"\" data-rl_caption=\"\" title=\"\"><img loading=\"lazy\" decoding=\"async\" class=\"size-medium wp-image-7245 alignright\" src=\"https:\/\/www.milosnicylasu.olsztyn.pl\/wp-content\/uploads\/2022\/08\/P7310110-www-300x225.jpg\" alt=\"\" width=\"300\" height=\"225\" srcset=\"https:\/\/www.milosnicylasu.olsztyn.pl\/wp-content\/uploads\/2022\/08\/P7310110-www-300x225.jpg 300w, https:\/\/www.milosnicylasu.olsztyn.pl\/wp-content\/uploads\/2022\/08\/P7310110-www-768x576.jpg 768w, https:\/\/www.milosnicylasu.olsztyn.pl\/wp-content\/uploads\/2022\/08\/P7310110-www.jpg 1024w\" sizes=\"auto, (max-width: 300px) 100vw, 300px\" \/><\/a><\/p>\n<p><strong>\u00a0<\/strong><\/p>\n<p><strong>S\u0142onecznik (Helianthus annuus) to okaza\u0142y kwiat, kt\u00f3ry roz\u015bwietli ka\u017cdy ogr\u00f3d i taras. Pochodzi z Ameryki Po\u0142udniowej oraz obszar\u00f3w dzisiejszego Peru i Meksyku. Kwiat ten, podobnie jak irys lub ja\u015bmin, jest ro\u015blin\u0105 po\u015bwi\u0119con\u0105 jednemu z bog\u00f3w. Dawniej uwa\u017cany by\u0142 za symbol boga S\u0142o\u0144ca. S\u0142onecznikami ozdabiano azteckie \u015bwi\u0105tynie, a kap\u0142anki nosi\u0142y wykonane z niego korony. Nazwa \u201cs\u0142onecznik\u201d jest wi\u0119c nieprzypadkowa. Intensywnie \u017c\u00f3\u0142te p\u0142atki swoim wygl\u0105dem przypominaj\u0105 promienie S\u0142o\u0144ca, a sama ro\u015blina, niezale\u017cnie od tego, jak zostanie ustawiona, wykr\u0119ca\u0107 b\u0119dzie si\u0119 w stron\u0119 \u015bwiat\u0142a.<\/strong><\/p>\n<p><a href=\"https:\/\/www.milosnicylasu.olsztyn.pl\/wp-content\/uploads\/2022\/08\/P7310104-www.jpg\" data-rel=\"lightbox-image-2\" data-magnific_type=\"image\" data-rl_title=\"\" data-rl_caption=\"\" title=\"\"><img loading=\"lazy\" decoding=\"async\" class=\"size-medium wp-image-7250 alignleft\" src=\"https:\/\/www.milosnicylasu.olsztyn.pl\/wp-content\/uploads\/2022\/08\/P7310104-www-300x225.jpg\" alt=\"\" width=\"300\" height=\"225\" srcset=\"https:\/\/www.milosnicylasu.olsztyn.pl\/wp-content\/uploads\/2022\/08\/P7310104-www-300x225.jpg 300w, https:\/\/www.milosnicylasu.olsztyn.pl\/wp-content\/uploads\/2022\/08\/P7310104-www-768x576.jpg 768w, https:\/\/www.milosnicylasu.olsztyn.pl\/wp-content\/uploads\/2022\/08\/P7310104-www.jpg 1024w\" sizes=\"auto, (max-width: 300px) 100vw, 300px\" \/><\/a><\/p>\n<p><strong>S\u0142onecznik mo\u017ce osi\u0105ga\u0107 nawet do 3 metr\u00f3w wysoko\u015bci, a jego kwiat mo\u017ce mie\u0107 a\u017c 60 cm \u015brednicy. Najcz\u0119\u015bciej jednak do naszych ogrod\u00f3w wybieramy mniej okaza\u0142e, dekoracyjne odmiany. S\u0142onecznik ma mocn\u0105 \u0142odyg\u0119 pokryt\u0105 delikatnymi w\u0142oskami, z kt\u00f3rej najcz\u0119\u015bciej wyrasta jeden kwiat. Wi\u0119kszo\u015bci os\u00f3b s\u0142oneczniki kojarz\u0105 si\u0119 od razu z intensywnie \u017c\u00f3\u0142tymi p\u0142atkami, jednak mog\u0105 one by\u0107 te\u017c pomara\u0144czowe lub br\u0105zowoczerwone, a niekiedy nawet dwukolorowe. Wewn\u0105trz kwiatostanu znajduje si\u0119 br\u0105zowe serce, w kt\u00f3rym, w przypadku odmian jadalnych, dojrzewaj\u0105 pestki, stanowi\u0105ce popularny i zdrowy przysmak. Ch\u0119tnie uprawiane s\u0105 te\u017c odmiany ozdobne, kt\u00f3rych nasiona nie nadaj\u0105 si\u0119 jednak do spo\u017cycia.<\/strong><\/p>\n<p><strong>Zdj\u0119cia s\u0105 autorstwa Anatola Leszczy\u0144skiego, wykonane podczas wyjazdu na Podlasie<\/strong><\/p>\n","protected":false},"excerpt":{"rendered":"<p>S\u0142oneczniki &#8211; tak wygl\u0105daj\u0105 dzisiaj, a jak wygl\u0105da\u0142y na wiosn\u0119, latem ? Pami\u0119tacie? Nie, to przypomn\u0119 \u00a0 S\u0142onecznik (Helianthus annuus) to okaza\u0142y kwiat, kt\u00f3ry roz\u015bwietli ka\u017cdy ogr\u00f3d i taras. Pochodzi z Ameryki Po\u0142udniowej oraz obszar\u00f3w dzisiejszego Peru i Meksyku. Kwiat ten, podobnie jak irys lub ja\u015bmin, jest ro\u015blin\u0105 po\u015bwi\u0119con\u0105 jednemu z bog\u00f3w. Dawniej uwa\u017cany by\u0142 [&hellip;]<\/p>\n","protected":false},"author":2,"featured_media":0,"comment_status":"open","ping_status":"open","sticky":false,"template":"","format":"standard","meta":{"footnotes":""},"categories":[1,9,17],"tags":[],"class_list":["post-7473","post","type-post","status-publish","format-standard","hentry","category-bez-kategorii","category-ciekawostki","category-edukacja-w-terenie"],"_links":{"self":[{"href":"https:\/\/www.milosnicylasu.olsztyn.pl\/index.php?rest_route=\/wp\/v2\/posts\/7473","targetHints":{"allow":["GET"]}}],"collection":[{"href":"https:\/\/www.milosnicylasu.olsztyn.pl\/index.php?rest_route=\/wp\/v2\/posts"}],"about":[{"href":"https:\/\/www.milosnicylasu.olsztyn.pl\/index.php?rest_route=\/wp\/v2\/types\/post"}],"author":[{"embeddable":true,"href":"https:\/\/www.milosnicylasu.olsztyn.pl\/index.php?rest_route=\/wp\/v2\/users\/2"}],"replies":[{"embeddable":true,"href":"https:\/\/www.milosnicylasu.olsztyn.pl\/index.php?rest_route=%2Fwp%2Fv2%2Fcomments&post=7473"}],"version-history":[{"count":5,"href":"https:\/\/www.milosnicylasu.olsztyn.pl\/index.php?rest_route=\/wp\/v2\/posts\/7473\/revisions"}],"predecessor-version":[{"id":7478,"href":"https:\/\/www.milosnicylasu.olsztyn.pl\/index.php?rest_route=\/wp\/v2\/posts\/7473\/revisions\/7478"}],"wp:attachment":[{"href":"https:\/\/www.milosnicylasu.olsztyn.pl\/index.php?rest_route=%2Fwp%2Fv2%2Fmedia&parent=7473"}],"wp:term":[{"taxonomy":"category","embeddable":true,"href":"https:\/\/www.milosnicylasu.olsztyn.pl\/index.php?rest_route=%2Fwp%2Fv2%2Fcategories&post=7473"},{"taxonomy":"post_tag","embeddable":true,"href":"https:\/\/www.milosnicylasu.olsztyn.pl\/index.php?rest_route=%2Fwp%2Fv2%2Ftags&post=7473"}],"curies":[{"name":"wp","href":"https:\/\/api.w.org\/{rel}","templated":true}]}}