{"id":7479,"date":"2022-11-07T05:43:00","date_gmt":"2022-11-07T04:43:00","guid":{"rendered":"https:\/\/www.milosnicylasu.olsztyn.pl\/?p=7479"},"modified":"2022-11-09T05:56:21","modified_gmt":"2022-11-09T04:56:21","slug":"choc-pomaluj-moj-swiat","status":"publish","type":"post","link":"https:\/\/www.milosnicylasu.olsztyn.pl\/?p=7479","title":{"rendered":"Cho\u0107 pomaluj m\u00f3j \u015bwiat&#8230;&#8230;."},"content":{"rendered":"<div>\n<div class=\"ujudUb\"><strong><a href=\"https:\/\/www.milosnicylasu.olsztyn.pl\/wp-content\/uploads\/2022\/11\/DSCN9922-www.jpg\" data-rel=\"lightbox-image-0\" data-magnific_type=\"image\" data-rl_title=\"\" data-rl_caption=\"\" title=\"\"><img loading=\"lazy\" decoding=\"async\" class=\"size-medium wp-image-7480 alignleft\" src=\"https:\/\/www.milosnicylasu.olsztyn.pl\/wp-content\/uploads\/2022\/11\/DSCN9922-www-300x225.jpg\" alt=\"\" width=\"300\" height=\"225\" srcset=\"https:\/\/www.milosnicylasu.olsztyn.pl\/wp-content\/uploads\/2022\/11\/DSCN9922-www-300x225.jpg 300w, https:\/\/www.milosnicylasu.olsztyn.pl\/wp-content\/uploads\/2022\/11\/DSCN9922-www-768x576.jpg 768w, https:\/\/www.milosnicylasu.olsztyn.pl\/wp-content\/uploads\/2022\/11\/DSCN9922-www.jpg 1024w\" sizes=\"auto, (max-width: 300px) 100vw, 300px\" \/><\/a>\u2026 <span class=\"Rxerq\">Piszesz mi w li\u015bcie, \u017ce kiedy pada,<\/span><\/strong><br aria-hidden=\"true\" \/><strong>Kiedy nasturcje na deszczu mokn\u0105,<\/strong><br aria-hidden=\"true\" \/><strong>Siadasz przy stole, wyjmujesz farby<\/strong><br aria-hidden=\"true\" \/><strong>I kolorowe otwierasz okno.<\/strong><br aria-hidden=\"true\" \/><strong>Trawy i drzewa s\u0105 takie szare,<\/strong><br aria-hidden=\"true\" \/><strong>Barw\u0119 popio\u0142u przybra\u0142y nieba.<\/strong><br aria-hidden=\"true\" \/><strong>W ciszy tak smutno, szepce zegarek<\/strong><br aria-hidden=\"true\" \/><strong>O czasie, co mi go nie potrzeba.<\/strong><\/div>\n<\/div>\n<div><\/div>\n<div><\/div>\n<div><\/div>\n<div>\n<div class=\"ujudUb\"><strong>\u2026 <span class=\"Rxerq\">Wi\u0119c chod\u017a, pomaluj m\u00f3j \u015bwiat<\/span><\/strong><br aria-hidden=\"true\" \/><strong>Na \u017c\u00f3\u0142to i na niebiesko,<\/strong><br aria-hidden=\"true\" \/><strong>Niech na niebie stanie t\u0119cza<\/strong><br aria-hidden=\"true\" \/><strong>Malowana twoj\u0105 kredk\u0105.<\/strong><br aria-hidden=\"true\" \/><strong>Wi\u0119c chod\u017a, pomaluj mi \u017cycie,<\/strong><br aria-hidden=\"true\" \/><strong>Niech \u015bwiat m\u00f3j si\u0119 zarumieni,<\/strong><br aria-hidden=\"true\" \/><strong>Niech mi zal\u015bni w pe\u0142nym s\u0142o\u0144cu,<\/strong><br aria-hidden=\"true\" \/><strong>Kolorami ca\u0142ej ziemi.<a href=\"https:\/\/www.milosnicylasu.olsztyn.pl\/wp-content\/uploads\/2022\/11\/DSCN9914-www.jpg\" data-rel=\"lightbox-image-1\" data-magnific_type=\"image\" data-rl_title=\"\" data-rl_caption=\"\" title=\"\"><img loading=\"lazy\" decoding=\"async\" class=\"size-medium wp-image-7498 alignright\" src=\"https:\/\/www.milosnicylasu.olsztyn.pl\/wp-content\/uploads\/2022\/11\/DSCN9914-www-300x225.jpg\" alt=\"\" width=\"300\" height=\"225\" srcset=\"https:\/\/www.milosnicylasu.olsztyn.pl\/wp-content\/uploads\/2022\/11\/DSCN9914-www-300x225.jpg 300w, https:\/\/www.milosnicylasu.olsztyn.pl\/wp-content\/uploads\/2022\/11\/DSCN9914-www-768x576.jpg 768w, https:\/\/www.milosnicylasu.olsztyn.pl\/wp-content\/uploads\/2022\/11\/DSCN9914-www.jpg 1024w\" sizes=\"auto, (max-width: 300px) 100vw, 300px\" \/><\/a><\/strong><\/div>\n<div class=\"ujudUb\"><strong><a href=\"https:\/\/www.milosnicylasu.olsztyn.pl\/wp-content\/uploads\/2022\/11\/DSCN9929-www.jpg\" data-rel=\"lightbox-image-2\" data-magnific_type=\"image\" data-rl_title=\"\" data-rl_caption=\"\" title=\"\"><img loading=\"lazy\" decoding=\"async\" class=\"size-medium wp-image-7481 alignleft\" src=\"https:\/\/www.milosnicylasu.olsztyn.pl\/wp-content\/uploads\/2022\/11\/DSCN9929-www-300x225.jpg\" alt=\"\" width=\"300\" height=\"225\" srcset=\"https:\/\/www.milosnicylasu.olsztyn.pl\/wp-content\/uploads\/2022\/11\/DSCN9929-www-300x225.jpg 300w, https:\/\/www.milosnicylasu.olsztyn.pl\/wp-content\/uploads\/2022\/11\/DSCN9929-www-768x576.jpg 768w, https:\/\/www.milosnicylasu.olsztyn.pl\/wp-content\/uploads\/2022\/11\/DSCN9929-www.jpg 1024w\" sizes=\"auto, (max-width: 300px) 100vw, 300px\" \/><\/a>\u2026 <span class=\"Rxerq\">Za si\u00f3dm\u0105 g\u00f3r\u0105, za si\u00f3dm\u0105 rzek\u0105,<\/span><\/strong><br aria-hidden=\"true\" \/><strong>Twoje sny zamieniasz na pejza\u017ce.<\/strong><br aria-hidden=\"true\" \/><strong>Niebem si\u0119 wlecze wyblak\u0142e s\u0142o\u0144ce,<\/strong><br aria-hidden=\"true\" \/><strong>O\u015bwietla ludzkie wyblak\u0142e twarze.<\/strong><\/div>\n<div class=\"ujudUb WRZytc\"><strong>\u2026 <span class=\"Rxerq\">Wi\u0119c chod\u017a, pomaluj m\u00f3j \u015bwiat<\/span><\/strong><br aria-hidden=\"true\" \/><strong>Na \u017c\u00f3\u0142to i na niebiesko,<\/strong><br aria-hidden=\"true\" \/><strong>Niech na niebie stanie t\u0119cza<\/strong><br aria-hidden=\"true\" \/><strong>Malowana twoj\u0105 kredk\u0105.<\/strong><br aria-hidden=\"true\" \/><strong>Wi\u0119c chod\u017a, pomaluj mi \u017cycie,<\/strong><br aria-hidden=\"true\" \/><strong>Niech \u015bwiat m\u00f3j si\u0119 zarumieni,<\/strong><br aria-hidden=\"true\" \/><strong>Niech mi zal\u015bni w pe\u0142nym s\u0142o\u0144cu,<\/strong><br aria-hidden=\"true\" \/><strong>\u00a0\u00a0\u00a0\u00a0\u00a0\u00a0\u00a0\u00a0\u00a0\u00a0\u00a0\u00a0\u00a0\u00a0\u00a0\u00a0\u00a0\u00a0\u00a0\u00a0\u00a0\u00a0\u00a0\u00a0 Kolorami ca\u0142ej ziemi.<\/strong><\/div>\n<\/div>\n","protected":false},"excerpt":{"rendered":"<p>\u2026 Piszesz mi w li\u015bcie, \u017ce kiedy pada,Kiedy nasturcje na deszczu mokn\u0105,Siadasz przy stole, wyjmujesz farbyI kolorowe otwierasz okno.Trawy i drzewa s\u0105 takie szare,Barw\u0119 popio\u0142u przybra\u0142y nieba.W ciszy tak smutno, szepce zegarekO czasie, co mi go nie potrzeba. \u2026 Wi\u0119c chod\u017a, pomaluj m\u00f3j \u015bwiatNa \u017c\u00f3\u0142to i na niebiesko,Niech na niebie stanie t\u0119czaMalowana twoj\u0105 kredk\u0105.Wi\u0119c chod\u017a, [&hellip;]<\/p>\n","protected":false},"author":2,"featured_media":0,"comment_status":"open","ping_status":"open","sticky":false,"template":"","format":"standard","meta":{"footnotes":""},"categories":[1,9,7],"tags":[],"class_list":["post-7479","post","type-post","status-publish","format-standard","hentry","category-bez-kategorii","category-ciekawostki","category-wiersze"],"_links":{"self":[{"href":"https:\/\/www.milosnicylasu.olsztyn.pl\/index.php?rest_route=\/wp\/v2\/posts\/7479","targetHints":{"allow":["GET"]}}],"collection":[{"href":"https:\/\/www.milosnicylasu.olsztyn.pl\/index.php?rest_route=\/wp\/v2\/posts"}],"about":[{"href":"https:\/\/www.milosnicylasu.olsztyn.pl\/index.php?rest_route=\/wp\/v2\/types\/post"}],"author":[{"embeddable":true,"href":"https:\/\/www.milosnicylasu.olsztyn.pl\/index.php?rest_route=\/wp\/v2\/users\/2"}],"replies":[{"embeddable":true,"href":"https:\/\/www.milosnicylasu.olsztyn.pl\/index.php?rest_route=%2Fwp%2Fv2%2Fcomments&post=7479"}],"version-history":[{"count":6,"href":"https:\/\/www.milosnicylasu.olsztyn.pl\/index.php?rest_route=\/wp\/v2\/posts\/7479\/revisions"}],"predecessor-version":[{"id":7500,"href":"https:\/\/www.milosnicylasu.olsztyn.pl\/index.php?rest_route=\/wp\/v2\/posts\/7479\/revisions\/7500"}],"wp:attachment":[{"href":"https:\/\/www.milosnicylasu.olsztyn.pl\/index.php?rest_route=%2Fwp%2Fv2%2Fmedia&parent=7479"}],"wp:term":[{"taxonomy":"category","embeddable":true,"href":"https:\/\/www.milosnicylasu.olsztyn.pl\/index.php?rest_route=%2Fwp%2Fv2%2Fcategories&post=7479"},{"taxonomy":"post_tag","embeddable":true,"href":"https:\/\/www.milosnicylasu.olsztyn.pl\/index.php?rest_route=%2Fwp%2Fv2%2Ftags&post=7479"}],"curies":[{"name":"wp","href":"https:\/\/api.w.org\/{rel}","templated":true}]}}