{"id":7486,"date":"2022-11-08T05:45:58","date_gmt":"2022-11-08T04:45:58","guid":{"rendered":"https:\/\/www.milosnicylasu.olsztyn.pl\/?p=7486"},"modified":"2022-11-08T05:49:28","modified_gmt":"2022-11-08T04:49:28","slug":"strzelamy-z-okazji-odzyskania-niepodleglosci","status":"publish","type":"post","link":"https:\/\/www.milosnicylasu.olsztyn.pl\/?p=7486","title":{"rendered":"Strzelamy z okazji odzyskania niepodleg\u0142o\u015bci"},"content":{"rendered":"<p><a href=\"https:\/\/www.milosnicylasu.olsztyn.pl\/wp-content\/uploads\/2022\/11\/PB070002-www.jpg\" data-rel=\"lightbox-image-0\" data-magnific_type=\"image\" data-rl_title=\"\" data-rl_caption=\"\" title=\"\"><img loading=\"lazy\" decoding=\"async\" class=\"size-medium wp-image-7487 alignleft\" src=\"https:\/\/www.milosnicylasu.olsztyn.pl\/wp-content\/uploads\/2022\/11\/PB070002-www-300x225.jpg\" alt=\"\" width=\"300\" height=\"225\" srcset=\"https:\/\/www.milosnicylasu.olsztyn.pl\/wp-content\/uploads\/2022\/11\/PB070002-www-300x225.jpg 300w, https:\/\/www.milosnicylasu.olsztyn.pl\/wp-content\/uploads\/2022\/11\/PB070002-www-768x576.jpg 768w, https:\/\/www.milosnicylasu.olsztyn.pl\/wp-content\/uploads\/2022\/11\/PB070002-www.jpg 1024w\" sizes=\"auto, (max-width: 300px) 100vw, 300px\" \/><\/a><\/p>\n<p><strong>Z okazji 104 rocznicy Odzyskania Niepodleg\u0142o\u015bci <\/strong><\/p>\n<p><strong>\u00a0\u00a0 w Kole Mi\u0142o\u015bnik\u00f3w Lasu i Militari\u00f3w LOK przy ATW w Olsztynie dnia 07 listopada 2022r.<\/strong><\/p>\n<p><strong>\u00a0\u00a0\u00a0\u00a0\u00a0\u00a0\u00a0\u00a0\u00a0\u00a0\u00a0\u00a0\u00a0\u00a0\u00a0 \u00a0Odby\u0142y si\u0119\u00a0\u00a0 \u201eZawody strzeleckie z broni sportowej\u201d<\/strong><\/p>\n<p><strong>Najlepszymi strzelcami okazali si\u0119:<\/strong><\/p>\n<ol>\n<li><strong>Anatol Leszczy\u0144ski<\/strong><\/li>\n<li><strong>Kazimierz Mi\u0142owski<\/strong><\/li>\n<li><strong>Teresa Milczarska<\/strong><\/li>\n<\/ol>\n<div id=\"attachment_7488\" style=\"width: 310px\" class=\"wp-caption alignleft\"><a href=\"https:\/\/www.milosnicylasu.olsztyn.pl\/wp-content\/uploads\/2022\/11\/PB070010-www.jpg\" data-rel=\"lightbox-image-1\" data-magnific_type=\"image\" data-rl_title=\"\" data-rl_caption=\"\" title=\"\"><img loading=\"lazy\" decoding=\"async\" aria-describedby=\"caption-attachment-7488\" class=\"size-medium wp-image-7488\" src=\"https:\/\/www.milosnicylasu.olsztyn.pl\/wp-content\/uploads\/2022\/11\/PB070010-www-300x225.jpg\" alt=\"\" width=\"300\" height=\"225\" srcset=\"https:\/\/www.milosnicylasu.olsztyn.pl\/wp-content\/uploads\/2022\/11\/PB070010-www-300x225.jpg 300w, https:\/\/www.milosnicylasu.olsztyn.pl\/wp-content\/uploads\/2022\/11\/PB070010-www-768x576.jpg 768w, https:\/\/www.milosnicylasu.olsztyn.pl\/wp-content\/uploads\/2022\/11\/PB070010-www.jpg 1024w\" sizes=\"auto, (max-width: 300px) 100vw, 300px\" \/><\/a><p id=\"caption-attachment-7488\" class=\"wp-caption-text\"><strong>.<\/strong><\/p><\/div>\n<p><strong>Prowadz\u0105cym zawody\u00a0 by\u0142 Instruktor strzelectwa sportowego J\u00f3zef Gazda<\/strong><\/p>\n<p><strong>Gratulujemy zwyci\u0119zcom zawod\u00f3w, pozosta\u0142ym\u00a0 uczestnikom \u017cyczymy wi\u0119kszego szcz\u0119\u015bcia na kolejnym spotkaniu.<\/strong><\/p>\n","protected":false},"excerpt":{"rendered":"<p>Z okazji 104 rocznicy Odzyskania Niepodleg\u0142o\u015bci \u00a0\u00a0 w Kole Mi\u0142o\u015bnik\u00f3w Lasu i Militari\u00f3w LOK przy ATW w Olsztynie dnia 07 listopada 2022r. \u00a0\u00a0\u00a0\u00a0\u00a0\u00a0\u00a0\u00a0\u00a0\u00a0\u00a0\u00a0\u00a0\u00a0\u00a0 \u00a0Odby\u0142y si\u0119\u00a0\u00a0 \u201eZawody strzeleckie z broni sportowej\u201d Najlepszymi strzelcami okazali si\u0119: Anatol Leszczy\u0144ski Kazimierz Mi\u0142owski Teresa Milczarska Prowadz\u0105cym zawody\u00a0 by\u0142 Instruktor strzelectwa sportowego J\u00f3zef Gazda Gratulujemy zwyci\u0119zcom zawod\u00f3w, pozosta\u0142ym\u00a0 uczestnikom \u017cyczymy wi\u0119kszego [&hellip;]<\/p>\n","protected":false},"author":2,"featured_media":0,"comment_status":"open","ping_status":"open","sticky":false,"template":"","format":"standard","meta":{"footnotes":""},"categories":[1,9,15,8],"tags":[],"class_list":["post-7486","post","type-post","status-publish","format-standard","hentry","category-bez-kategorii","category-ciekawostki","category-komkurs","category-zawody-strzeleckie"],"_links":{"self":[{"href":"https:\/\/www.milosnicylasu.olsztyn.pl\/index.php?rest_route=\/wp\/v2\/posts\/7486","targetHints":{"allow":["GET"]}}],"collection":[{"href":"https:\/\/www.milosnicylasu.olsztyn.pl\/index.php?rest_route=\/wp\/v2\/posts"}],"about":[{"href":"https:\/\/www.milosnicylasu.olsztyn.pl\/index.php?rest_route=\/wp\/v2\/types\/post"}],"author":[{"embeddable":true,"href":"https:\/\/www.milosnicylasu.olsztyn.pl\/index.php?rest_route=\/wp\/v2\/users\/2"}],"replies":[{"embeddable":true,"href":"https:\/\/www.milosnicylasu.olsztyn.pl\/index.php?rest_route=%2Fwp%2Fv2%2Fcomments&post=7486"}],"version-history":[{"count":5,"href":"https:\/\/www.milosnicylasu.olsztyn.pl\/index.php?rest_route=\/wp\/v2\/posts\/7486\/revisions"}],"predecessor-version":[{"id":7493,"href":"https:\/\/www.milosnicylasu.olsztyn.pl\/index.php?rest_route=\/wp\/v2\/posts\/7486\/revisions\/7493"}],"wp:attachment":[{"href":"https:\/\/www.milosnicylasu.olsztyn.pl\/index.php?rest_route=%2Fwp%2Fv2%2Fmedia&parent=7486"}],"wp:term":[{"taxonomy":"category","embeddable":true,"href":"https:\/\/www.milosnicylasu.olsztyn.pl\/index.php?rest_route=%2Fwp%2Fv2%2Fcategories&post=7486"},{"taxonomy":"post_tag","embeddable":true,"href":"https:\/\/www.milosnicylasu.olsztyn.pl\/index.php?rest_route=%2Fwp%2Fv2%2Ftags&post=7486"}],"curies":[{"name":"wp","href":"https:\/\/api.w.org\/{rel}","templated":true}]}}