{"id":7494,"date":"2022-11-08T06:15:36","date_gmt":"2022-11-08T05:15:36","guid":{"rendered":"https:\/\/www.milosnicylasu.olsztyn.pl\/?p=7494"},"modified":"2022-11-08T08:18:38","modified_gmt":"2022-11-08T07:18:38","slug":"bedziemy-spiewac-dla-niepodleglej","status":"publish","type":"post","link":"https:\/\/www.milosnicylasu.olsztyn.pl\/?p=7494","title":{"rendered":"B\u0119dziemy \u015bpiewa\u0107 dla Niepodleg\u0142ej"},"content":{"rendered":"<p><strong>W sobot\u0119 12 listopada 2022 r.,\u00a0 cz\u0142onkowie Ko\u0142a Mi\u0142o\u015bnik\u00f3w Lasu i Militari\u00f3w LOK przy ATW w Olsztynie spotkaj\u0105 si\u0119 w Le\u015bnictwie Stary Dw\u00f3r, aby \u015bwi\u0119towa\u0107 104 Rocznic\u0119 Odzyskania Niepodleg\u0142o\u015bci. G\u0142\u00f3wnym punktem programu b\u0119dzie Konkurs Pie\u015bni Patriotycznej. Zg\u0142oszenia przyjmuje Rysia K\u0142\u0119bukowska. Mamy w swoim gronie osoby, kt\u00f3re \u015bpiewaj\u0105 w r\u00f3\u017cnych ch\u00f3rach, wi\u0119c konkurs na pewno b\u0119dzie na wysokim poziomie. Rysia i Micha\u0142 K\u0142\u0119bukowscy przygotowali \u015bpiewniki, wi\u0119c po\u015bpiewamy wszyscy &#8211; przecie\u017c ka\u017cdy \u015bpiewa\u0107 mo\u017ce, lepiej lub gorzej&#8230;&#8230;&#8230;&#8230;&#8230;&#8230;.<\/strong><\/p>\n<p><strong>Zbi\u00f3rka na przystanku Stary Dw\u00f3r w Kortowie w sobot\u0119 o godzinie 10.00, sk\u0105d udamy si\u0119 pod nasz\u0105 ulubion\u0105 wiat\u0119 a tam ognisko, pieczenie kie\u0142basek \/zaopatrzenie w\u0142asne\/, a najwa\u017cniejsze KONKURS. Zapraszamy !!!!<\/strong><\/p>\n<p><strong>Zdj\u0119cie archiwalne z obchod\u00f3w \u015awi\u0119ta w ubieg\u0142ym roku &#8211; w Kudypach<\/strong><\/p>\n<p><strong><a href=\"https:\/\/www.milosnicylasu.olsztyn.pl\/wp-content\/uploads\/2021\/10\/20211028_120941-www.jpg\" data-rel=\"lightbox-image-0\" data-magnific_type=\"image\" data-rl_title=\"\" data-rl_caption=\"\" title=\"\"><img loading=\"lazy\" decoding=\"async\" class=\"alignnone size-medium wp-image-6652\" src=\"https:\/\/www.milosnicylasu.olsztyn.pl\/wp-content\/uploads\/2021\/10\/20211028_120941-www-300x225.jpg\" alt=\"\" width=\"300\" height=\"225\" srcset=\"https:\/\/www.milosnicylasu.olsztyn.pl\/wp-content\/uploads\/2021\/10\/20211028_120941-www-300x225.jpg 300w, https:\/\/www.milosnicylasu.olsztyn.pl\/wp-content\/uploads\/2021\/10\/20211028_120941-www-768x576.jpg 768w, https:\/\/www.milosnicylasu.olsztyn.pl\/wp-content\/uploads\/2021\/10\/20211028_120941-www.jpg 1024w\" sizes=\"auto, (max-width: 300px) 100vw, 300px\" \/><\/a><\/strong><\/p>\n","protected":false},"excerpt":{"rendered":"<p>W sobot\u0119 12 listopada 2022 r.,\u00a0 cz\u0142onkowie Ko\u0142a Mi\u0142o\u015bnik\u00f3w Lasu i Militari\u00f3w LOK przy ATW w Olsztynie spotkaj\u0105 si\u0119 w Le\u015bnictwie Stary Dw\u00f3r, aby \u015bwi\u0119towa\u0107 104 Rocznic\u0119 Odzyskania Niepodleg\u0142o\u015bci. G\u0142\u00f3wnym punktem programu b\u0119dzie Konkurs Pie\u015bni Patriotycznej. Zg\u0142oszenia przyjmuje Rysia K\u0142\u0119bukowska. Mamy w swoim gronie osoby, kt\u00f3re \u015bpiewaj\u0105 w r\u00f3\u017cnych ch\u00f3rach, wi\u0119c konkurs na pewno b\u0119dzie [&hellip;]<\/p>\n","protected":false},"author":2,"featured_media":0,"comment_status":"open","ping_status":"open","sticky":false,"template":"","format":"standard","meta":{"footnotes":""},"categories":[1,9,17,15,11],"tags":[],"class_list":["post-7494","post","type-post","status-publish","format-standard","hentry","category-bez-kategorii","category-ciekawostki","category-edukacja-w-terenie","category-komkurs","category-spotkania-artystyczne"],"_links":{"self":[{"href":"https:\/\/www.milosnicylasu.olsztyn.pl\/index.php?rest_route=\/wp\/v2\/posts\/7494","targetHints":{"allow":["GET"]}}],"collection":[{"href":"https:\/\/www.milosnicylasu.olsztyn.pl\/index.php?rest_route=\/wp\/v2\/posts"}],"about":[{"href":"https:\/\/www.milosnicylasu.olsztyn.pl\/index.php?rest_route=\/wp\/v2\/types\/post"}],"author":[{"embeddable":true,"href":"https:\/\/www.milosnicylasu.olsztyn.pl\/index.php?rest_route=\/wp\/v2\/users\/2"}],"replies":[{"embeddable":true,"href":"https:\/\/www.milosnicylasu.olsztyn.pl\/index.php?rest_route=%2Fwp%2Fv2%2Fcomments&post=7494"}],"version-history":[{"count":2,"href":"https:\/\/www.milosnicylasu.olsztyn.pl\/index.php?rest_route=\/wp\/v2\/posts\/7494\/revisions"}],"predecessor-version":[{"id":7497,"href":"https:\/\/www.milosnicylasu.olsztyn.pl\/index.php?rest_route=\/wp\/v2\/posts\/7494\/revisions\/7497"}],"wp:attachment":[{"href":"https:\/\/www.milosnicylasu.olsztyn.pl\/index.php?rest_route=%2Fwp%2Fv2%2Fmedia&parent=7494"}],"wp:term":[{"taxonomy":"category","embeddable":true,"href":"https:\/\/www.milosnicylasu.olsztyn.pl\/index.php?rest_route=%2Fwp%2Fv2%2Fcategories&post=7494"},{"taxonomy":"post_tag","embeddable":true,"href":"https:\/\/www.milosnicylasu.olsztyn.pl\/index.php?rest_route=%2Fwp%2Fv2%2Ftags&post=7494"}],"curies":[{"name":"wp","href":"https:\/\/api.w.org\/{rel}","templated":true}]}}