{"id":7513,"date":"2022-11-13T10:39:12","date_gmt":"2022-11-13T09:39:12","guid":{"rendered":"https:\/\/www.milosnicylasu.olsztyn.pl\/?p=7513"},"modified":"2022-11-13T19:49:19","modified_gmt":"2022-11-13T18:49:19","slug":"co-sie-odwlecze-to-nie-uciecze","status":"publish","type":"post","link":"https:\/\/www.milosnicylasu.olsztyn.pl\/?p=7513","title":{"rendered":"Co si\u0119 odwlecze to nie uciecze"},"content":{"rendered":"<p><strong><a href=\"https:\/\/www.milosnicylasu.olsztyn.pl\/wp-content\/uploads\/2022\/11\/DSCN9992-www.jpg\" data-rel=\"lightbox-image-0\" data-magnific_type=\"image\" data-rl_title=\"\" data-rl_caption=\"\" title=\"\"><img loading=\"lazy\" decoding=\"async\" class=\"size-medium wp-image-7514 alignleft\" src=\"https:\/\/www.milosnicylasu.olsztyn.pl\/wp-content\/uploads\/2022\/11\/DSCN9992-www-300x225.jpg\" alt=\"\" width=\"300\" height=\"225\" srcset=\"https:\/\/www.milosnicylasu.olsztyn.pl\/wp-content\/uploads\/2022\/11\/DSCN9992-www-300x225.jpg 300w, https:\/\/www.milosnicylasu.olsztyn.pl\/wp-content\/uploads\/2022\/11\/DSCN9992-www-768x576.jpg 768w, https:\/\/www.milosnicylasu.olsztyn.pl\/wp-content\/uploads\/2022\/11\/DSCN9992-www.jpg 1024w\" sizes=\"auto, (max-width: 300px) 100vw, 300px\" \/><\/a>Wiadomo, <\/strong>\u017c<strong>e przys\u0142owia s\u0105 m\u0105dro\u015bci\u0105 narod\u00f3w.\u00a0 Tym razem sprawdzi\u0142o si\u0119 przys\u0142owie :&#8221;Co si\u0119 odwlecze to nie uciecze&#8221;. Prze\u0142o\u017cone z 5\u00a0 na 12 listopada uroczyste spotkanie z okazji \u015awi\u0119ta Niepodleg\u0142o\u015bci\u00a0 uda\u0142o si\u0119 znakomicie. Dopisali ch\u0119tni do udzia\u0142u w konkursie pie\u015bni patriotycznych, w ci\u0105gu tygodnia nawet ich troch\u0119\u00a0 przyby\u0142o. By\u0142o pogodnie i ciep\u0142o jak na taka dat\u0119.Mieli\u015bmy te\u017c fantastycznych go\u015bci: Wojtka D\u0105browskiego z jego tr\u00f3jk\u0105 przesympatycznych dzieci.<a href=\"https:\/\/www.milosnicylasu.olsztyn.pl\/wp-content\/uploads\/2022\/11\/DSCN0014-www.jpg\" data-rel=\"lightbox-image-1\" data-magnific_type=\"image\" data-rl_title=\"\" data-rl_caption=\"\" title=\"\"><img loading=\"lazy\" decoding=\"async\" class=\"size-medium wp-image-7515 alignright\" src=\"https:\/\/www.milosnicylasu.olsztyn.pl\/wp-content\/uploads\/2022\/11\/DSCN0014-www-300x225.jpg\" alt=\"\" width=\"300\" height=\"225\" srcset=\"https:\/\/www.milosnicylasu.olsztyn.pl\/wp-content\/uploads\/2022\/11\/DSCN0014-www-300x225.jpg 300w, https:\/\/www.milosnicylasu.olsztyn.pl\/wp-content\/uploads\/2022\/11\/DSCN0014-www-768x576.jpg 768w, https:\/\/www.milosnicylasu.olsztyn.pl\/wp-content\/uploads\/2022\/11\/DSCN0014-www.jpg 1024w\" sizes=\"auto, (max-width: 300px) 100vw, 300px\" \/><\/a><\/strong><\/p>\n<p><strong>\u00a0W tym roku odby\u0142 si\u0119 konkurs, kt\u00f3ry przygotowali Rysia i Micha\u0142 K\u0142\u0119bukowscy. W sk\u0142ad Komisji Konkursowej weszli dwaj zawodowi le\u015bnicy: Adam Siemakowicz z RDLP w Olsztynie oraz Wojtek D\u0105browski z Nadle\u015bnictwa Kudypy.<\/strong><\/p>\n<p><strong> Przes\u0142uchania konkursowe odby\u0142y si\u0119 w zaprzyja\u017anionym Le\u015bnictwie Stary Dw\u00f3r w Nadle\u015bnictwie Kudypy. W konkursie wzi\u0119\u0142y udzia\u0142 trzy zespo\u0142y. Podobno przygotowania\u00a0 trwa\u0142y wiele tygodni, by\u0142o warto\u00a0 pos\u0142ucha\u0107 wspania\u0142ych wykona\u0144. Przy le\u015bnym ognisku zaprezentowali si\u0119:<\/strong><\/p>\n<p><a href=\"https:\/\/www.milosnicylasu.olsztyn.pl\/wp-content\/uploads\/2022\/11\/PB120006-www.jpg\" data-rel=\"lightbox-image-2\" data-magnific_type=\"image\" data-rl_title=\"\" data-rl_caption=\"\" title=\"\"><img loading=\"lazy\" decoding=\"async\" class=\"size-medium wp-image-7516 alignleft\" src=\"https:\/\/www.milosnicylasu.olsztyn.pl\/wp-content\/uploads\/2022\/11\/PB120006-www-300x225.jpg\" alt=\"\" width=\"300\" height=\"225\" srcset=\"https:\/\/www.milosnicylasu.olsztyn.pl\/wp-content\/uploads\/2022\/11\/PB120006-www-300x225.jpg 300w, https:\/\/www.milosnicylasu.olsztyn.pl\/wp-content\/uploads\/2022\/11\/PB120006-www-768x576.jpg 768w, https:\/\/www.milosnicylasu.olsztyn.pl\/wp-content\/uploads\/2022\/11\/PB120006-www.jpg 1024w\" sizes=\"auto, (max-width: 300px) 100vw, 300px\" \/><\/a><\/p>\n<p>&nbsp;<\/p>\n<p><strong>\u00a0&#8211; duet w sk\u0142adzie Danuta Bobrzecks i Zofia Bautz , kt\u00f3ry to zaj\u0105\u0142 I miejsce za wykonanie pie\u015bni: \u201e Jeszcze jeden mazur\u201d, \u201eJak to na wojence \u0142adnie\u201d<\/strong><\/p>\n<p><strong>&#8211; kwintet w sk\u0142adzie: Ryszarda K\u0142\u0119bukowska, Micha\u0142 K\u0142\u0119bukowski, Danuta Dro\u017cd\u017cel, Teresa Mielczarska,\u00a0 Barbara Janowska &#8211; kt\u00f3ry za wykonanie pie\u015bni: \u201ePiechota, O m\u00f3j rozmarynie\u201d zaj\u0105\u0142 II miejsce<\/strong><\/p>\n<p><strong>&#8211; duet w sk\u0142adzie: Zofia Karzel i Kazimierz Mi\u0142owski za wykonanie pie\u015bni: \u201ePierwsza Brygada, Dzi\u015b do Ciebie przyj\u015b\u0107 nie mog\u0119\u201d zaj\u0105\u0142 r\u00f3wnie\u017c II miejsce<a href=\"https:\/\/www.milosnicylasu.olsztyn.pl\/wp-content\/uploads\/2022\/11\/DSCN0007-www.jpg\" data-rel=\"lightbox-image-3\" data-magnific_type=\"image\" data-rl_title=\"\" data-rl_caption=\"\" title=\"\"><img loading=\"lazy\" decoding=\"async\" class=\"size-medium wp-image-7518 alignright\" src=\"https:\/\/www.milosnicylasu.olsztyn.pl\/wp-content\/uploads\/2022\/11\/DSCN0007-www-300x225.jpg\" alt=\"\" width=\"300\" height=\"225\" srcset=\"https:\/\/www.milosnicylasu.olsztyn.pl\/wp-content\/uploads\/2022\/11\/DSCN0007-www-300x225.jpg 300w, https:\/\/www.milosnicylasu.olsztyn.pl\/wp-content\/uploads\/2022\/11\/DSCN0007-www-768x576.jpg 768w, https:\/\/www.milosnicylasu.olsztyn.pl\/wp-content\/uploads\/2022\/11\/DSCN0007-www.jpg 1024w\" sizes=\"auto, (max-width: 300px) 100vw, 300px\" \/><\/a><\/strong><\/p>\n<p><a href=\"https:\/\/www.milosnicylasu.olsztyn.pl\/wp-content\/uploads\/2022\/11\/PB120009-www.jpg\" data-rel=\"lightbox-image-4\" data-magnific_type=\"image\" data-rl_title=\"\" data-rl_caption=\"\" title=\"\"><img loading=\"lazy\" decoding=\"async\" class=\"size-medium wp-image-7517 alignleft\" src=\"https:\/\/www.milosnicylasu.olsztyn.pl\/wp-content\/uploads\/2022\/11\/PB120009-www-300x225.jpg\" alt=\"\" width=\"300\" height=\"225\" srcset=\"https:\/\/www.milosnicylasu.olsztyn.pl\/wp-content\/uploads\/2022\/11\/PB120009-www-300x225.jpg 300w, https:\/\/www.milosnicylasu.olsztyn.pl\/wp-content\/uploads\/2022\/11\/PB120009-www-768x576.jpg 768w, https:\/\/www.milosnicylasu.olsztyn.pl\/wp-content\/uploads\/2022\/11\/PB120009-www.jpg 1024w\" sizes=\"auto, (max-width: 300px) 100vw, 300px\" \/><\/a><\/p>\n<p>&nbsp;<\/p>\n<p><strong>Zwyci\u0119zcy otrzymali\u00a0 upominki ksi\u0105\u017ckowe, sponsorem kt\u00f3rych\u00a0 nagr\u00f3d by\u0142 Adam Siemakowicz.<\/strong><\/p>\n<p><a href=\"https:\/\/www.milosnicylasu.olsztyn.pl\/wp-content\/uploads\/2022\/11\/PB120020-www.jpg\" data-rel=\"lightbox-image-5\" data-magnific_type=\"image\" data-rl_title=\"\" data-rl_caption=\"\" title=\"\"><img loading=\"lazy\" decoding=\"async\" class=\"size-medium wp-image-7521\" src=\"https:\/\/www.milosnicylasu.olsztyn.pl\/wp-content\/uploads\/2022\/11\/PB120020-www-300x225.jpg\" alt=\"\" width=\"300\" height=\"225\" srcset=\"https:\/\/www.milosnicylasu.olsztyn.pl\/wp-content\/uploads\/2022\/11\/PB120020-www-300x225.jpg 300w, https:\/\/www.milosnicylasu.olsztyn.pl\/wp-content\/uploads\/2022\/11\/PB120020-www-768x576.jpg 768w, https:\/\/www.milosnicylasu.olsztyn.pl\/wp-content\/uploads\/2022\/11\/PB120020-www.jpg 1024w\" sizes=\"auto, (max-width: 300px) 100vw, 300px\" \/><\/a><\/p>\n<p><strong>Mi\u0142ym akcentem\u00a0 sobotniego spotkania by\u0142a mo\u017cliwo\u015b\u0107 upieczenia kie\u0142basek przy le\u015bny<\/strong>m ognisku, kt\u00f3re przygotowa\u0142 J\u00f3zek Gazda. Jeszcze\u00a0 wsp\u00f3lnie po\u015bpiewali\u015bmy a prezes pocz\u0119stowa\u0142 nas pysznymi wypiekami.<\/p>\n<p><strong>Zarz\u0105d Ko\u0142a\u00a0 sk\u0142ada gratulacje zwyci\u0119zcom i dzi\u0119kuje za\u00a0 liczne przybycie\u00a0 na to spotkanie<\/strong> .<a href=\"https:\/\/www.milosnicylasu.olsztyn.pl\/wp-content\/uploads\/2022\/11\/IMG_20221112_110758-www.jpg\" data-rel=\"lightbox-image-6\" data-magnific_type=\"image\" data-rl_title=\"\" data-rl_caption=\"\" title=\"\"><img loading=\"lazy\" decoding=\"async\" class=\"size-medium wp-image-7523 alignright\" src=\"https:\/\/www.milosnicylasu.olsztyn.pl\/wp-content\/uploads\/2022\/11\/IMG_20221112_110758-www-300x226.jpg\" alt=\"\" width=\"300\" height=\"226\" srcset=\"https:\/\/www.milosnicylasu.olsztyn.pl\/wp-content\/uploads\/2022\/11\/IMG_20221112_110758-www-300x226.jpg 300w, https:\/\/www.milosnicylasu.olsztyn.pl\/wp-content\/uploads\/2022\/11\/IMG_20221112_110758-www-768x578.jpg 768w, https:\/\/www.milosnicylasu.olsztyn.pl\/wp-content\/uploads\/2022\/11\/IMG_20221112_110758-www.jpg 1024w\" sizes=\"auto, (max-width: 300px) 100vw, 300px\" \/><\/a><\/p>\n<p>&nbsp;<\/p>\n","protected":false},"excerpt":{"rendered":"<p>Wiadomo, \u017ce przys\u0142owia s\u0105 m\u0105dro\u015bci\u0105 narod\u00f3w.\u00a0 Tym razem sprawdzi\u0142o si\u0119 przys\u0142owie :&#8221;Co si\u0119 odwlecze to nie uciecze&#8221;. Prze\u0142o\u017cone z 5\u00a0 na 12 listopada uroczyste spotkanie z okazji \u015awi\u0119ta Niepodleg\u0142o\u015bci\u00a0 uda\u0142o si\u0119 znakomicie. Dopisali ch\u0119tni do udzia\u0142u w konkursie pie\u015bni patriotycznych, w ci\u0105gu tygodnia nawet ich troch\u0119\u00a0 przyby\u0142o. By\u0142o pogodnie i ciep\u0142o jak na taka dat\u0119.Mieli\u015bmy [&hellip;]<\/p>\n","protected":false},"author":2,"featured_media":0,"comment_status":"open","ping_status":"open","sticky":false,"template":"","format":"standard","meta":{"footnotes":""},"categories":[1,9,17,15],"tags":[],"class_list":["post-7513","post","type-post","status-publish","format-standard","hentry","category-bez-kategorii","category-ciekawostki","category-edukacja-w-terenie","category-komkurs"],"_links":{"self":[{"href":"https:\/\/www.milosnicylasu.olsztyn.pl\/index.php?rest_route=\/wp\/v2\/posts\/7513","targetHints":{"allow":["GET"]}}],"collection":[{"href":"https:\/\/www.milosnicylasu.olsztyn.pl\/index.php?rest_route=\/wp\/v2\/posts"}],"about":[{"href":"https:\/\/www.milosnicylasu.olsztyn.pl\/index.php?rest_route=\/wp\/v2\/types\/post"}],"author":[{"embeddable":true,"href":"https:\/\/www.milosnicylasu.olsztyn.pl\/index.php?rest_route=\/wp\/v2\/users\/2"}],"replies":[{"embeddable":true,"href":"https:\/\/www.milosnicylasu.olsztyn.pl\/index.php?rest_route=%2Fwp%2Fv2%2Fcomments&post=7513"}],"version-history":[{"count":4,"href":"https:\/\/www.milosnicylasu.olsztyn.pl\/index.php?rest_route=\/wp\/v2\/posts\/7513\/revisions"}],"predecessor-version":[{"id":7524,"href":"https:\/\/www.milosnicylasu.olsztyn.pl\/index.php?rest_route=\/wp\/v2\/posts\/7513\/revisions\/7524"}],"wp:attachment":[{"href":"https:\/\/www.milosnicylasu.olsztyn.pl\/index.php?rest_route=%2Fwp%2Fv2%2Fmedia&parent=7513"}],"wp:term":[{"taxonomy":"category","embeddable":true,"href":"https:\/\/www.milosnicylasu.olsztyn.pl\/index.php?rest_route=%2Fwp%2Fv2%2Fcategories&post=7513"},{"taxonomy":"post_tag","embeddable":true,"href":"https:\/\/www.milosnicylasu.olsztyn.pl\/index.php?rest_route=%2Fwp%2Fv2%2Ftags&post=7513"}],"curies":[{"name":"wp","href":"https:\/\/api.w.org\/{rel}","templated":true}]}}