{"id":7528,"date":"2022-11-17T08:23:36","date_gmt":"2022-11-17T07:23:36","guid":{"rendered":"https:\/\/www.milosnicylasu.olsztyn.pl\/?p=7528"},"modified":"2022-11-17T08:23:36","modified_gmt":"2022-11-17T07:23:36","slug":"zaproszenie-na-spotkanie-z-mieczyslawem-wieliczko","status":"publish","type":"post","link":"https:\/\/www.milosnicylasu.olsztyn.pl\/?p=7528","title":{"rendered":"Zaproszenie na spotkanie z Mieczys\u0142awem Wieliczko"},"content":{"rendered":"<p>Dzie\u0144 dobry,<\/p>\n<p>23 listopada 2022 (\u015broda) o godz. 17:30 w <a href=\"https:\/\/www.facebook.com\/domgazety?__cft__%5b0%5d=AZU2AU1Nb6E-JYFsepbFn1heQUGP8oV1Pmw0Mot8Um9yx_xyXb30xp01191502kaZOd5RrzzJfiPmedNa4RO9m_7tV5CKhoKMfjoeYwlnRHVUr-D0rlbQ8ztzC562pvcD0FyE6CKCP2iCJqobaMQnKlqhol69OaRF1lrpQRrgDsIGW1-1K2nFztRhBcyLJqdldw&amp;__tn__=-%5dK-R\">Muzeum Przyrody w Olsztynie<\/a> odb\u0119dzie si\u0119 kolejny wyk\u0142ad z cyklu \u201eSpotkania z przyrod\u0105\u201d. Wyk\u0142ad \u201eKrajobraz Warmii, Mazur i Powi\u015bla\u201d wyg\u0142osi p. Mieczys\u0142aw Wieliczko. Autor jest znanym fotografem i autorytetem w dziedzinie fotografii przyrodniczej. Zapraszamy!<\/p>\n<p>Z powa\u017caniem<\/p>\n<p>Beata Bonis\u0142awska<\/p>\n<p>Muzeum Przyrody (oddzia\u0142 Muzeum Warmii i Mazur), ul. Metalowa 8, 23.11.2022 r., godz. 17:30.<\/p>\n","protected":false},"excerpt":{"rendered":"<p>Dzie\u0144 dobry, 23 listopada 2022 (\u015broda) o godz. 17:30 w Muzeum Przyrody w Olsztynie odb\u0119dzie si\u0119 kolejny wyk\u0142ad z cyklu \u201eSpotkania z przyrod\u0105\u201d. Wyk\u0142ad \u201eKrajobraz Warmii, Mazur i Powi\u015bla\u201d wyg\u0142osi p. Mieczys\u0142aw Wieliczko. Autor jest znanym fotografem i autorytetem w dziedzinie fotografii przyrodniczej. Zapraszamy! Z powa\u017caniem Beata Bonis\u0142awska Muzeum Przyrody (oddzia\u0142 Muzeum Warmii i Mazur), [&hellip;]<\/p>\n","protected":false},"author":2,"featured_media":0,"comment_status":"open","ping_status":"open","sticky":false,"template":"","format":"standard","meta":{"footnotes":""},"categories":[1,9,17,11],"tags":[],"class_list":["post-7528","post","type-post","status-publish","format-standard","hentry","category-bez-kategorii","category-ciekawostki","category-edukacja-w-terenie","category-spotkania-artystyczne"],"_links":{"self":[{"href":"https:\/\/www.milosnicylasu.olsztyn.pl\/index.php?rest_route=\/wp\/v2\/posts\/7528","targetHints":{"allow":["GET"]}}],"collection":[{"href":"https:\/\/www.milosnicylasu.olsztyn.pl\/index.php?rest_route=\/wp\/v2\/posts"}],"about":[{"href":"https:\/\/www.milosnicylasu.olsztyn.pl\/index.php?rest_route=\/wp\/v2\/types\/post"}],"author":[{"embeddable":true,"href":"https:\/\/www.milosnicylasu.olsztyn.pl\/index.php?rest_route=\/wp\/v2\/users\/2"}],"replies":[{"embeddable":true,"href":"https:\/\/www.milosnicylasu.olsztyn.pl\/index.php?rest_route=%2Fwp%2Fv2%2Fcomments&post=7528"}],"version-history":[{"count":1,"href":"https:\/\/www.milosnicylasu.olsztyn.pl\/index.php?rest_route=\/wp\/v2\/posts\/7528\/revisions"}],"predecessor-version":[{"id":7529,"href":"https:\/\/www.milosnicylasu.olsztyn.pl\/index.php?rest_route=\/wp\/v2\/posts\/7528\/revisions\/7529"}],"wp:attachment":[{"href":"https:\/\/www.milosnicylasu.olsztyn.pl\/index.php?rest_route=%2Fwp%2Fv2%2Fmedia&parent=7528"}],"wp:term":[{"taxonomy":"category","embeddable":true,"href":"https:\/\/www.milosnicylasu.olsztyn.pl\/index.php?rest_route=%2Fwp%2Fv2%2Fcategories&post=7528"},{"taxonomy":"post_tag","embeddable":true,"href":"https:\/\/www.milosnicylasu.olsztyn.pl\/index.php?rest_route=%2Fwp%2Fv2%2Ftags&post=7528"}],"curies":[{"name":"wp","href":"https:\/\/api.w.org\/{rel}","templated":true}]}}