{"id":7530,"date":"2022-11-18T21:17:34","date_gmt":"2022-11-18T20:17:34","guid":{"rendered":"https:\/\/www.milosnicylasu.olsztyn.pl\/?p=7530"},"modified":"2022-11-19T07:32:42","modified_gmt":"2022-11-19T06:32:42","slug":"7530","status":"publish","type":"post","link":"https:\/\/www.milosnicylasu.olsztyn.pl\/?p=7530","title":{"rendered":"Szczytno &#8211; 18 listopad 2022"},"content":{"rendered":"<p><a href=\"https:\/\/www.milosnicylasu.olsztyn.pl\/wp-content\/uploads\/2022\/11\/DSCN0063-www.jpg\" data-rel=\"lightbox-image-0\" data-magnific_type=\"image\" data-rl_title=\"\" data-rl_caption=\"\" title=\"\"><img loading=\"lazy\" decoding=\"async\" class=\"size-medium wp-image-7531 alignleft\" src=\"https:\/\/www.milosnicylasu.olsztyn.pl\/wp-content\/uploads\/2022\/11\/DSCN0063-www-225x300.jpg\" alt=\"\" width=\"225\" height=\"300\" srcset=\"https:\/\/www.milosnicylasu.olsztyn.pl\/wp-content\/uploads\/2022\/11\/DSCN0063-www-225x300.jpg 225w, https:\/\/www.milosnicylasu.olsztyn.pl\/wp-content\/uploads\/2022\/11\/DSCN0063-www.jpg 768w\" sizes=\"auto, (max-width: 225px) 100vw, 225px\" \/><\/a><\/p>\n<p><strong>Ju\u017c pierwsze zdj\u0119cie zdradza jakie miasto by\u0142o celem\u00a0 wyjazdu cz\u0142onk\u00f3w Ko\u0142a Mi\u0142o\u015bnik\u00f3w Lasu i Militari\u00f3w LOK przy ATW w Olsztynie\u00a0 18 listopada 2022 roku.<\/strong><\/p>\n<p><strong>Mazurskie Pofajdoki s\u0105 du\u017c\u0105 atrakcj\u0105 turystyczn\u0105 Szczytna oraz jednym z jego najbardziej charakterystycznych element\u00f3w. W\u015br\u00f3d figurek skrzat\u00f3w znajduje si\u0119: Je\u017adziec, Zielarz, Rabu\u015b, Biznesmen, Obie\u017cy\u015bwiat, Policjant, Ornitolog a nawet Stra\u017cak. <a href=\"https:\/\/www.milosnicylasu.olsztyn.pl\/wp-content\/uploads\/2022\/11\/DSCN0029-www.jpg\" data-rel=\"lightbox-image-1\" data-magnific_type=\"image\" data-rl_title=\"\" data-rl_caption=\"\" title=\"\"><img loading=\"lazy\" decoding=\"async\" class=\"size-medium wp-image-7533 alignright\" src=\"https:\/\/www.milosnicylasu.olsztyn.pl\/wp-content\/uploads\/2022\/11\/DSCN0029-www-300x225.jpg\" alt=\"\" width=\"300\" height=\"225\" srcset=\"https:\/\/www.milosnicylasu.olsztyn.pl\/wp-content\/uploads\/2022\/11\/DSCN0029-www-300x225.jpg 300w, https:\/\/www.milosnicylasu.olsztyn.pl\/wp-content\/uploads\/2022\/11\/DSCN0029-www-768x576.jpg 768w, https:\/\/www.milosnicylasu.olsztyn.pl\/wp-content\/uploads\/2022\/11\/DSCN0029-www.jpg 1024w\" sizes=\"auto, (max-width: 300px) 100vw, 300px\" \/><\/a><\/strong><\/p>\n<p><strong>Byli\u015bmy w Szczytnie wielokrotnie. Tym razem g\u0142\u00f3wnym celem by\u0142o Nadle\u015bnictwo Szczytno. przywita\u0142 nas\u00a0 Nadle\u015bniczy Pan Janusz Kleszczewski a wyk\u0142ad poprowadzili Pan Mariusz Karpi\u0144ski z-ca Nadle\u015bniczego i Pani Anna Boruszewska- Cudak starszy specjalista d\/s ochrony przyrody, edukacji le\u015bnej i zam\u00f3wie\u0144 publicznych.<a href=\"https:\/\/www.milosnicylasu.olsztyn.pl\/wp-content\/uploads\/2022\/11\/DSCN0037-www.jpg\" data-rel=\"lightbox-image-2\" data-magnific_type=\"image\" data-rl_title=\"\" data-rl_caption=\"\" title=\"\"><img loading=\"lazy\" decoding=\"async\" class=\"size-medium wp-image-7534 aligncenter\" src=\"https:\/\/www.milosnicylasu.olsztyn.pl\/wp-content\/uploads\/2022\/11\/DSCN0037-www-300x225.jpg\" alt=\"\" width=\"300\" height=\"225\" srcset=\"https:\/\/www.milosnicylasu.olsztyn.pl\/wp-content\/uploads\/2022\/11\/DSCN0037-www-300x225.jpg 300w, https:\/\/www.milosnicylasu.olsztyn.pl\/wp-content\/uploads\/2022\/11\/DSCN0037-www-768x576.jpg 768w, https:\/\/www.milosnicylasu.olsztyn.pl\/wp-content\/uploads\/2022\/11\/DSCN0037-www.jpg 1024w\" sizes=\"auto, (max-width: 300px) 100vw, 300px\" \/><\/a><br \/>\n<\/strong><\/p>\n<p><a href=\"https:\/\/www.milosnicylasu.olsztyn.pl\/wp-content\/uploads\/2022\/11\/DSCN0058-www.jpg\" data-rel=\"lightbox-image-3\" data-magnific_type=\"image\" data-rl_title=\"\" data-rl_caption=\"\" title=\"\"><img loading=\"lazy\" decoding=\"async\" class=\"size-medium wp-image-7532 alignright\" src=\"https:\/\/www.milosnicylasu.olsztyn.pl\/wp-content\/uploads\/2022\/11\/DSCN0058-www-300x225.jpg\" alt=\"\" width=\"300\" height=\"225\" srcset=\"https:\/\/www.milosnicylasu.olsztyn.pl\/wp-content\/uploads\/2022\/11\/DSCN0058-www-300x225.jpg 300w, https:\/\/www.milosnicylasu.olsztyn.pl\/wp-content\/uploads\/2022\/11\/DSCN0058-www-768x576.jpg 768w, https:\/\/www.milosnicylasu.olsztyn.pl\/wp-content\/uploads\/2022\/11\/DSCN0058-www.jpg 1024w\" sizes=\"auto, (max-width: 300px) 100vw, 300px\" \/><\/a>N<strong>adle\u015bnictwo Szczytno jest jednym z trzydziestu trzech nadle\u015bnictw wchodz\u0105cych w sk\u0142ad Regionalnej Dyrekcji Las\u00f3w Pa\u0144stwowych w Olsztynie. Nadle\u015bnictwo jest po\u0142o\u017cone na terenie wojew\u00f3dztwa warmi\u0144sko-mazurskiego,w powiecie szczycie\u0144skim. Swym zasi\u0119giem obejmuje gminy: Jedwabno, Rozogi, Szczytno, miasto Szczytno i gmin\u0119 Wielbark. Ma powierzchni\u0119 16 673,16 ha. Terytorialny zasi\u0119g\u00a0 Nadle\u015bnictwa\u00a0 obejmuje cz\u0119\u015b\u0107\u00a0 wielkiego kompleksu Puszczy Piskiej\u00a0 i las\u00f3w Napiwocko-Ramuckich.<br \/>\n<\/strong><\/p>\n<p><strong>Drzewostany sosnowe na ubogich siedliskach zajmuj\u0105\u00a0 ponad 70% powierzchni, gdy\u017c gleby, kt\u00f3re s\u0105 g\u0142\u00f3wnym czynnikiem warunkuj\u0105cym sk\u0142ad i wygl\u0105d porastaj\u0105cego lasu, nie s\u0105 tu naj\u017cy\u017aniejsze.<\/strong><\/p>\n<p><strong>Znaczn\u0105 powierzchni\u0119 zajmuj\u0105 r\u00f3wnie\u017c siedliska las\u00f3w mieszanych i li\u015bciastych, a krajobraz wzbogacaj\u0105 po\u0142o\u017cone w obni\u017ceniach terenu siedliska bagienne zdominowane przez olsz\u0119. Ta podstawowa charakterystyka nie oddaje jednak w pe\u0142ni zr\u00f3\u017cnicowania przyrodniczego naszych las\u00f3w. Mo\u017cna tu bowiem znale\u017a\u0107 12 spo\u015br\u00f3d 13 wyr\u00f3\u017cnianych na nizinach \u00a0siedliskowych typ\u00f3w lasu, wiele ciekawych ro\u015blin runa oraz okazy drzew o imponuj\u0105cych wymiarach. Drzewostany Nadle\u015bnictwa charakteryzuj\u0105 si\u0119 przewag\u0105 \u015brednich klas wieku (41-80 lat), dobr\u0105 jako\u015b\u0107 techniczn\u0105 drewna oraz wi\u0119kszymi od \u015bredniej krajowej wiekiem, zasobno\u015bci\u0105 i przyrostem masy.<\/strong><\/p>\n<p><strong>W dalszej cz\u0119\u015bci wyk\u0142adu dowiedzieli\u015bmy si\u0119 m.in. o\u00a0 prowadzonym w Nadle\u015bnictwie Programie Ma\u0142ej Retencji, Programie\u00a0 Ochrony Cietrzewi oraz otwarciu las\u00f3w Nadle\u015bnictwa dla spo\u0142ecze\u0144stwa.\u00a0<\/strong><\/p>\n<p><strong>Dzi\u0119kujemy serdecznie Le\u015bnikom za wiedz\u0119, za wyj\u0105tkow\u0105 go\u015bcinno\u015b\u0107, za pyszny pocz\u0119stunek oraz za zaproszenie na nast\u0119pne spotkanie, tym razem oczywi\u015bcie w bardziej sprzyjaj\u0105cej porze\u00a0 &#8211; w lesie.\u00a0<\/strong><\/p>\n<p><strong><a href=\"https:\/\/www.milosnicylasu.olsztyn.pl\/wp-content\/uploads\/2022\/11\/DSCN0060-www.jpg\" data-rel=\"lightbox-image-4\" data-magnific_type=\"image\" data-rl_title=\"\" data-rl_caption=\"\" title=\"\"><img loading=\"lazy\" decoding=\"async\" class=\"size-medium wp-image-7537 alignleft\" src=\"https:\/\/www.milosnicylasu.olsztyn.pl\/wp-content\/uploads\/2022\/11\/DSCN0060-www-300x225.jpg\" alt=\"\" width=\"300\" height=\"225\" srcset=\"https:\/\/www.milosnicylasu.olsztyn.pl\/wp-content\/uploads\/2022\/11\/DSCN0060-www-300x225.jpg 300w, https:\/\/www.milosnicylasu.olsztyn.pl\/wp-content\/uploads\/2022\/11\/DSCN0060-www-768x576.jpg 768w, https:\/\/www.milosnicylasu.olsztyn.pl\/wp-content\/uploads\/2022\/11\/DSCN0060-www.jpg 1024w\" sizes=\"auto, (max-width: 300px) 100vw, 300px\" \/><\/a><\/strong><strong>Podczas pi\u0105tkowego pobytu w Szczytnie odwiedzili\u015bmy Miejski Dom Kultury, a w nim obejrzeli\u015bmy wystaw\u0119 malarstwa Jolanty Betnarowicz. Obrazy jak napisa\u0142a artystka : &#8221; s\u0105 zapisem emocji, jakie towarzyszy\u0142y mi i zosta\u0142y ze mn\u0105 na d\u0142ugo po obejrzeniu bajecznych, nieziemskich krajobraz\u00f3w i umieraj\u0105cego lodowca.&#8221; Cykl sk\u0142adaj\u0105cy\u00a0 si\u0119 z dziesi\u0119ciu obraz\u00f3w powsta\u0142 po pobycie w Islandii.<\/strong><\/p>\n<p><strong>\u00a0W ramach czasu wolnego cz\u0119\u015b\u0107 wycieczkowicz\u00f3w zwiedzi\u0142a zamek krzy\u017cacki oraz wystaw\u0119 czasow\u0105 \u201eNarodziny polskiego big-beatu\u201d.<\/strong><\/p>\n<div class=\"art-text intextAd\">\n<div class=\"p\"><strong>Zamiarem tw\u00f3rc\u00f3w wystawy by\u0142o\u00a0 przybli\u017cenie turystom i mieszka\u0144com miasta nurtu w muzyce rozrywkowej, kt\u00f3ry pojawi\u0142 si\u0119 najpierw na Zachodzie jako rock&amp;roll, a w p\u00f3\u017aniejszym czasie na prze\u0142omie lat 50. i 60. w Polsce jako big-beat. Na wystawie pokazano g\u0142\u00f3wnych wykonawc\u00f3w i tw\u00f3rc\u00f3w tego nurtu, w tym Franciszka Walickiego uznawanego za \u201eojca\u201d polskiej muzyki m\u0142odzie\u017cowej, czy Krzysztofa Klenczona, kt\u00f3ry w tym roku obchodzi\u0142by 80. rocznic\u0119 swoich urodzin. To tutaj muzyk sp\u0119dzi\u0142 m\u0142odzie\u0144cze lata swojego \u017cycia i st\u0105d wyruszy\u0142 w \u015bwiat z gitar\u0105. Podczas naszych wyjazd\u00f3w do Szczytna kilkakrotnie odwiedzali\u015bmy gr\u00f3b Krzysztofa, zapalali\u015bmy znicze. Tym razem by\u0142o troch\u0119 zimno, wi\u0119c po wype\u0142nieniu planu pobytu wracali\u015bmy szybko do Olsztyna.<br \/>\n<\/strong><\/div>\n<div><strong>Wycieczk\u0119 zorganizowa\u0142 Anatol Leszczy\u0144ski a finansami jak zwykle zaj\u0119\u0142a si\u0119 Basia Bruzgo. Dzi\u0119kujemy !<\/strong><\/div>\n<\/div>\n","protected":false},"excerpt":{"rendered":"<p>Ju\u017c pierwsze zdj\u0119cie zdradza jakie miasto by\u0142o celem\u00a0 wyjazdu cz\u0142onk\u00f3w Ko\u0142a Mi\u0142o\u015bnik\u00f3w Lasu i Militari\u00f3w LOK przy ATW w Olsztynie\u00a0 18 listopada 2022 roku. Mazurskie Pofajdoki s\u0105 du\u017c\u0105 atrakcj\u0105 turystyczn\u0105 Szczytna oraz jednym z jego najbardziej charakterystycznych element\u00f3w. W\u015br\u00f3d figurek skrzat\u00f3w znajduje si\u0119: Je\u017adziec, Zielarz, Rabu\u015b, Biznesmen, Obie\u017cy\u015bwiat, Policjant, Ornitolog a nawet Stra\u017cak. Byli\u015bmy w [&hellip;]<\/p>\n","protected":false},"author":2,"featured_media":0,"comment_status":"open","ping_status":"open","sticky":false,"template":"","format":"standard","meta":{"footnotes":""},"categories":[1,9,17,5],"tags":[],"class_list":["post-7530","post","type-post","status-publish","format-standard","hentry","category-bez-kategorii","category-ciekawostki","category-edukacja-w-terenie","category-wycieczki"],"_links":{"self":[{"href":"https:\/\/www.milosnicylasu.olsztyn.pl\/index.php?rest_route=\/wp\/v2\/posts\/7530","targetHints":{"allow":["GET"]}}],"collection":[{"href":"https:\/\/www.milosnicylasu.olsztyn.pl\/index.php?rest_route=\/wp\/v2\/posts"}],"about":[{"href":"https:\/\/www.milosnicylasu.olsztyn.pl\/index.php?rest_route=\/wp\/v2\/types\/post"}],"author":[{"embeddable":true,"href":"https:\/\/www.milosnicylasu.olsztyn.pl\/index.php?rest_route=\/wp\/v2\/users\/2"}],"replies":[{"embeddable":true,"href":"https:\/\/www.milosnicylasu.olsztyn.pl\/index.php?rest_route=%2Fwp%2Fv2%2Fcomments&post=7530"}],"version-history":[{"count":8,"href":"https:\/\/www.milosnicylasu.olsztyn.pl\/index.php?rest_route=\/wp\/v2\/posts\/7530\/revisions"}],"predecessor-version":[{"id":7543,"href":"https:\/\/www.milosnicylasu.olsztyn.pl\/index.php?rest_route=\/wp\/v2\/posts\/7530\/revisions\/7543"}],"wp:attachment":[{"href":"https:\/\/www.milosnicylasu.olsztyn.pl\/index.php?rest_route=%2Fwp%2Fv2%2Fmedia&parent=7530"}],"wp:term":[{"taxonomy":"category","embeddable":true,"href":"https:\/\/www.milosnicylasu.olsztyn.pl\/index.php?rest_route=%2Fwp%2Fv2%2Fcategories&post=7530"},{"taxonomy":"post_tag","embeddable":true,"href":"https:\/\/www.milosnicylasu.olsztyn.pl\/index.php?rest_route=%2Fwp%2Fv2%2Ftags&post=7530"}],"curies":[{"name":"wp","href":"https:\/\/api.w.org\/{rel}","templated":true}]}}