{"id":7544,"date":"2022-11-24T19:06:12","date_gmt":"2022-11-24T18:06:12","guid":{"rendered":"https:\/\/www.milosnicylasu.olsztyn.pl\/?p=7544"},"modified":"2022-11-25T06:39:34","modified_gmt":"2022-11-25T05:39:34","slug":"skad-sie-wziela-tradycja-aniolka-na-czubku-choinki","status":"publish","type":"post","link":"https:\/\/www.milosnicylasu.olsztyn.pl\/?p=7544","title":{"rendered":"Sk\u0105d si\u0119 wzi\u0119\u0142a tradycja anio\u0142ka na czubku choinki&#8230;&#8230;&#8230;&#8230;&#8230;"},"content":{"rendered":"<p><strong><a href=\"https:\/\/www.milosnicylasu.olsztyn.pl\/wp-content\/uploads\/2022\/01\/IMG-20211224-WA0005-www.jpg\" data-rel=\"lightbox-image-0\" data-magnific_type=\"image\" data-rl_title=\"\" data-rl_caption=\"\" title=\"\"><img loading=\"lazy\" decoding=\"async\" class=\"size-medium wp-image-6801 alignleft\" src=\"https:\/\/www.milosnicylasu.olsztyn.pl\/wp-content\/uploads\/2022\/01\/IMG-20211224-WA0005-www-225x300.jpg\" alt=\"\" width=\"225\" height=\"300\" srcset=\"https:\/\/www.milosnicylasu.olsztyn.pl\/wp-content\/uploads\/2022\/01\/IMG-20211224-WA0005-www-225x300.jpg 225w, https:\/\/www.milosnicylasu.olsztyn.pl\/wp-content\/uploads\/2022\/01\/IMG-20211224-WA0005-www.jpg 768w\" sizes=\"auto, (max-width: 225px) 100vw, 225px\" \/><\/a>Koniec listopada&#8230; wkr\u00f3tce Dzie\u0144 \u015awi\u0119tego Miko\u0142aja, a potem ani si\u0119 obejrzymy b\u0119dziemy ubiera\u0107 choink\u0119. Pami\u0119tam dzie\u0144 Wigilii w moim rodzinnym domu. Mama przygotowywa\u0142a przysmaki, a tata umieszcza\u0142 choink\u0119 do stojaka, a\u00a0 p\u00f3\u017aniej na czubku choinki anio\u0142ka. W okresie przed\u015bwi\u0105tecznym anio\u0142ka\u00a0 przygotowywali\u015bmy z mam\u0105 &#8230; By\u0142 ubrany w srebrne ubranko\/pozosta\u0142o\u015bci z vedlowskiej czekolady\/, skrzyde\u0142ka z bia\u0142ej krepiny&#8230;&#8230;.. Jak ju\u017c by\u0142 anio\u0142ek , to wtedy ja z bra\u0107mi wieszali\u015bmy jab\u0142uszka, cukierki, ciasteczka i inne ozdoby., Wiele z nich robili\u015bmy sami, oczywi\u015bcie pod kierunkiem mamy. Nigdy nie zastanawia\u0142am si\u0119 sk\u0105d ten anio\u0142ek, ale poni\u017cej wyja\u015bnienie&#8230;. <a href=\"https:\/\/www.milosnicylasu.olsztyn.pl\/wp-content\/uploads\/2022\/01\/signal-2021-12-24-12-43-35-908-5-www.jpg\" data-rel=\"lightbox-image-1\" data-magnific_type=\"image\" data-rl_title=\"\" data-rl_caption=\"\" title=\"\"><img loading=\"lazy\" decoding=\"async\" class=\"size-medium wp-image-6791 alignright\" src=\"https:\/\/www.milosnicylasu.olsztyn.pl\/wp-content\/uploads\/2022\/01\/signal-2021-12-24-12-43-35-908-5-www-139x300.jpg\" alt=\"\" width=\"139\" height=\"300\" srcset=\"https:\/\/www.milosnicylasu.olsztyn.pl\/wp-content\/uploads\/2022\/01\/signal-2021-12-24-12-43-35-908-5-www-139x300.jpg 139w, https:\/\/www.milosnicylasu.olsztyn.pl\/wp-content\/uploads\/2022\/01\/signal-2021-12-24-12-43-35-908-5-www.jpg 473w\" sizes=\"auto, (max-width: 139px) 100vw, 139px\" \/><\/a><\/strong><\/p>\n<p><strong>Pewnego Bo\u017cego Narodzenia, bardzo dawno temu, \u015awi\u0119ty Miko\u0142aj przygotowywa\u0142 si\u0119 do swojej corocznej podro\u017cy. Jednak wsz\u0119dzie pi\u0119trzy\u0142y si\u0119 problemy&#8230; <\/strong><br \/>\n<strong>Czterech z jego elf\u00f3w zachorowa\u0142o, a zast\u0119pcy nie produkowali zabawek tak szybko jak elfy, wi\u0119c Miko\u0142aj zacz\u0105\u0142 podejrzewa\u0107, ze mo\u017ce nie zd\u0105\u017cy\u0107&#8230; Nast\u0119pnie pani Miko\u0142ajowa o\u015bwiadczy\u0142a mu, ze jej Mama ma zamiar wkr\u00f3tce ich odwiedzi\u0107, co bardzo zdenerwowa\u0142o Miko\u0142aja. Na domiar z\u0142ego, kiedy poszed\u0142 zaprz\u0119ga\u0107 renifery, okaza\u0142o si\u0119, \u017ce trzy z nich s\u0105 w zaawansowanej ci\u0105\u017cy, a dwa inne przeskoczy\u0142y przez p\u0142ot i zwia\u0142y B\u00f3g jeden wie dok\u0105d. Miko\u0142aj zdenerwowa\u0142 si\u0119 jeszcze bardziej &#8230; Kiedy zacz\u0105\u0142 pakowa\u0107 sanie, jedna z p\u0142\u00f3z z\u0142ama\u0142a si\u0119. Worek run\u0105\u0142 na ziemi\u0119, a zabawki rozsypa\u0142y si\u0119 dooko\u0142a. Wkurzony Miko\u0142aj postanowi\u0142 wr\u00f3ci\u0107 do domu na kaw\u0119 i szklaneczk\u0119 whisky. Kiedy jednak otworzy\u0142 barek, okaza\u0142o si\u0119, ze elfy ukry\u0142y ca\u0142y alkohol i nic nie by\u0142o do wypicia&#8230; Roztrz\u0119siony Miko\u0142aj upu\u015bci\u0142 dzbanek do kawy, kt\u00f3ry roztrzaska\u0142 si\u0119 na kawa\u0142eczki na pod\u0142odze w kuchni. Poszed\u0142 wiec po szczotk\u0119, ale okaza\u0142o si\u0119, ze myszy zjad\u0142y w\u0142osie, z kt\u00f3rego by\u0142a zrobiona&#8230; I w\u0142a\u015bnie wtedy zadzwoni\u0142 dzwonek do drzwi&#8230; Miko\u0142aj poszed\u0142 otworzy\u0107. Za drzwiami sta\u0142 ma\u0142y anio\u0142ek z pi\u0119kn\u0105, wielk\u0105 choink\u0105. Anio\u0142ek rado\u015bnie zawo\u0142a\u0142: <\/strong><br \/>\n<strong>&#8211; Weso\u0142ych \u015awi\u0105t, Miko\u0142aju! Czy\u017c nie pi\u0119kny mamy dzi\u015b dzie\u0144?<\/strong><br \/>\n<strong>Przynios\u0142em dla Ciebie choink\u0119. Prawda, \u017ce jest wspania\u0142a? Gdzie chcia\u0142by\u015b, \u017cebym j\u0105 wsadzi\u0142?<\/strong><br \/>\n<strong>&#8230;. <\/strong><br \/>\n<strong>I st\u0105d wzi\u0119\u0142a si\u0119 tradycja anio\u0142ka na czubku choinki&#8230;.<\/strong><\/p>\n<p><strong>Na jednym zdj\u0119ciu nie wida\u0107 anio\u0142ka, po prostu zdj\u0119cie zosta\u0142o \u017ale skadrowane, ale na drugim jest wysoko , ale nie na samym szczycie&#8230;&#8230;&#8230;.W tym roku czekamy na Wasze zdj\u0119cia choinek, mo\u017ce z anio\u0142kami?<br \/>\n<\/strong><\/p>\n","protected":false},"excerpt":{"rendered":"<p>Koniec listopada&#8230; wkr\u00f3tce Dzie\u0144 \u015awi\u0119tego Miko\u0142aja, a potem ani si\u0119 obejrzymy b\u0119dziemy ubiera\u0107 choink\u0119. Pami\u0119tam dzie\u0144 Wigilii w moim rodzinnym domu. Mama przygotowywa\u0142a przysmaki, a tata umieszcza\u0142 choink\u0119 do stojaka, a\u00a0 p\u00f3\u017aniej na czubku choinki anio\u0142ka. W okresie przed\u015bwi\u0105tecznym anio\u0142ka\u00a0 przygotowywali\u015bmy z mam\u0105 &#8230; By\u0142 ubrany w srebrne ubranko\/pozosta\u0142o\u015bci z vedlowskiej czekolady\/, skrzyde\u0142ka z bia\u0142ej [&hellip;]<\/p>\n","protected":false},"author":2,"featured_media":0,"comment_status":"open","ping_status":"open","sticky":false,"template":"","format":"standard","meta":{"footnotes":""},"categories":[9,16],"tags":[],"class_list":["post-7544","post","type-post","status-publish","format-standard","hentry","category-ciekawostki","category-zarty"],"_links":{"self":[{"href":"https:\/\/www.milosnicylasu.olsztyn.pl\/index.php?rest_route=\/wp\/v2\/posts\/7544","targetHints":{"allow":["GET"]}}],"collection":[{"href":"https:\/\/www.milosnicylasu.olsztyn.pl\/index.php?rest_route=\/wp\/v2\/posts"}],"about":[{"href":"https:\/\/www.milosnicylasu.olsztyn.pl\/index.php?rest_route=\/wp\/v2\/types\/post"}],"author":[{"embeddable":true,"href":"https:\/\/www.milosnicylasu.olsztyn.pl\/index.php?rest_route=\/wp\/v2\/users\/2"}],"replies":[{"embeddable":true,"href":"https:\/\/www.milosnicylasu.olsztyn.pl\/index.php?rest_route=%2Fwp%2Fv2%2Fcomments&post=7544"}],"version-history":[{"count":5,"href":"https:\/\/www.milosnicylasu.olsztyn.pl\/index.php?rest_route=\/wp\/v2\/posts\/7544\/revisions"}],"predecessor-version":[{"id":7550,"href":"https:\/\/www.milosnicylasu.olsztyn.pl\/index.php?rest_route=\/wp\/v2\/posts\/7544\/revisions\/7550"}],"wp:attachment":[{"href":"https:\/\/www.milosnicylasu.olsztyn.pl\/index.php?rest_route=%2Fwp%2Fv2%2Fmedia&parent=7544"}],"wp:term":[{"taxonomy":"category","embeddable":true,"href":"https:\/\/www.milosnicylasu.olsztyn.pl\/index.php?rest_route=%2Fwp%2Fv2%2Fcategories&post=7544"},{"taxonomy":"post_tag","embeddable":true,"href":"https:\/\/www.milosnicylasu.olsztyn.pl\/index.php?rest_route=%2Fwp%2Fv2%2Ftags&post=7544"}],"curies":[{"name":"wp","href":"https:\/\/api.w.org\/{rel}","templated":true}]}}